{"id":2596,"date":"2018-09-01T19:36:28","date_gmt":"2018-09-01T17:36:28","guid":{"rendered":"http:\/\/marburg.news\/?p=2596"},"modified":"2018-09-01T19:36:28","modified_gmt":"2018-09-01T17:36:28","slug":"gemeinsam-gegen-rechts-einstimmiges-votum-von-magistrat-und-stadtverordneten","status":"publish","type":"post","link":"http:\/\/marburg.news\/?p=2596","title":{"rendered":"Gemeinsam gegen Rechts: Einstimmiges Votum von Magistrat und Stadtverordneten"},"content":{"rendered":"<p>Magistrat und Stadtparlament haben am Freitag (31. August) geschlossen zum Kampf gegen Rechtsextremismus aufgerufen. Sie unterst\u00fctzen entsprechendes zivilgesellschaftliches Engagement. <!--more--><br \/>\n&#8222;Man kann nicht dulden und wir werden nicht dulden, dass Gruppen hetzend und gewaltt\u00e4tig durch die Stra\u00dfen ziehen&#8220;, machte Oberb\u00fcrgermeister Dr. Thomas Spies unmissverst\u00e4ndlich deutlich. In ihrem am Freitagabend gefassten Beschluss verurteilt Marburgs Stadtverordnetenversammlung (StVV) einstimmig die pogrom\u00e4hnlichen Ausschreitungen in Chemnitz. &#8222;Es ist nicht zu dulden, dass die staatliche Autorit\u00e4t so nachl\u00e4sst, dass &#8211;<br \/>\nwie in Chemnitz &#8211; \u00fcberhaupt das Gewaltmonopol des Staates in Frage gestellt wird&#8220;, stellte Spies klar. &#8222;Wir m\u00fcssen den Folgen umso deutlicher, entschieden und zusammen entgegentreten f\u00fcr unsere Demokratie&#8220;, erkl\u00e4rte Oberb\u00fcrgermeister vor der Stadtverordnetenversammlung.<br \/>\n&#8222;Es ist Aufgabe des Staates, alle Menschen vor Gewalt zu sch\u00fctzen&#8220;, hei\u00dft es in dem Beschluss. &#8222;Zugleich beginnt der Kampf gegen Rechtsextremisten in den Kommunen. Wir sagen deshalb gemeinsam: In Marburg ist kein Platz f\u00fcr rechtsextremes Gedankengut! Die Aufkl\u00e4rung von Menschen, das Abbauen von Vorurteilen und das Gestalten eines friedlichen Zusammenlebens sind gemeinsame Aufgabe von Kommune und B\u00fcrgerinnen und B\u00fcrgern.&#8220;<br \/>\nDie Stadtverordnetenversammlung und der Magistrat begr\u00fc\u00dfen ausdr\u00fccklich das Engagement aller Marburgerinnen und Marburger, die bisher und in Zukunft zivilgesellschaftlich ein Zeichen gegen Rechtsextremismus setzen. Der Magistrat der Stadt Marburg wird gemeinsam mit der Stadtverordnetenversammlung f\u00fcr alle B\u00fcrgerinnen und B\u00fcrger eine Gelegenheit organisieren, das gemeinsam \u00f6ffentlich zu demonstrieren.<br \/>\n&#8222;Wir werden in der Universit\u00e4tsstadt Marburg ein deutliches Zeichen gegen Gewalt und Rassismus setzen&#8220;, versprach Oberb\u00fcrgermeister Spies. Im Marburger Stadtparlament sind SPD, CDU, Linke, Gr\u00fcne, BfM, FDP\/MBL und ein Pirat vertreten.<\/p>\n<p>* pm: Stadt Marburg<\/p>\n","protected":false},"excerpt":{"rendered":"<p>Magistrat und Stadtparlament haben am Freitag (31. August) geschlossen zum Kampf gegen Rechtsextremismus aufgerufen. Sie unterst\u00fctzen entsprechendes zivilgesellschaftliches Engagement.<\/p>\n","protected":false},"author":2,"featured_media":0,"comment_status":"closed","ping_status":"open","sticky":false,"template":"","format":"standard","meta":{"advanced_seo_description":"","spay_email":"","jetpack_publicize_message":"","jetpack_is_tweetstorm":false,"jetpack_publicize_feature_enabled":true},"categories":[2],"tags":[765,1537,1538],"jetpack_featured_media_url":"","jetpack_publicize_connections":[],"jetpack_sharing_enabled":true,"jetpack_shortlink":"https:\/\/wp.me\/p8mhvd-FS","jetpack-related-posts":[{"id":2609,"url":"http:\/\/marburg.news\/?p=2609","url_meta":{"origin":2596,"position":0},"title":"Wirsindmehr: Demonstration am 7. September um 17 Uhr ab EPH","date":"6. September 2018","format":false,"excerpt":"Unter dem Motto \"wirsindmehr - Marburg gegen Rechtsextremismus!\" laden Magistrat und Stadtverordnetenversammlung zu einer Kundgebung ein. Die Demonstration beginnt am Freitag (7. September) um 17 Uhr vor dem Erwin-Piscator-Haus (EPH) Auch die Phillipps-Universit\u00e4t unterst\u00fctzt diese Veranstaltung. \"Das freut uns sehr\", erkl\u00e4rte Oberb\u00fcrgermeister Dr. thomas Spies. \"Wir wollen als ganze Stadt\u2026","rel":"","context":"In &quot;Politik&quot;","img":{"alt_text":"","src":"","width":0,"height":0},"classes":[]},{"id":17982,"url":"http:\/\/marburg.news\/?p=17982","url_meta":{"origin":2596,"position":1},"title":"Mit AfD agieren: Spies bedauert Vermietung vom B\u00fcrgerhaus Cappel","date":"12. Mai 2025","format":false,"excerpt":"Zum angek\u00fcndigten \"B\u00fcrgerdialog\" der AfD- Landtagsfraktion am Freitag (16. Mai) im B\u00fcrgerhaus Cappel hat Oberb\u00fcrgermeister Dr. Thomas Spies am Montag (12. Mai) Stellung genommen. Er kritisiert, dass die Stadt Rechtsextremisten R\u00e4ume zu Verf\u00fcgung stellen muss \"In unserer Stadt ist kein Platz f\u00fcr Rechtsextremismus\", betonte der Oberb\u00fcrgermeister. Das ist meine eindeutige\u2026","rel":"","context":"In &quot;Politik&quot;","img":{"alt_text":"","src":"","width":0,"height":0},"classes":[]},{"id":12160,"url":"http:\/\/marburg.news\/?p=12160","url_meta":{"origin":2596,"position":2},"title":"Gedroht und gehandelt: Stadt sch\u00fctzt Besch\u00e4ftigte vor Gewalt","date":"16. M\u00e4rz 2023","format":false,"excerpt":"Plakate sollen an Selbstverst\u00e4ndliches erinnern. Sie fordern Respekt f\u00fcr Besch\u00e4ftigte der Stadtverwaltung. Die Besch\u00e4ftigten der Stadtverwaltung werden mitunter in unterschiedlichsten Arbeitsbereichen Opfer von psychischer und k\u00f6rperlicher Gewalt. Sie erleben Beleidigungen, Beschimpfungen und sogar t\u00e4tliche Angriffe. Um die Besch\u00e4ftigten noch st\u00e4rker zu sch\u00fctzen, setzt die Stadt Marburg auf Sensibilisierung - und\u2026","rel":"","context":"In &quot;Politik&quot;","img":{"alt_text":"","src":"","width":0,"height":0},"classes":[]},{"id":4298,"url":"http:\/\/marburg.news\/?p=4298","url_meta":{"origin":2596,"position":3},"title":"Solidarit\u00e4t zeigen: #Wirstehenzusammen in Marburg gegen Terror und Gewalt","date":"10. Oktober 2019","format":false,"excerpt":"Eine Demonstration gegen Terror und Gewalt findet am Samstag (12. Oktober) in Marburg statt. Sie beginnt um 13 Uhr bei der Synagoge an der Liebigstra\u00dfe. \"wirstehenzusammen - Marburg gegen Terror und Gewalt! Marburg in Solidarit\u00e4t mit der J\u00fcdischen Gemeinde\"! lautet ihr Motto. Dazu l\u00e4dt der Magistrat der Universit\u00e4tsstadt Marburg f\u00fcr\u2026","rel":"","context":"In &quot;Kultur&quot;","img":{"alt_text":"","src":"","width":0,"height":0},"classes":[]},{"id":15990,"url":"http:\/\/marburg.news\/?p=15990","url_meta":{"origin":2596,"position":4},"title":"Menschenfeind in Marburg: Kundgebung gegen Lesung von Martin Sellner am 29. Juli","date":"17. Juli 2024","format":false,"excerpt":"Martin Sellner plant eine menschenfeindliche Lesung in Marburg. Unter dem Motto \"Keine Propaganda f\u00fcr Remigration\" l\u00e4dt die Stadt zu einer Kundgebung am Montag (29. Juli). Die Stadt Marburg und das Netzwerk f\u00fcr Demokratie und gegen Rechtsextremismus laden zur Kundgebung \"Keine Propaganda f\u00fcr Remigration\" ein. Sie findet statt am Montag (29.\u2026","rel":"","context":"In &quot;Politik&quot;","img":{"alt_text":"","src":"","width":0,"height":0},"classes":[]},{"id":5104,"url":"http:\/\/marburg.news\/?p=5104","url_meta":{"origin":2596,"position":5},"title":"Stoppschild gezeigt: Gr\u00fcne kritisieren Mangel an Demokratie","date":"13. Mai 2020","format":false,"excerpt":"Die Marburger Gr\u00fcnen teilen die Kritik der Besch\u00e4ftigten am Verkauf von Unternehmensanteilen des UKGM an den Klinikkonzern Asklepios. Das teilte der Kreisverband am Mittwoch (13. Mai) mit. \"Die Forderung der Besch\u00e4ftigten und des Betriebsrats, dass mit dem Verkauf die Arbeitsbedingungen und die Mitbestimmungsrechte am Klinikum nicht verschlechtert werden d\u00fcrfen, finden\u2026","rel":"","context":"In &quot;Bildung&quot;","img":{"alt_text":"","src":"","width":0,"height":0},"classes":[]}],"_links":{"self":[{"href":"http:\/\/marburg.news\/index.php?rest_route=\/wp\/v2\/posts\/2596"}],"collection":[{"href":"http:\/\/marburg.news\/index.php?rest_route=\/wp\/v2\/posts"}],"about":[{"href":"http:\/\/marburg.news\/index.php?rest_route=\/wp\/v2\/types\/post"}],"author":[{"embeddable":true,"href":"http:\/\/marburg.news\/index.php?rest_route=\/wp\/v2\/users\/2"}],"replies":[{"embeddable":true,"href":"http:\/\/marburg.news\/index.php?rest_route=%2Fwp%2Fv2%2Fcomments&post=2596"}],"version-history":[{"count":0,"href":"http:\/\/marburg.news\/index.php?rest_route=\/wp\/v2\/posts\/2596\/revisions"}],"wp:attachment":[{"href":"http:\/\/marburg.news\/index.php?rest_route=%2Fwp%2Fv2%2Fmedia&parent=2596"}],"wp:term":[{"taxonomy":"category","embeddable":true,"href":"http:\/\/marburg.news\/index.php?rest_route=%2Fwp%2Fv2%2Fcategories&post=2596"},{"taxonomy":"post_tag","embeddable":true,"href":"http:\/\/marburg.news\/index.php?rest_route=%2Fwp%2Fv2%2Ftags&post=2596"}],"curies":[{"name":"wp","href":"https:\/\/api.w.org\/{rel}","templated":true}]}}