{"id":2502,"date":"2018-08-07T11:31:37","date_gmt":"2018-08-07T09:31:37","guid":{"rendered":"http:\/\/marburg.news\/?p=2502"},"modified":"2018-08-07T11:31:37","modified_gmt":"2018-08-07T09:31:37","slug":"schadensmeldung-andersrum-zeugen-beobachteten-unfallflucht-in-cappel","status":"publish","type":"post","link":"http:\/\/marburg.news\/?p=2502","title":{"rendered":"Schadensmeldung andersrum: Zeugen beobachteten Unfallflucht in Cappel"},"content":{"rendered":"<p>Dank aufmerksamer Zeugen d\u00fcrfte zumindest die Regulierung eines Schadens an einem Passat gew\u00e4hrleistet sein. Die Zeugen hatten die Kollision beim Parkman\u00f6ver beobachtet. <!--more--><br \/>\nNach der anschlie\u00dfenden Unfallflucht hinterlie\u00dfen sie einen Zettel mit dem notierten Kennzeichen des verursachenden Autos. Der Unfall auf dem Aldi-Parkplatz an der Marburger Stra\u00dfe passierte am Samstag (4. August) zwischen 8.30 und 8.45 Uhr. Der verantwortliche Fahrer muss neben dem Strafverfahren mit dem Verlust seines F\u00fchrerscheins rechnen.<\/p>\n<p>* pm: Polizei Marburg<\/p>\n","protected":false},"excerpt":{"rendered":"<p>Dank aufmerksamer Zeugen d\u00fcrfte zumindest die Regulierung eines Schadens an einem Passat gew\u00e4hrleistet sein. Die Zeugen hatten die Kollision beim Parkman\u00f6ver beobachtet.<\/p>\n","protected":false},"author":2,"featured_media":0,"comment_status":"closed","ping_status":"open","sticky":false,"template":"","format":"standard","meta":{"advanced_seo_description":"","spay_email":"","jetpack_publicize_message":"","jetpack_is_tweetstorm":false,"jetpack_publicize_feature_enabled":true},"categories":[6],"tags":[16,34,816],"jetpack_featured_media_url":"","jetpack_publicize_connections":[],"jetpack_sharing_enabled":true,"jetpack_shortlink":"https:\/\/wp.me\/p8mhvd-Em","jetpack-related-posts":[{"id":19100,"url":"http:\/\/marburg.news\/?p=19100","url_meta":{"origin":2502,"position":0},"title":"Keine Kontaktaufnahme: Unfallflucht unweit der Elisabethkirche","date":"25. November 2025","format":false,"excerpt":"Eine Unfallflucht erfolgte am Samstag (22. November) zwischen 8.15 und 10 Uhr auf dem Firmaneiplatz. Nun sucht der Verkehrsunfallermittler der Polizei Marburg Zeugen. Ein bislang unbekannter Autofahrer besch\u00e4digte einen silbergrauen VW T-Roc vermutlich beim Ein- oder Ausparken aus einer Parkl\u00fccke. Die Polizei sch\u00e4tzt die Besch\u00e4digung am Heck des VW auf\u2026","rel":"","context":"In &quot;Sonstiges&quot;","img":{"alt_text":"","src":"","width":0,"height":0},"classes":[]},{"id":2827,"url":"http:\/\/marburg.news\/?p=2827","url_meta":{"origin":2502,"position":1},"title":"Zeugen gesucht: Fu\u00dfg\u00e4nger verletzt und Unfallflucht","date":"19. November 2018","format":false,"excerpt":"Leichte Verletzungen erlitt ein 30-j\u00e4hriger Mann am Freitag (16. November) um 15 Uhr beim \u00dcberqueren einer Fu\u00dfg\u00e4ngerampel. Die Polizei sucht nun Zeugen, die Angaben zur Ampelschaltung an der Kreuzung machen k\u00f6nnen. Ein 49-j\u00e4hriger Mann stand zun\u00e4chst bei Rotlicht mit seinem Audi auf der Linksabbiegespur in der Friedrich-Ebert-Stra\u00dfe. Eigenen Angaben zufolge\u2026","rel":"","context":"In &quot;Sonstiges&quot;","img":{"alt_text":"","src":"","width":0,"height":0},"classes":[]},{"id":18851,"url":"http:\/\/marburg.news\/?p=18851","url_meta":{"origin":2502,"position":2},"title":"Gr\u00fcner Golf: Unfallflucht vor Gesundheitszentrum &#8222;Am Krekel&#8220;","date":"17. Oktober 2025","format":false,"excerpt":"Nach einer Unfallflucht am Dienstag (14. Oktober) sucht die Polizei Zeugen. Bei dem Unfall wurde ein gr\u00fcner VW Golf besch\u00e4digt. Der gr\u00fcne Golf stand zwischen 7.30 und 17.30 Uhr auf dem Parkplatz des Gesundheitszentrums \"Am Krekel\". Ein bislang unbekannter Autofahrer stie\u00df mit seinem Fahrzeug mutma\u00dflich beim Ein- oder Ausparken gegen\u2026","rel":"","context":"In &quot;Sonstiges&quot;","img":{"alt_text":"","src":"","width":0,"height":0},"classes":[]},{"id":18933,"url":"http:\/\/marburg.news\/?p=18933","url_meta":{"origin":2502,"position":3},"title":"Gefahren: Unfallflucht in der Weintrautstra\u00dfe","date":"31. Oktober 2025","format":false,"excerpt":"Nach einer Unfallflucht am Mittwoch (29. Oktober) sucht die Polizei Zeugen. Erfolgt ist sie gegen 16 Uhr in der Weintrautstra\u00dfe im Einm\u00fcndungsbereich zur Sylvester-Jordan-Stra\u00dfe Eine 46-j\u00e4hrige Autofahrerin war mit ihrem Audi A4 auf der Weintrautstra\u00dfe vom Erlenring aus in Richtung Cappeler Stra\u00dfe unterwegs. Ein schwarzer Golf stand in der Sylvester-Jordan-Stra\u00dfe\u2026","rel":"","context":"In &quot;Sonstiges&quot;","img":{"alt_text":"","src":"","width":0,"height":0},"classes":[]},{"id":18573,"url":"http:\/\/marburg.news\/?p=18573","url_meta":{"origin":2502,"position":4},"title":"Weggefahren: Unfallflucht auf dem Parkplatz des Landratsamts","date":"21. August 2025","format":false,"excerpt":"Nach einem Unfall beim Kreishaus gefl\u00fcchtet ist am Dienstag (19. August) ein Cabrio mit auff\u00e4lligen Felgen. Die Polizei sucht Zeugen, die dnen Unfall \"Im Lichtenholz\"beobachtet haben. Eine graue Mercedes-Benz Limousine stand in der Zeit von 9.50 bis 11.10 Uhr auf einem Parkplatz. Ein unbekannter Autofahrer hat den Wagen an der\u2026","rel":"","context":"In &quot;Sonstiges&quot;","img":{"alt_text":"","src":"","width":0,"height":0},"classes":[]},{"id":12439,"url":"http:\/\/marburg.news\/?p=12439","url_meta":{"origin":2502,"position":5},"title":"Zu Unfallflucht: SUV mit Schweizer Kennzeichen gesucht","date":"24. April 2023","format":false,"excerpt":"Nach einer Unfallflucht im Gisonenweg sucht die Polizei Zeugen. M\u00f6glicherweise stammte das verursachende Auto aus der Schweiz. Wer hat am Mittwoch (19. April) zwischen 12.42 und 16.50 Uhr im Gisonenweg ein Fahrman\u00f6ver beziehungsweise einen Unfall beobachtet, bei dem vermutlich ein grauer SUV mit einem Schweizer Autokennzeichen mit einem geparkten grauen\u2026","rel":"","context":"In &quot;Sonstiges&quot;","img":{"alt_text":"","src":"","width":0,"height":0},"classes":[]}],"_links":{"self":[{"href":"http:\/\/marburg.news\/index.php?rest_route=\/wp\/v2\/posts\/2502"}],"collection":[{"href":"http:\/\/marburg.news\/index.php?rest_route=\/wp\/v2\/posts"}],"about":[{"href":"http:\/\/marburg.news\/index.php?rest_route=\/wp\/v2\/types\/post"}],"author":[{"embeddable":true,"href":"http:\/\/marburg.news\/index.php?rest_route=\/wp\/v2\/users\/2"}],"replies":[{"embeddable":true,"href":"http:\/\/marburg.news\/index.php?rest_route=%2Fwp%2Fv2%2Fcomments&post=2502"}],"version-history":[{"count":0,"href":"http:\/\/marburg.news\/index.php?rest_route=\/wp\/v2\/posts\/2502\/revisions"}],"wp:attachment":[{"href":"http:\/\/marburg.news\/index.php?rest_route=%2Fwp%2Fv2%2Fmedia&parent=2502"}],"wp:term":[{"taxonomy":"category","embeddable":true,"href":"http:\/\/marburg.news\/index.php?rest_route=%2Fwp%2Fv2%2Fcategories&post=2502"},{"taxonomy":"post_tag","embeddable":true,"href":"http:\/\/marburg.news\/index.php?rest_route=%2Fwp%2Fv2%2Ftags&post=2502"}],"curies":[{"name":"wp","href":"https:\/\/api.w.org\/{rel}","templated":true}]}}