{"id":20533,"date":"2026-09-05T19:37:03","date_gmt":"2026-09-05T17:37:03","guid":{"rendered":"http:\/\/marburg.news\/?p=20533"},"modified":"2026-09-05T19:37:03","modified_gmt":"2026-09-05T17:37:03","slug":"grossmaeulige-dummheit-merz-ist-der-afd-in-die-falle-getappt","status":"publish","type":"post","link":"http:\/\/marburg.news\/?p=20533","title":{"rendered":"Gro\u00dfm\u00e4ulige Dummheit: Merz ist der AfD in die Falle getappt"},"content":{"rendered":"<p>Friedrich Merz tut alles, um die AfD stark zu machen. Ist das seine Absicht oder nur Dummheit? <!--more--><br \/>\nWer den Krieg in der Ukraine durch Einsparungen am Sozialsystem finanziert, der gie\u00dft damit \u00d6l in die Flammen rechtspopulistischer Hetze. Zugleich treibt er di Spaltung voran, die der russische Diktator Vladimier Putin mit seiner hybriden Kriegsf\u00fchrung gegen Deutschland anstrebt. AfD und BSW agieren dabei in russischem Interesse, indem sie einerseits die Spaltung zwischen Ost und West in Deutschland sowie die Infragestellung deutscher Unterst\u00fctzung f\u00fcr die Ukraine vorantreiben.<br \/>\nEinfache Antworten kann es in einer solchen Situation schwerlich geben. Der AfD und dem BSW sind differenzierte Auseinandersetzungen aber ebenso zuwider wie Solidarit\u00e4t mit Menschen in Not ohne Ansehen ihrer Herkunft, Hautf\u00e4rbung oder Religion. Zuspitzung ist ihre zentrale Taktik, mit der sie vor allem einfachere Gem\u00fcter einsacken will.<br \/>\nWenn selbst Bundeskanzler Friedrich Merz mit Abschiebungen unter Mithilfe von Taliban-Terroristen in diese Falle tappt, muss er sich die Frage gefallen lassen, ob er f\u00fcr seine aktuelle Aufgabe geeignet ist. Die Wahl am Sonntag (6. September) in Sachsen-Anhalt wird zeigen, wie weit die CDU schon heruntergekommen ist. Auch wenn Magdeburg normalerweise wenig Interesse in Marburg findet, d\u00fcrfte das deswegen diesmal doch anders sein.<\/p>\n<p>* <a href=\"http:\/\/marburg.news\/team\/fjh\">Franz-Josef Hanke<\/a><\/p>\n","protected":false},"excerpt":{"rendered":"<p>Friedrich Merz tut alles, um die AfD stark zu machen. Ist das seine Absicht oder nur Dummheit?<\/p>\n","protected":false},"author":2,"featured_media":0,"comment_status":"closed","ping_status":"open","sticky":false,"template":"","format":"standard","meta":{"advanced_seo_description":"","spay_email":"","jetpack_publicize_message":"","jetpack_is_tweetstorm":false,"jetpack_publicize_feature_enabled":true},"categories":[2,4],"tags":[4760,6691,6567],"jetpack_featured_media_url":"","jetpack_publicize_connections":[],"jetpack_sharing_enabled":true,"jetpack_shortlink":"https:\/\/wp.me\/p8mhvd-5lb","jetpack-related-posts":[{"id":17518,"url":"http:\/\/marburg.news\/?p=17518","url_meta":{"origin":20533,"position":0},"title":"Verdammt versch\u00e4rft: Der Wahlkampf als verkrampft heftiger Kampf","date":"16. Februar 2025","format":false,"excerpt":"Eine Woche vor der Bundestagswahl sind die Fronten verh\u00e4rtet. Wie wollen die Parteien nach der Wahl miteinander koalieren, wenn sie im Wahlkampf so heftig aufeinander losgehen? Versch\u00e4rft hat den Ton unbestreitbar die AfD. Mit ihr wollen aber sowieso keine demokratischen Parteien koalieren. Zumindest beteuern sie alle das immer wieder. Unn\u00f6tig\u2026","rel":"","context":"In &quot;Politik&quot;","img":{"alt_text":"","src":"","width":0,"height":0},"classes":[]},{"id":17577,"url":"http:\/\/marburg.news\/?p=17577","url_meta":{"origin":20533,"position":1},"title":"Zum Sch\u00fctzen: Soli-Asyl Marburg bittet um Spenden","date":"25. Februar 2025","format":false,"excerpt":"Einen Spendenaufruf hat \"Soli-Asyl Marburg\" am Dienstag (25. Februar) verbreitet. Damit reagiert die Marburger Gruppe auf das Ergebnis der Bundestagswahl. die Wahlen sind vorbei. Das Ergebnis ist zwar nicht \u00fcberraschend, aber dennoch ersch\u00fctternd: Die H\u00e4lfte der W\u00e4hler*innen in Deutschland haben der CDU\/CSU oder AfD ihre Stimme gegeben und damit f\u00fcr\u2026","rel":"","context":"In &quot;Politik&quot;","img":{"alt_text":"","src":"","width":0,"height":0},"classes":[]},{"id":18858,"url":"http:\/\/marburg.news\/?p=18858","url_meta":{"origin":20533,"position":2},"title":"Aktion f\u00fcr Demokratie: Michael Meinel zum Menschenbild von Friedrich Merz","date":"20. Oktober 2025","format":false,"excerpt":"Die \u00c4u\u00dfterungen des Bundeskanzlers Friedrich Merz zum \"Stadtbild\" hat der Gr\u00fcnen-Kommunalpolitiker Michael Meinel kommentiert. Dabei bezieht er sich auf seine Herkunft aus Frankfurt. \"W\u00e4hlt macht beispielhaft das Stadtbild meiner Geburtsstadt Frankfurt am Main aus, dass es laut Kanzler Merz zu s\u00e4ubern gilt\" fragt Michael Meinel. \" \"Besonders das Bild um\u2026","rel":"","context":"In &quot;Politik&quot;","img":{"alt_text":"","src":"","width":0,"height":0},"classes":[]},{"id":13917,"url":"http:\/\/marburg.news\/?p=13917","url_meta":{"origin":20533,"position":3},"title":"Wahlkampfparolen: L\u00fcgen haben kurze Beine","date":"1. Oktober 2023","format":false,"excerpt":"Der Wahltag r\u00fcckt n\u00e4her. Die Auseinandersetzung wird h\u00e4rter. In Bayern und Hessen stimmen die Wahlberechtigten am Sonntag (8. Oktober) \u00fcber die Zusammensetzung des jeweiligen Landtags ab. Auch mit unlauteren Mitteln versuchen Kandidierende und Parteien sowie deren Vorsitzende, Stimmen noch unschl\u00fcssiger B\u00fcrgerinnen und B\u00fcrger einzuheimsen. Dabei schrecken sie leider auch nicht\u2026","rel":"","context":"In &quot;Politik&quot;","img":{"alt_text":"","src":"","width":0,"height":0},"classes":[]},{"id":17958,"url":"http:\/\/marburg.news\/?p=17958","url_meta":{"origin":20533,"position":4},"title":"Kanzlerkandidatur: Friedrich Merz mit blauem Auge davongekommen","date":"7. Mai 2025","format":false,"excerpt":"Friedrich Merz ist der 10. Bundeskanzler der Bundesrepublik Deutschland. Gew\u00e4hlt wurde er allerdings erst im 2. Wahlgang. Mit 325 Stimmen erreichte Merz im zweiten Anlauf eine ausreichende Mehrheit. Im ersten Wahlgang war er zun\u00e4chst gescheitert mit nur 310 von insgesamt 328 Stimmen aus seiner Koalition. Wer aus den Fraktionen von\u2026","rel":"","context":"In &quot;Politik&quot;","img":{"alt_text":"","src":"","width":0,"height":0},"classes":[]},{"id":19911,"url":"http:\/\/marburg.news\/?p=19911","url_meta":{"origin":20533,"position":5},"title":"Gemeinsch\u00e4dlich: Demonstration gegen Merz am 25. April","date":"21. April 2026","format":false,"excerpt":"Bundeskanzler Friedrich Merz spricht auf einer Veranstaltung der CDA am Samstag (25. April) in Marburg. Gegen seine Politik richtt sich eine Demonstration um 10:00 Uhr am Hauptbahnhof. Das B\u00fcndnis \"Marburg gegen Merz\" will diesen Anlass nutzen, \"um deutlich zu machen, dass wir ihn und seine Politik stark kritisieren: sie ist\u2026","rel":"","context":"In &quot;Politik&quot;","img":{"alt_text":"","src":"","width":0,"height":0},"classes":[]}],"_links":{"self":[{"href":"http:\/\/marburg.news\/index.php?rest_route=\/wp\/v2\/posts\/20533"}],"collection":[{"href":"http:\/\/marburg.news\/index.php?rest_route=\/wp\/v2\/posts"}],"about":[{"href":"http:\/\/marburg.news\/index.php?rest_route=\/wp\/v2\/types\/post"}],"author":[{"embeddable":true,"href":"http:\/\/marburg.news\/index.php?rest_route=\/wp\/v2\/users\/2"}],"replies":[{"embeddable":true,"href":"http:\/\/marburg.news\/index.php?rest_route=%2Fwp%2Fv2%2Fcomments&post=20533"}],"version-history":[{"count":0,"href":"http:\/\/marburg.news\/index.php?rest_route=\/wp\/v2\/posts\/20533\/revisions"}],"wp:attachment":[{"href":"http:\/\/marburg.news\/index.php?rest_route=%2Fwp%2Fv2%2Fmedia&parent=20533"}],"wp:term":[{"taxonomy":"category","embeddable":true,"href":"http:\/\/marburg.news\/index.php?rest_route=%2Fwp%2Fv2%2Fcategories&post=20533"},{"taxonomy":"post_tag","embeddable":true,"href":"http:\/\/marburg.news\/index.php?rest_route=%2Fwp%2Fv2%2Ftags&post=20533"}],"curies":[{"name":"wp","href":"https:\/\/api.w.org\/{rel}","templated":true}]}}