{"id":20531,"date":"2026-09-04T19:45:00","date_gmt":"2026-09-04T17:45:00","guid":{"rendered":"http:\/\/marburg.news\/?p=20531"},"modified":"2026-09-04T19:45:00","modified_gmt":"2026-09-04T17:45:00","slug":"in-biedenkopf-stephan-thome-liest-im-ttz","status":"publish","type":"post","link":"http:\/\/marburg.news\/?p=20531","title":{"rendered":"In Biedenkopf: Stephan Thome liest im TTZ"},"content":{"rendered":"<p>Der Biedenk\u00f6pfer Bestsellerautor Stephan Thome kommt am Dienstag (8. September) ins Technologie- und Tagungszentrum (TTZ). Dort liest er aus seinem neuen Roman &#8222;Besser als nie&#8220;. <!--more--><br \/>\n17 Jahre sind vergangen, seit in der Literatur schon einmal &#8222;Grenzgang&#8220; gefeiert wurde. Das geschah in Stephan Thomes gleichnamigem Romandeb\u00fct. Inzwischen allerdings hat sich das gesellschaftliche Klima grundlegend ver\u00e4ndert. Und so sto\u00dfen die Protagonisten, w\u00e4hrend sie ihr privates Gl\u00fcck verfolgen, auf die gro\u00dfen Streitfragen unserer Zeit. Als das Fest schlie\u00dflich beginnt, hat auch ihr Leben eine ganz neue Richtung eingeschlagen.<br \/>\n&#8222;Besser als nie&#8220; heii\u00dft der neue Roman von Stephan Thome. Die Buchvorstellung mit dem Autor aus Biedenkopf findet am Dienstag (8. September) ab 19 Uhr im TTZ Marburg statt.<\/p>\n<p>* pm: Kulturelle Aktion Marburg &#8222;Stroemungen&#8220; e.V.<\/p>\n","protected":false},"excerpt":{"rendered":"<p>Der Biedenk\u00f6pfer Bestsellerautor Stephan Thome kommt am Dienstag (8. September) ins Technologie- und Tagungszentrum (TTZ). Dort liest er aus seinem neuen Roman &#8222;Besser als nie&#8220;.<\/p>\n","protected":false},"author":2,"featured_media":0,"comment_status":"closed","ping_status":"open","sticky":false,"template":"","format":"standard","meta":{"advanced_seo_description":"","spay_email":"","jetpack_publicize_message":"","jetpack_is_tweetstorm":false,"jetpack_publicize_feature_enabled":true},"categories":[3],"tags":[5496,7558,6384],"jetpack_featured_media_url":"","jetpack_publicize_connections":[],"jetpack_sharing_enabled":true,"jetpack_shortlink":"https:\/\/wp.me\/p8mhvd-5l9","jetpack-related-posts":[{"id":16581,"url":"http:\/\/marburg.news\/?p=16581","url_meta":{"origin":20531,"position":0},"title":"Streitbar am Start: Buchvorstellung mit Stephan Thome \u00fcber den taiwan-Konflikt","date":"11. Oktober 2024","format":false,"excerpt":"Stephan Thome spricht am Mittwoch (16. Oktober) im Technologie- und Tagungszentrum (TTZ). Dort stellt er sein Buch \"Taiwan - Schmales Gew\u00e4sser, gef\u00e4hrliche Str\u00f6mung\" vor. Die Buchvorstellung von \"Taiwan - Schmales Gew\u00e4sser, gef\u00e4hrliche Str\u00f6mung\" findet am Mittwoch (16. Oktober) ab 19Uhr im TTZ statt. Der Autor Stephan Thome lebt auf Taiwan.\u2026","rel":"","context":"In &quot;Kultur&quot;","img":{"alt_text":"","src":"","width":0,"height":0},"classes":[]},{"id":19748,"url":"http:\/\/marburg.news\/?p=19748","url_meta":{"origin":20531,"position":1},"title":"Aktuelle Ank\u00fcndigung: Vier Veranstaltungen in einer Woche","date":"20. M\u00e4rz 2026","format":false,"excerpt":"Eine Woche voller Veranstaltungen hat die Kulturelle Aktion Marburg \"Str\u00f6mungen\" am Freitag (20. M\u00e4rz) angek\u00fcndigt. Am Montag (23. M\u00e4rz) geht es los mit einer Auff\u00fchrung des Films \"Die M\u00f6llner Briefe\" im Rahmen des Demokratie-Kinos im Capitol. Am Dienstag (24. M\u00e4rz) stellt die deutsch-iranische Schriftstellerin Jina Khayyer im TTZ ihren Roman\u2026","rel":"","context":"In &quot;Soziales&quot;","img":{"alt_text":"","src":"","width":0,"height":0},"classes":[]},{"id":17468,"url":"http:\/\/marburg.news\/?p=17468","url_meta":{"origin":20531,"position":2},"title":"F\u00fcr Literaturfreunde: Michael K\u00f6hlmeier liest aus Marburg-Roman","date":"7. Februar 2025","format":false,"excerpt":"Michael K\u00f6hlmeier liest aus seinem Roman \"Die Verdorbenen\". Die Buchvorstellung findet am Dienstag (11. Februar) ab 19.30 Uhr im Technologie- und Tagungszentrum (TTZ) statt. Anfang der Siebziger kommt Johann zum Studieren in die Stadt (Marburg an der Lahn), den Kopf voll wirrer Tr\u00e4ume. Er trifft Christiane und Tommi, die ein\u2026","rel":"","context":"In &quot;Kultur&quot;","img":{"alt_text":"","src":"","width":0,"height":0},"classes":[]},{"id":4899,"url":"http:\/\/marburg.news\/?p=4899","url_meta":{"origin":20531,"position":3},"title":"Unerwartete Trauer: Dr. Thomas Sch\u00e4fer ist tot","date":"29. M\u00e4rz 2020","format":false,"excerpt":"Politiker tragen eine riesige Verantwortung. Der v\u00f6llig unerwartete Freitod des hessischen Finanzministers Dr. Thomas Sch\u00e4fer ist ein Schock f\u00fcr alle. \"Er wirkte wie ein Fels in der Brandung\" schrieb Wolfgang T\u00fcrk vom Hessischen Rundfunk (HR) in seinem Nachruf auf hessenschau.de. Was den Suizid des 54-j\u00e4hrigen Vorsitzenden des CDU-Kreisverbands Marburg-Biedenkopf ausgel\u00f6st\u2026","rel":"","context":"In &quot;Politik&quot;","img":{"alt_text":"","src":"","width":0,"height":0},"classes":[]},{"id":12479,"url":"http:\/\/marburg.news\/?p=12479","url_meta":{"origin":20531,"position":4},"title":"Gesundheitsgespr\u00e4ch im TTZ: \u00dcber Angst, \u00c4rger, Wut und Hass","date":"29. April 2023","format":false,"excerpt":"Das \"11. Marburger Gesundheitsgespr\u00e4ch\" findet am Samstag (13. Mai) im TTZ statt. Im Mittelpunkt stehen dabei Angst, \u00c4rger, Wut und Hass. Unter dem Titel \"Ansteckend? Angst, \u00c4rger, Wut und Hass in Beziehung und Gesellschaft\" findet das 11. Marburger Gesundheitsgespr\u00e4ch (MGG) statt. Die Veranstaltung richtet sich an alle Menschen, die sich\u2026","rel":"","context":"In &quot;Bildung&quot;","img":{"alt_text":"","src":"","width":0,"height":0},"classes":[]},{"id":6758,"url":"http:\/\/marburg.news\/?p=6758","url_meta":{"origin":20531,"position":5},"title":"Kreisweit einheitlich: Feuerwehren erhalten gleichartiges F\u00fchrungsmaterial","date":"24. M\u00e4rz 2021","format":false,"excerpt":"Der Landkreis stattet 500 Feuerwehrfahrzeuge mit F\u00fchrungsmaterial aus. Kreisweit gew\u00e4hrleisten sie einheitliche Standards f\u00fcr Unwettereins\u00e4tze. Auf der Basis der Erfahrungen, die der Kreis bei Extrem- und Unwetterlagen in den vergangenen Jahren sammeln konnte, haben alle Feuerwehren im Landkreis Marburg-Biedenkopf Arbeitshilfen f\u00fcr die Bew\u00e4ltigung solcher Einsatzlagen erhalten. Ziel sind einheitliche Standards,\u2026","rel":"","context":"In &quot;Politik&quot;","img":{"alt_text":"","src":"","width":0,"height":0},"classes":[]}],"_links":{"self":[{"href":"http:\/\/marburg.news\/index.php?rest_route=\/wp\/v2\/posts\/20531"}],"collection":[{"href":"http:\/\/marburg.news\/index.php?rest_route=\/wp\/v2\/posts"}],"about":[{"href":"http:\/\/marburg.news\/index.php?rest_route=\/wp\/v2\/types\/post"}],"author":[{"embeddable":true,"href":"http:\/\/marburg.news\/index.php?rest_route=\/wp\/v2\/users\/2"}],"replies":[{"embeddable":true,"href":"http:\/\/marburg.news\/index.php?rest_route=%2Fwp%2Fv2%2Fcomments&post=20531"}],"version-history":[{"count":0,"href":"http:\/\/marburg.news\/index.php?rest_route=\/wp\/v2\/posts\/20531\/revisions"}],"wp:attachment":[{"href":"http:\/\/marburg.news\/index.php?rest_route=%2Fwp%2Fv2%2Fmedia&parent=20531"}],"wp:term":[{"taxonomy":"category","embeddable":true,"href":"http:\/\/marburg.news\/index.php?rest_route=%2Fwp%2Fv2%2Fcategories&post=20531"},{"taxonomy":"post_tag","embeddable":true,"href":"http:\/\/marburg.news\/index.php?rest_route=%2Fwp%2Fv2%2Ftags&post=20531"}],"curies":[{"name":"wp","href":"https:\/\/api.w.org\/{rel}","templated":true}]}}