{"id":20529,"date":"2026-09-04T19:39:10","date_gmt":"2026-09-04T17:39:10","guid":{"rendered":"http:\/\/marburg.news\/?p=20529"},"modified":"2026-09-04T19:39:10","modified_gmt":"2026-09-04T17:39:10","slug":"im-schloss-kunst-von-gisela-hoischen-wiesner-und-lothar-hoischen","status":"publish","type":"post","link":"http:\/\/marburg.news\/?p=20529","title":{"rendered":"Im Schloss: Kunst von Gisela Hoischen-Wiesner und Lothar Hoischen"},"content":{"rendered":"<p>&#8222;Das Leben verspricht nichts, aber es h\u00e4lt viel.&#8220; Unter diesem Titel gibt es am Donnerstag (17. September) ein Museumsgespr\u00e4ch zur Kunst von Gisela Hoischen-Wiesner und Lothar Hoischen. <!--more--><br \/>\nDas Museum der Philipps-Universit\u00e4t Marburg l\u00e4dt zu einem Museumsgespr\u00e4ch in den Kleinen Rittersaal des Landgrafenschlosses ein. Dort ist unter dem Titel &#8222;Das Leben verspricht nichts, aber es h\u00e4lt viel&#8220; eine Sonderausstellung mit Werken von Gisela Hoischen-Wiesner und Lothar Hoischen zu sehen. Museumsdirektor Dr. Christoph Otterbeck spricht mit interessierten Besucher*innen am Donnerstag (17. September) um 18 Uhr im Kleinen Rittersaal \u00fcber die Ausstellung und das Werk des K\u00fcnstlerpaars. Gisela Hoischen-Wiesner (1942-2024) und Lothar Hoischen (1935-2001) lebten ab den 70er Jahren in Marburg und pr\u00e4gten mit ihrer Leidenschaft f\u00fcr Kunst und Kultur die regionale Szene mit.<br \/>\nLothar Hoischen, der als Professor f\u00fcr Mathematik in Gie\u00dfen wirkte, entwickelte einen sp\u00e4texpressiven Malstil, inspiriert von Vincent van Gogh. Seine Werke &#8211; insbesondere die dynamischen Baumgestalten &#8211; zeugen von gro\u00dfer Ausdruckskraft. Neben der Malerei schuf er Zeichnungen und Grafiken.<br \/>\nGisela Hoischen-Wiesner widmete sich der Seidenmalerei, Collagen, textilen Kreationen und farbenfrohen Hauben. Beide sammelten zudem klassische und moderne Kunst. Darunter waren zahlreiche Marburg-Ansichten unter anderem von Otto Ubbelohde. Diese Werke sind in einer Auswahl neben den eigenen Werken in der kleinen Ausstellung zu sehen.<br \/>\nNach dem fr\u00fchen Tod ihres Mannes blieb Gisela Hoischen-Wiesner k\u00fcnstlerisch und f\u00f6rdernd aktiv. Sie unterst\u00fctzte jahrzehntelang Marburger Einrichtungen &#8211; insbesondere die Philipps-Universit\u00e4t &#8211; und engagierte sich f\u00fcr die Sanierung des Kunstmuseums und des Brunnens im Innenhof des Kunstgeb\u00e4udes. Als Mitglied der Galeriegemeinschaft Haspelstra\u00dfe Eins bereicherte sie ab 2017 das Ausstellungsangebot der Stadt.<br \/>\nMuseumsdirektor Otterbeck l\u00e4dt alle Interessierten ein, die Atmosph\u00e4re des K\u00fcnstlerhauses der Hoischens im Kleinen Rittersaal zu erleben: &#8222;Sie k\u00f6nnen dort die Kunstwerke betrachten, auf alten und modernen M\u00f6beln Platz nehmen, Kunstb\u00fccher durchbl\u00e4ttern, Schach spielen oder Musik h\u00f6ren. Ein G\u00e4stebuch liegt aus, um Erinnerungen an die beiden gro\u00dfen F\u00f6rderer des Marburger Museums festzuhalten.&#8220;<br \/>\nDas Motto der Ausstellung &#8222;Das Leben verspricht nichts, aber es h\u00e4lt viel&#8220; stammt von einem handgeschriebenen Zettel, der in der K\u00fcche der K\u00fcnstlerin hing. Das Landgrafenschloss ist Dienstag bis Sonntag von 10 bis 17 Uhr zu besichtigen. Der Eintritt zur Sonderausstellung kostet drei Euro oder erm\u00e4\u00dfigt zwei Euro. Die Ausstellung l\u00e4uft noch bis Sonntag (20. September).<\/p>\n<p>* pm: Philipps-Universit\u00e4t Marburg<\/p>\n","protected":false},"excerpt":{"rendered":"<p>&#8222;Das Leben verspricht nichts, aber es h\u00e4lt viel.&#8220; Unter diesem Titel gibt es am Donnerstag (17. September) ein Museumsgespr\u00e4ch zur Kunst von Gisela Hoischen-Wiesner und Lothar Hoischen.<\/p>\n","protected":false},"author":2,"featured_media":0,"comment_status":"closed","ping_status":"open","sticky":false,"template":"","format":"standard","meta":{"advanced_seo_description":"","spay_email":"","jetpack_publicize_message":"","jetpack_is_tweetstorm":false,"jetpack_publicize_feature_enabled":true},"categories":[3],"tags":[7716,7717,7718],"jetpack_featured_media_url":"","jetpack_publicize_connections":[],"jetpack_sharing_enabled":true,"jetpack_shortlink":"https:\/\/wp.me\/p8mhvd-5l7","jetpack-related-posts":[{"id":15463,"url":"http:\/\/marburg.news\/?p=15463","url_meta":{"origin":20529,"position":0},"title":"Vorgestellt: Theodor G\u00f6lzh\u00e4user neuer Ortsvorsteher von Bauerbach","date":"22. April 2024","format":false,"excerpt":"Theodor G\u00f6lzh\u00e4user ist neuer Ortsvorsteher von Bauerbach. Er hat die Nachfolge von Lothar B\u00f6ttner angetreten. Im Ortsbeirat von Bauerbach hat es einen Wechsel gegeben: Theodor G\u00f6lzh\u00e4user ist der neue Ortsvorsteher von Bauerbach. Oberb\u00fcrgermeister Dr. Thomas Spies hat ihm im Rathaus die Ernennungsurkunde zum Ehrenbeamten auf Zeit \u00fcberreicht. G\u00f6lzh\u00e4user folgt auf\u2026","rel":"","context":"In &quot;Sonstiges&quot;","img":{"alt_text":"","src":"","width":0,"height":0},"classes":[]},{"id":4123,"url":"http:\/\/marburg.news\/?p=4123","url_meta":{"origin":20529,"position":1},"title":"10.000facher Reichtum: Menschen aus mehr als 130 L\u00e4ndern leben in Marburg","date":"24. August 2019","format":false,"excerpt":"Menschen aus mehr als 130 L\u00e4ndern bereichern das Leben in Marburg. Oberb\u00fcrgermeister Dr. Thomas Spies hat nun den 10.000. Einwohner mit einem anderen als einem deutschen Pass begr\u00fc\u00dft. Ebenso wie er bringen mehr als 10.000 Menschen aus anderen L\u00e4ndern ihre vielf\u00e4ltigen Lebenserfahrungen, ihr Wissen und sich selbst in das Zusammenleben\u2026","rel":"","context":"In &quot;Bildung&quot;","img":{"alt_text":"","src":"","width":0,"height":0},"classes":[]},{"id":15689,"url":"http:\/\/marburg.news\/?p=15689","url_meta":{"origin":20529,"position":2},"title":"Erneuerung Mitmachen: Biografie \u00fcber Hanna Korfl\u00fcr vorgestellt","date":"31. Mai 2024","format":false,"excerpt":"Einblicke in das Wirken einer mutigen K\u00fcnstlerin gibt es ab sofort im Buchhandel. Die Biografie \u00fcber Hanna Korfl\u00fcr wurde am Freitag (3. Mai) im Rathaus vorgestellt. Das Leben und Wirken der au\u00dfergew\u00f6hnlichen K\u00fcnstlerin Hanna Korfl\u00fcr \"bl\u00e4tterte\" sich am Freitag (3. Mai) im prall gef\u00fcllten Historischen Saal des Rathauses ganz neu\u2026","rel":"","context":"In &quot;Kultur&quot;","img":{"alt_text":"","src":"","width":0,"height":0},"classes":[]},{"id":18896,"url":"http:\/\/marburg.news\/?p=18896","url_meta":{"origin":20529,"position":3},"title":"Gegen Gew\u00f6hnung: Zum 100. Geburtstag von Hanna Korfl\u00fcr","date":"24. Oktober 2025","format":false,"excerpt":"Hanna Korfl\u00fcr war eine bedeutende Marburger K\u00fcnstlerin. Zu ihrem 100. Geburtstag pr\u00e4sentieren das Universit\u00e4tsmuseum eine Sonderausstellung und die Statt ein Werkverzeichnis. Mit der Sonderausstellung \"Hanna Korfl\u00fcr (1925-1993) - Leben. Zeit. Raum.\" und einem Werkverzeichnis bieten das Kunstmuseum der Philipps-Universit\u00e4t und die Universit\u00e4tsstadt Marburg einen Blick auf das beeindruckende Schaffen der\u2026","rel":"","context":"In &quot;Kultur&quot;","img":{"alt_text":"","src":"","width":0,"height":0},"classes":[]},{"id":18990,"url":"http:\/\/marburg.news\/?p=18990","url_meta":{"origin":20529,"position":4},"title":"Vorgelebt: Lesung \u00fcber Theater Ramba Zamba","date":"7. November 2025","format":false,"excerpt":"Eine au\u00dfergew\u00f6hnliche Lesung des Hessischen Landestheaters Marburg (HLTM) findet am Dienstag(18. November) um 19.30 Uhr im \"Kleinen TaSch\" statt. Unter dem Titel \"Dann mit Ramba Zamba\" erz\u00e4hlt sie die Geschichte eines besonderen Theaters. Authentisch dargeboten wird sie von seiner Gr\u00fcnderin und langj\u00e4hrigen Intendantin Gisela H\u00f6hne. In Berlin gibt es seit\u2026","rel":"","context":"In &quot;Kultur&quot;","img":{"alt_text":"","src":"","width":0,"height":0},"classes":[]},{"id":15452,"url":"http:\/\/marburg.news\/?p=15452","url_meta":{"origin":20529,"position":5},"title":"Den Triumpf feiern: K\u00fcnstlerische Rauminstallation im Schloss","date":"20. April 2024","format":false,"excerpt":"Eine Ausstellung von Martin Schmidl wird ab Freitag (26. April) im Landgrafenschloss gezeigt. Sie pr\u00e4sentiert eine K\u00fcnstlerische Rauminstallation. \"Trionfo\" - auf Deutsch \"Triumph\" - lautet der Titel einer Ausstellung mit Werken von Martin Schmidl, die von 26. April bis 28. Juli im Landgrafenschloss zu sehen ist. Die Rauminstallation ordnet eine\u2026","rel":"","context":"In &quot;Kultur&quot;","img":{"alt_text":"","src":"","width":0,"height":0},"classes":[]}],"_links":{"self":[{"href":"http:\/\/marburg.news\/index.php?rest_route=\/wp\/v2\/posts\/20529"}],"collection":[{"href":"http:\/\/marburg.news\/index.php?rest_route=\/wp\/v2\/posts"}],"about":[{"href":"http:\/\/marburg.news\/index.php?rest_route=\/wp\/v2\/types\/post"}],"author":[{"embeddable":true,"href":"http:\/\/marburg.news\/index.php?rest_route=\/wp\/v2\/users\/2"}],"replies":[{"embeddable":true,"href":"http:\/\/marburg.news\/index.php?rest_route=%2Fwp%2Fv2%2Fcomments&post=20529"}],"version-history":[{"count":0,"href":"http:\/\/marburg.news\/index.php?rest_route=\/wp\/v2\/posts\/20529\/revisions"}],"wp:attachment":[{"href":"http:\/\/marburg.news\/index.php?rest_route=%2Fwp%2Fv2%2Fmedia&parent=20529"}],"wp:term":[{"taxonomy":"category","embeddable":true,"href":"http:\/\/marburg.news\/index.php?rest_route=%2Fwp%2Fv2%2Fcategories&post=20529"},{"taxonomy":"post_tag","embeddable":true,"href":"http:\/\/marburg.news\/index.php?rest_route=%2Fwp%2Fv2%2Ftags&post=20529"}],"curies":[{"name":"wp","href":"https:\/\/api.w.org\/{rel}","templated":true}]}}