{"id":20527,"date":"2026-09-04T15:20:00","date_gmt":"2026-09-04T13:20:00","guid":{"rendered":"http:\/\/marburg.news\/?p=20527"},"modified":"2026-09-04T15:20:00","modified_gmt":"2026-09-04T13:20:00","slug":"in-cappel-filialleiter-verhinderte-ladendiebstahl","status":"publish","type":"post","link":"http:\/\/marburg.news\/?p=20527","title":{"rendered":"In Cappel: Filialleiter verhinderte Ladendiebstahl"},"content":{"rendered":"<p>Ein diebisches Duo hat die Polizei am Mittwoch (2. September) in Cappel festgenommen. Ihre Beute lie\u00dfen sie auf der Flucht zur\u00fcck. <!--more--><br \/>\nZwei Ladendiebe versuchten am Mittwoch (2. September) gegen 14.30 Uhr, gr\u00f6\u00dfere Mengen Kaffee aus einem Discountmarkt an der Marburger Stra\u00dfe zu stehlen. W\u00e4hrend der 27-j\u00e4hrige Dieb im Gesch\u00e4ft mehrere P\u00e4ckchen Kaffee in den Einkaufswagen lud, wartete seine 48-j\u00e4hrige Komplizin vor der Eingangst\u00fcr. Ihre Aufgabe war offenbar, den Bewegungssensor der automatischen Schiebet\u00fcr auszul\u00f6sen, um die T\u00fcr zu \u00f6ffnen und dem 27-j\u00e4hrigen Komplizen die Flucht mit dem Einkaufswagen zu erm\u00f6glichen.<br \/>\nUm Absprachen zu treffen, hielten die beiden \u00fcber ihre Handys Kontakt. Als der Mann mit seinem vollen Einkaufswagen in Richtung Eingangst\u00fcr steuerte, erkannte der Filialleiter das Vorhaben und sprach ihn an, woraufhin der ertappte Dieb ohne Beute aus dem Gesch\u00e4ft rannte und gemeinsam mit der 48-j\u00e4hrigen Frau die Flucht ergriff. Der Filialleiter alarmierte die Polizei und liefen dem Duo hinerher.<br \/>\nEine sofort hinzugezogene Funkstreife der Marburger Polizei nahm die Ladendiebe kurz darauf im Bereich einer Bushaltestelle fest. Beide mussten mit zur Wache. Nach Abschluss der polizeilichen Ma\u00dfnahmen wurden die Frau und der Mann mangels vorliegender Haftgr\u00fcnde aus dem Polizeigewahrsam entlassen. Auf sie kommt nun ein Strafverfahren zu. Nach derzeitigem Ermittlungsstand hatte das Diebesgut einen Wert von rund 500 Euro.<\/p>\n<p>* pm: Polizei Marburg<\/p>\n","protected":false},"excerpt":{"rendered":"<p>Ein diebisches Duo hat die Polizei am Mittwoch (2. September) in Cappel festgenommen. Ihre Beute lie\u00dfen sie auf der Flucht zur\u00fcck.<\/p>\n","protected":false},"author":2,"featured_media":0,"comment_status":"closed","ping_status":"open","sticky":false,"template":"","format":"standard","meta":{"advanced_seo_description":"","spay_email":"","jetpack_publicize_message":"","jetpack_is_tweetstorm":false,"jetpack_publicize_feature_enabled":true},"categories":[6],"tags":[29,7715,16],"jetpack_featured_media_url":"","jetpack_publicize_connections":[],"jetpack_sharing_enabled":true,"jetpack_shortlink":"https:\/\/wp.me\/p8mhvd-5l5","jetpack-related-posts":[{"id":5366,"url":"http:\/\/marburg.news\/?p=5366","url_meta":{"origin":20527,"position":0},"title":"Weiter geklaut: Erneuter Diebstahl in Supermarkt","date":"6. Juli 2020","format":false,"excerpt":"Mehrmals innerhalb kurzer Zeit wurden der Polizei gleichartige Taschen- und Trickdiebst\u00e4hle gemeldet. Der T\u00e4ter nutzte jeweils die Gunst der Stunde und griff zu. In allen F\u00e4llen hatten die Opfer beim Einkaufen ihre Tasche samt Geldb\u00f6rse an den Einkaufswagen geh\u00e4ngt oder in den Korb gelegt. Polizeisprecher Martin Ahlich warnt davor, Handtasche\u2026","rel":"","context":"In &quot;Sonstiges&quot;","img":{"alt_text":"","src":"","width":0,"height":0},"classes":[]},{"id":1267,"url":"http:\/\/marburg.news\/?p=1267","url_meta":{"origin":20527,"position":1},"title":"Gaben der Gier: Nach Sicherstellungen sucht die Polizei die Besitzer","date":"30. Oktober 2017","format":false,"excerpt":"Kurz nach einem gescheiterten Ladendiebstahl am Samstag (28. Oktober) stoppte die Polizei einen Wagen bei Gisselberg. Dabei stellten die Beamten Kaffee und S\u00fc\u00dfigkeiten im Wert von etwa 1.000 Euro sicher. Diese Waren konnte die Polizei bisher noch keinem Besitzer zuordnen. Deshalb sucht sie nun den rechtm\u00e4\u00dfigen Eigent\u00fcmer. Ein Mitarbeiter eines\u2026","rel":"","context":"In &quot;Sonstiges&quot;","img":{"alt_text":"","src":"","width":0,"height":0},"classes":[]},{"id":1277,"url":"http:\/\/marburg.news\/?p=1277","url_meta":{"origin":20527,"position":2},"title":"Mein oder nicht mein: Ladendiebstahl und Einbruch","date":"2. November 2017","format":false,"excerpt":"Nach der Festnahme mutma\u00dflicher Ladendiebe und der Sicherstellung von Waren im Wert von etwa 1.000 Euro sucht die Polizei Zeugen. Der mutma\u00dfliche Diebstahl erfolgte am Samstag (28. Oktober) in Cappel. Die T\u00e4ter fl\u00fcchteten und entkamen in einem blauen VW Sharan. Die Polizei stoppte das Fahrzeug und stellte die vermutlich gestohlenen\u2026","rel":"","context":"In &quot;Sonstiges&quot;","img":{"alt_text":"","src":"","width":0,"height":0},"classes":[]},{"id":11725,"url":"http:\/\/marburg.news\/?p=11725","url_meta":{"origin":20527,"position":3},"title":"Geldb\u00f6rse gesichert: Polizei warnt vor Trickdiebstahl","date":"20. Januar 2023","format":false,"excerpt":"Trickdiebe sind im Landkreis vermehrt unterwegs. Davor hat die Polizei am Freitag (20. Januar) gewarnt. In den vergangenen Wochen h\u00e4uften sich die Meldungen von zumeist \u00e4lteren Personen, die in Superm\u00e4rkten Opfer von Trick- und Taschendieben wurden. Bislang liegen der Kriminalpolizei F\u00e4lle aus Niederweimar, Marburg, Gladenbach, Stadtallendorf und Kirchhain vor. Alle\u2026","rel":"","context":"In &quot;Sonstiges&quot;","img":{"alt_text":"","src":"","width":0,"height":0},"classes":[]},{"id":7175,"url":"http:\/\/marburg.news\/?p=7175","url_meta":{"origin":20527,"position":4},"title":"Zur\u00fcck in Cappel: Zweimal meldeten Zeugen eine Unfallflucht","date":"8. Juni 2021","format":false,"excerpt":"Dank aufmerksamer Zeugen bleiben zwei Autobesitzer nicht auf ihrem Schaden sitzen. Zwei andere Autofahrer m\u00fcssen sich demn\u00e4chst wegen Unfallflucht verantworten. Da war am Montag (7. Juni) zwischen 12.15 und 12.20 Uhr zun\u00e4chst der Vorfall auf dem Parkplatz des tegut-Markts an der Marburger Stra\u00dfe. Dort machte sich der Einkaufswagen einer Kundin\u2026","rel":"","context":"In &quot;Sonstiges&quot;","img":{"alt_text":"","src":"","width":0,"height":0},"classes":[]},{"id":7615,"url":"http:\/\/marburg.news\/?p=7615","url_meta":{"origin":20527,"position":5},"title":"Rabiate R\u00e4uber: Mehrere T\u00e4ter und mehrere Diebst\u00e4hle","date":"19. August 2021","format":false,"excerpt":"Nach einem Raub und einer K\u00f6rperverletzung in der Nacht zum Donnerstag (19. August) nahm die Polizei zwei von drei mutma\u00dflichen T\u00e4tern vor\u00fcbergehend fest. Dabei handelt es sich um einen 28 Jahre alten Mann und einen 16-j\u00e4hrigen Jugendlichen. Nach bisherigem Wissen der Polizei kam es zwischen diesen dreien und einem 22\u2026","rel":"","context":"In &quot;Sonstiges&quot;","img":{"alt_text":"","src":"","width":0,"height":0},"classes":[]}],"_links":{"self":[{"href":"http:\/\/marburg.news\/index.php?rest_route=\/wp\/v2\/posts\/20527"}],"collection":[{"href":"http:\/\/marburg.news\/index.php?rest_route=\/wp\/v2\/posts"}],"about":[{"href":"http:\/\/marburg.news\/index.php?rest_route=\/wp\/v2\/types\/post"}],"author":[{"embeddable":true,"href":"http:\/\/marburg.news\/index.php?rest_route=\/wp\/v2\/users\/2"}],"replies":[{"embeddable":true,"href":"http:\/\/marburg.news\/index.php?rest_route=%2Fwp%2Fv2%2Fcomments&post=20527"}],"version-history":[{"count":0,"href":"http:\/\/marburg.news\/index.php?rest_route=\/wp\/v2\/posts\/20527\/revisions"}],"wp:attachment":[{"href":"http:\/\/marburg.news\/index.php?rest_route=%2Fwp%2Fv2%2Fmedia&parent=20527"}],"wp:term":[{"taxonomy":"category","embeddable":true,"href":"http:\/\/marburg.news\/index.php?rest_route=%2Fwp%2Fv2%2Fcategories&post=20527"},{"taxonomy":"post_tag","embeddable":true,"href":"http:\/\/marburg.news\/index.php?rest_route=%2Fwp%2Fv2%2Ftags&post=20527"}],"curies":[{"name":"wp","href":"https:\/\/api.w.org\/{rel}","templated":true}]}}