{"id":20526,"date":"2026-09-04T15:15:00","date_gmt":"2026-09-04T13:15:00","guid":{"rendered":"http:\/\/marburg.news\/?p=20526"},"modified":"2026-09-04T15:15:00","modified_gmt":"2026-09-04T13:15:00","slug":"im-stadion-stadt-informiert-ueber-bewegungsangebote","status":"publish","type":"post","link":"http:\/\/marburg.news\/?p=20526","title":{"rendered":"Im Stadion: Stadt informiert \u00fcber Bewegungsangebote"},"content":{"rendered":"<p>Bewegungsangebote entdecken und Sport-Coaches kennenlernen k\u00f6nnen Interessierte am Samstag (12. September). Dazu l\u00e4dt die Stadt Marburg gemeinsam mit dem Afrikanischen Studierendenverein ein <!--more--><br \/>\nUnter dem Motto &#8222;Gemeinsam aktiv!&#8220; k\u00f6nnen Besucherinnen und Besucher am Samstag (12. September) verschiedene Bewegungsangebote, Sportvereine und Begegnungsm\u00f6glichkeiten kennenlernen. Die Stadt Marburg l\u00e4dt zu einer Informationsveranstaltung rund um die Themen Gesundheit, Bewegung und Teilhabe von 11 bis 13 Uhr im Georg-Ga\u00dfmann-Stadion ein. Verschiedene Projekte und Vereine stellen ihre Angebote vor. Au\u00dferdem pr\u00e4sentieren sich die Marburger Sport-Coaches des Programms &#8222;Sport integriert Hessen&#8220;.<br \/>\nDie ehrenamtlich engagierten Sport-Coaches unterst\u00fctzen Zugewanderte dabei, ein passendes Sportangebot zu finden. Sie informieren \u00fcber M\u00f6glichkeiten zur Teilnahme und helfen dabei, bestehende Zugangsbarrieren zu \u00fcberwinden. Ihr Ziel ist, die Angebote bekannter zu machen und Menschen mit unterschiedlichen Hintergr\u00fcnden f\u00fcr Bewegung und Sport zu gewinnen.<br \/>\nDirekt nebenan k\u00f6nnen Besucher*innen zudem die internationalen Fu\u00dfball- und Volleyballturniere verfolgen. Die Mannschaften freuen sich \u00fcber Publikum und Anfeuerung. Der Afrikanische Studierendenverein organisiert auch dieses Jahr die &#8222;Marburger Tage der Integration durch Sport&#8220; (MATIS). Dazu begr\u00fc\u00dft B\u00fcrgermeisterin Nadine Bernshausen die Anwesendenum 11 Uhr.<br \/>\nDie Veranstaltung richtet sich insbesondere an Menschen mit Migrationsgeschichte in Marburg, sozial benachteiligte Menschen sowie Multiplikator*innen. Sie findet statt im Rahmen des neuen Marburger Integrationskonzepts und wird veranstaltet vom WIR-Vielfaltszentrum, zusammen mit dem Fachdienst Sport, Bewegung und Gesunde Stadt und in Kooperation mit dem Afrikanischen Studierendenverein. Die Veranstaltung ist kostenfrei.<\/p>\n<p>* pm: Stadt Marburg<\/p>\n","protected":false},"excerpt":{"rendered":"<p>Bewegungsangebote entdecken und Sport-Coaches kennenlernen k\u00f6nnen Interessierte am Samstag (12. September). Dazu l\u00e4dt die Stadt Marburg gemeinsam mit dem Afrikanischen Studierendenverein ein<\/p>\n","protected":false},"author":2,"featured_media":0,"comment_status":"closed","ping_status":"open","sticky":false,"template":"","format":"standard","meta":{"advanced_seo_description":"","spay_email":"","jetpack_publicize_message":"","jetpack_is_tweetstorm":false,"jetpack_publicize_feature_enabled":true},"categories":[7],"tags":[7714,1967,512],"jetpack_featured_media_url":"","jetpack_publicize_connections":[],"jetpack_sharing_enabled":true,"jetpack_shortlink":"https:\/\/wp.me\/p8mhvd-5l4","jetpack-related-posts":[{"id":18710,"url":"http:\/\/marburg.news\/?p=18710","url_meta":{"origin":20526,"position":0},"title":"Gemeinsam: 10 Jahre MATIS f\u00fcr Vielfalt","date":"18. September 2025","format":false,"excerpt":"\"Gemeinsam gegen Rassismus und f\u00fcr Vielfalt\" ist das Motto der Sport- und Kulturveranstaltung \"MATIS\" am Samstag (20. September). Oberb\u00fcrgermeister Dr. Thomas Spies hat die Schirmherrschaft dar\u00fcber \u00fcbernommen. Unter dem Motto \"10 Jahre MATIS, 10 Jahre Sport gegen Rassismus und f\u00fcr Vielfalt\" findet am Samstag (20. September) die Sport-Veranstaltung \"Marburger Tag\u2026","rel":"","context":"In &quot;Soziales&quot;","img":{"alt_text":"","src":"","width":0,"height":0},"classes":[]},{"id":17711,"url":"http:\/\/marburg.news\/?p=17711","url_meta":{"origin":20526,"position":1},"title":"Zum Mitmachen: Offene Bewegungsangebote starten im April","date":"24. M\u00e4rz 2025","format":false,"excerpt":"Das Sommer-Programm der \"offenen Bewegungsangebote\" startet mit einem Aktionstag am Montag (7. April). Das Programm reicht dabei von Pilates bis Zumba zum mitmachen und ausprobieren. Kostenlos, unverbindlich und f\u00fcr alle bietet die Stadt Marburg mit den \"Offenen Bewegungsangeboten\" ein abwechslungsreiches Programm. Von Herz-Kreislauf-Training \u00fcber gesundes Laufen bis hin zu Zumba\u2026","rel":"","context":"In &quot;Sport&quot;","img":{"alt_text":"","src":"","width":0,"height":0},"classes":[]},{"id":14391,"url":"http:\/\/marburg.news\/?p=14391","url_meta":{"origin":20526,"position":2},"title":"KOMBINE: Angebot zur Bewegungsf\u00f6rderung in Stadtteilen","date":"18. November 2023","format":false,"excerpt":"Das KOMBINE-Programm f\u00fcr den Winter hat die Stadt am Freitag (17. November) vorgestellt. Yoga, Fitnesstraining und Spiele: Neue Bewegungsangebote heizen ein. Mit Sport durch den Winter geht es bei den offenen Bewegungsangeboten und Aktionstagen der Sportstadt Marburg. Denn auch wenn die Temperaturen sinken, bringt die Stadt mit dem KOMBINE-Bus Bewegung\u2026","rel":"","context":"In &quot;Soziales&quot;","img":{"alt_text":"","src":"","width":0,"height":0},"classes":[]},{"id":10821,"url":"http:\/\/marburg.news\/?p=10821","url_meta":{"origin":20526,"position":3},"title":"Am 13. Oktober: Bewegungspartnerschaften f\u00fcr Alte im GGS","date":"7. Oktober 2022","format":false,"excerpt":"Die Stadt informiert \u00fcber Bewegungspatenschaften f\u00fcr alte Leute. Das geschieht am Donnerstag (13. Oktober) im Georg-Ga\u00dfmann-Stadion. F\u00fcr ihr Projekt \"Gemeinsam geht alles besser\" l\u00e4dt die Stadt Marburg f\u00fcr Donnerstag (13. Oktober) ab 16 Uhr zu einem \"Tag der offenen T\u00fcr\" ins Georg-Ga\u00dfmann-Stadion (GGS) an der Leopold-Lucas-Stra\u00dfe ein. Ob Spaziergang, Gleichgewichts-\u2026","rel":"","context":"In &quot;Gute Nachricht&quot;","img":{"alt_text":"","src":"","width":0,"height":0},"classes":[]},{"id":19787,"url":"http:\/\/marburg.news\/?p=19787","url_meta":{"origin":20526,"position":4},"title":"Anlass f\u00fcr Bewegung: Offene Angebote starten am Weltgesundheitstag","date":"27. M\u00e4rz 2026","format":false,"excerpt":"Zum Weltgesundheitstag am 7. April startet die Stadt Marburg mit Bewegung in das Sommerhalbjahr. Das hat sie am Freitag (27. M\u00e4rz) angek\u00fcndigt. Nach dem Erfolg im vorangegangenen Jahr l\u00e4dt die Stadt Marburg erneut ein zur gemeinsamen \"Bewegung am Weltgesundheitstag\". Am Dienstag (7. April)haben Teilnehmende die M\u00f6glichkeit, verschiedene Sportarten der offenen\u2026","rel":"","context":"In &quot;Sport&quot;","img":{"alt_text":"","src":"","width":0,"height":0},"classes":[]},{"id":8749,"url":"http:\/\/marburg.news\/?p=8749","url_meta":{"origin":20526,"position":5},"title":"Sportliche Entwicklungshilfe: KOMBINE-Bewegungsbus startet in die Stadtteile","date":"9. Februar 2022","format":false,"excerpt":"Der KOMBINE-Bewegungsbus f\u00e4hrt wieder durch Marburg. Das hat die Stadt am Mittwoch (9. Februar) angek\u00fcndigt. Die Aktionstage des Modellprojekts \"KOMBINE\" starten nach der Winterpause wieder. Ab Samstag (12. Februar) ist der KOMBINE-Bewegungsbus wieder durch Marburg unterwegs und macht in den Stadtteilen Richtsberg, Waldtal und Stadtwald Halt. Mit vielen Sport- und\u2026","rel":"","context":"In &quot;Sport&quot;","img":{"alt_text":"","src":"","width":0,"height":0},"classes":[]}],"_links":{"self":[{"href":"http:\/\/marburg.news\/index.php?rest_route=\/wp\/v2\/posts\/20526"}],"collection":[{"href":"http:\/\/marburg.news\/index.php?rest_route=\/wp\/v2\/posts"}],"about":[{"href":"http:\/\/marburg.news\/index.php?rest_route=\/wp\/v2\/types\/post"}],"author":[{"embeddable":true,"href":"http:\/\/marburg.news\/index.php?rest_route=\/wp\/v2\/users\/2"}],"replies":[{"embeddable":true,"href":"http:\/\/marburg.news\/index.php?rest_route=%2Fwp%2Fv2%2Fcomments&post=20526"}],"version-history":[{"count":0,"href":"http:\/\/marburg.news\/index.php?rest_route=\/wp\/v2\/posts\/20526\/revisions"}],"wp:attachment":[{"href":"http:\/\/marburg.news\/index.php?rest_route=%2Fwp%2Fv2%2Fmedia&parent=20526"}],"wp:term":[{"taxonomy":"category","embeddable":true,"href":"http:\/\/marburg.news\/index.php?rest_route=%2Fwp%2Fv2%2Fcategories&post=20526"},{"taxonomy":"post_tag","embeddable":true,"href":"http:\/\/marburg.news\/index.php?rest_route=%2Fwp%2Fv2%2Ftags&post=20526"}],"curies":[{"name":"wp","href":"https:\/\/api.w.org\/{rel}","templated":true}]}}