{"id":20524,"date":"2026-09-04T12:10:00","date_gmt":"2026-09-04T10:10:00","guid":{"rendered":"http:\/\/marburg.news\/?p=20524"},"modified":"2026-09-04T12:10:00","modified_gmt":"2026-09-04T10:10:00","slug":"in-wehrda-unter-dem-gedankenspiel-wird-voll-gesperrt","status":"publish","type":"post","link":"http:\/\/marburg.news\/?p=20524","title":{"rendered":"In Wehrda: Unter dem Gedankenspiel wird voll gesperrt"},"content":{"rendered":"<p>Wegen Keiner ranstellung wird die Stra\u00dfe &#8222;Unter dem Gedankenspiel&#8220; ab Montag (7. September) gesperrt. Das hat die Stadt Marburg am Freitag (4. September) angek\u00fcndigt. <!--more--><br \/>\nAuf H\u00f6he der Hausnummer 7 wird die Stra\u00dfe &#8222;Unter dem Gedankenspiel&#8220; im Stadtteil Wehrda von Montag (7. September) bis Freitag (11. September) voll gesperrt. Der Grund f\u00fcr die Sperrung ist eine Kranstellung. Die Umleitung erfolgt \u00fcber die Stra\u00dfen &#8222;Im Paradies&#8220; und &#8222;Gr\u00fcner Weg&#8220; sowie umgekehrt. Der Busverkehr ist nicht betroffen.<\/p>\n<p>* pm: Stadt Marburg<\/p>\n","protected":false},"excerpt":{"rendered":"<p>Wegen Keiner ranstellung wird die Stra\u00dfe &#8222;Unter dem Gedankenspiel&#8220; ab Montag (7. September) gesperrt. Das hat die Stadt Marburg am Freitag (4. September) angek\u00fcndigt.<\/p>\n","protected":false},"author":2,"featured_media":0,"comment_status":"closed","ping_status":"open","sticky":false,"template":"","format":"standard","meta":{"advanced_seo_description":"","spay_email":"","jetpack_publicize_message":"","jetpack_is_tweetstorm":false,"jetpack_publicize_feature_enabled":true},"categories":[4],"tags":[638,7712,1369],"jetpack_featured_media_url":"","jetpack_publicize_connections":[],"jetpack_sharing_enabled":true,"jetpack_shortlink":"https:\/\/wp.me\/p8mhvd-5l2","jetpack-related-posts":[{"id":17946,"url":"http:\/\/marburg.news\/?p=17946","url_meta":{"origin":20524,"position":0},"title":"Vollsperrung: Asphaltarbeiten am Wehrdaer Weg","date":"5. Mai 2025","format":false,"excerpt":"Eine Vollsperrung Wehrdaer Weg vom 12. bis 16. Mai hat die Stadt am Montag (5. Mai) angek\u00fcndigt. Auch der Busverkehr ist davon betroffen. Der Wehrdarer Weg wird von Montag (12. Mai) bis Freitag (16. Mai) voll gesperrt. Grund daf\u00fcr sind Asphaltarbeiten an der Fahrbahndecke. Die Umleitungsstrecke f\u00fcr den flie\u00dfenden Verkehr\u2026","rel":"","context":"In &quot;Soziales&quot;","img":{"alt_text":"","src":"","width":0,"height":0},"classes":[]},{"id":18550,"url":"http:\/\/marburg.news\/?p=18550","url_meta":{"origin":20524,"position":1},"title":"Asphalt rauf: Weitere Stra\u00dfensperrung in Wehrda","date":"15. August 2025","format":false,"excerpt":"Eine Vollsperrung der Stra\u00dfe \"Am J\u00e4gerw\u00e4ldchen\" ab Montag (25. August) hat die Stadt Marburg gemeldet. Der Fu\u00dfverkehr ist nicht davon betroffen. Die Stra\u00dfe \"Am J\u00e4gerw\u00e4ldchen\" im Stadtteil Wehrda ist ab Montag (25. August) in H\u00f6he der Hausnummer 1 voll gesperrt. Grund daf\u00fcr sind Asphaltarbeiten. Die Bauarbeiten werden voraussichtlich bis Freitag\u2026","rel":"","context":"In &quot;Soziales&quot;","img":{"alt_text":"","src":"","width":0,"height":0},"classes":[]},{"id":20340,"url":"http:\/\/marburg.news\/?p=20340","url_meta":{"origin":20524,"position":2},"title":"Erneuerung: Zufahrt zum Diakonie-Krankenhaus wird gesperrt","date":"22. Juli 2026","format":false,"excerpt":"Wegen einer Erneuerung des Fahrbahnbelags wird die regul\u00e4re Zufahrt zu Diakoniekrankenhaus gesperrt. Das hat die Stadt am Mittwoch (22. Juli) angek\u00fcndigt. Der Fahrbahnbelag in der Stra\u00dfe \"Hebronberg\" in Wehrda wird im Bereich der Zufahrt zum Diakoniekrankenhaus erneuert. Au\u00dferdem werden die Schachtdeckel angehoben. Dazu muss dieser Teil der Stra\u00dfe von Montag\u2026","rel":"","context":"In &quot;Soziales&quot;","img":{"alt_text":"","src":"","width":0,"height":0},"classes":[]},{"id":18268,"url":"http:\/\/marburg.news\/?p=18268","url_meta":{"origin":20524,"position":3},"title":"Stra\u00dfe sperren: Bauarbeiten in der Wehrdaer Stra\u00dfe","date":"26. Juni 2025","format":false,"excerpt":"Eine Vollsperrung der Wehrdaer Stra\u00dfe erfolgt ab Montag (7. Juli). Das hat die Stadt am Donnerstag (26. Juni) angek\u00fcndigt. Von Montag (7. Juli) bis voraussichtlich Freitag (22. August) wird die Wehrdaer Stra\u00dfe in H\u00f6he der Hausnummern 10 bis 12 voll gesperrt. Grund f\u00fcr die Sperrung ist die Erneuerung einer Trinkwasserleitung\u2026","rel":"","context":"In &quot;Soziales&quot;","img":{"alt_text":"","src":"","width":0,"height":0},"classes":[]},{"id":14445,"url":"http:\/\/marburg.news\/?p=14445","url_meta":{"origin":20524,"position":4},"title":"Mehrt\u00e4gig gesperrt: Baumf\u00e4llarbeiten zwischen Wehrda und Go\u00dffelden","date":"23. November 2023","format":false,"excerpt":"Die Stra\u00dfe zwischen Wehrda und Go\u00dffelden wird ab Montag (27. November) gesperrt. Grund sind Baumf\u00e4llarbeiten bis Freitag (8. Dezember). Die Landesstra\u00dfe \"L3381\" ist ab Montag (27. November) zwischen Marburg-Wehrda und Lahntal-Go\u00dffelden gesperrt. Grund daf\u00fcr sind Baumf\u00e4llarbeiten. Die Sperrung dauert voraussichtlich bis Freitag (8. Dezember). Die Umleitung f\u00fchrt \u00fcber die Bundesstra\u00dfen\u2026","rel":"","context":"In &quot;Sonstiges&quot;","img":{"alt_text":"","src":"","width":0,"height":0},"classes":[]},{"id":18313,"url":"http:\/\/marburg.news\/?p=18313","url_meta":{"origin":20524,"position":5},"title":"Ein Hochsommerwunschtraum: Barrierefreier Ausbau der Bushaltestelle Mengelsgasse","date":"3. Juli 2025","format":false,"excerpt":"Bauarbeiten an der Haltestelle \"Mengelsgasse\" hat die Stadt am Donnerstag (3. Juli) angek\u00fcndigt. Vor allem die Stadtbusse werden deswegen in Wehrda umgeleitet. Der Haltestellenbereich \"Wehrda Mengelsgasse wird ab Montag (7. Juli) an der Einm\u00fcndung in die Wehrdaer Stra\u00dfe voll gesperrt. Grund f\u00fcr die Sperrung ist der barrierefreie Ausbau der Haltestelle\u2026","rel":"","context":"In &quot;Soziales&quot;","img":{"alt_text":"","src":"","width":0,"height":0},"classes":[]}],"_links":{"self":[{"href":"http:\/\/marburg.news\/index.php?rest_route=\/wp\/v2\/posts\/20524"}],"collection":[{"href":"http:\/\/marburg.news\/index.php?rest_route=\/wp\/v2\/posts"}],"about":[{"href":"http:\/\/marburg.news\/index.php?rest_route=\/wp\/v2\/types\/post"}],"author":[{"embeddable":true,"href":"http:\/\/marburg.news\/index.php?rest_route=\/wp\/v2\/users\/2"}],"replies":[{"embeddable":true,"href":"http:\/\/marburg.news\/index.php?rest_route=%2Fwp%2Fv2%2Fcomments&post=20524"}],"version-history":[{"count":0,"href":"http:\/\/marburg.news\/index.php?rest_route=\/wp\/v2\/posts\/20524\/revisions"}],"wp:attachment":[{"href":"http:\/\/marburg.news\/index.php?rest_route=%2Fwp%2Fv2%2Fmedia&parent=20524"}],"wp:term":[{"taxonomy":"category","embeddable":true,"href":"http:\/\/marburg.news\/index.php?rest_route=%2Fwp%2Fv2%2Fcategories&post=20524"},{"taxonomy":"post_tag","embeddable":true,"href":"http:\/\/marburg.news\/index.php?rest_route=%2Fwp%2Fv2%2Ftags&post=20524"}],"curies":[{"name":"wp","href":"https:\/\/api.w.org\/{rel}","templated":true}]}}