{"id":20521,"date":"2026-09-03T14:45:00","date_gmt":"2026-09-03T12:45:00","guid":{"rendered":"http:\/\/marburg.news\/?p=20521"},"modified":"2026-09-03T14:45:00","modified_gmt":"2026-09-03T12:45:00","slug":"interessiert-inspizieren-gemeindebesuch-des-landrats-in-der-stadt-marburg","status":"publish","type":"post","link":"http:\/\/marburg.news\/?p=20521","title":{"rendered":"Interessiert inspizieren: Gemeindebesuch des Landrats in der Stadt Marburg"},"content":{"rendered":"<p>Im Rahmen seiner regelm\u00e4\u00dfigen Gemeindebesuche hat Landrat Jens Womelsdorf die Stadt Marburg besucht. Dabei erhielt der Landrat umfassende Einblicke in die Universit\u00e4tsstadt und ihre aktuellen Themen. <!--more--><br \/>\nNeben dem Besuch im Marburger Rathaus standen Besuche bei dem Unternehmen Dr. Ing. Kaupert GmbH &amp; Co. KG, bei der Feuerwehr Marburg und beim Boxprojekt am Marburger-Richtsberg auf dem Programm. Auch ein Besuch bei OIKOS im Sozial- und Teilhabezentrum in C\u00f6lbe waren Teil des Tages. Oberb\u00fcrgermeister Dr. Thomas Spies und sein Team empfingen Landrat Jens Womelsdorf im Rathaus. Dort folgte ein Austausch \u00fcber die Unternehmen im Stadtgebiet sowie gemeinsame Themen von Stadt und Landkreis.<br \/>\n&#8222;Ich freue mich, dass ich im Rahmen meiner Gemeindebesuche auch die Sonderstatusstadt Marburg, die Teil des Landkreises Marburg-Biedenkopf ist zu besuchen&#8220;, betonte Landrat Womelsdorf. &#8222;Solche Treffen sind eine gute Gelegenheit, gemeinsame Themen zu vertiefen und den Austausch zu intensivieren. Denn es gibt zahlreiche Schnittstellen, die den Landkreis und die Stadt Marburg verbinden &#8211; zum Beispiel das gemeinsame Gesundheitsamt oder die Sparkasse.&#8220;<br \/>\nEine Station des Gemeindebesuchs war das Unternehmen Dr. Ing. Kaupert GmbH &amp; Co. KG. Das Unternehmen wurde 1948 gegr\u00fcndet. Den Standort in Marburg gibt es seit 1958. Kaupert z\u00e4hlt zu den f\u00fchrenden Anbietern von tiefgezogenen Formverpackungen.<br \/>\nDabei werden Verpackungen so geformt, dass sie passgenau auf das jeweilige Produkt zugeschnitten sind und es sicher aufnehmen. Das Unternehmen entwickelt und produziert unter anderem Schokoladenformen sowie Blister und andere Kunststoffverpackungen unter anderem f\u00fcr Lebensmittel-Produkte. Beim Besuch informierte sich der Landrat gemeinsam mit dem Oberb\u00fcrgermeister \u00fcber das Unternehmen, seine Entwicklung und die Bedeutung des Standorts Marburg.<br \/>\nAuch ein Besuch bei der Feuerwehr in der Hauptwache am Erlenring war Teil des Programms. Die Leiterin Carmen Werner f\u00fchrte mit ihrem Team durch die Feuerwache und informierte \u00fcber die Arbeit und Aufgaben der Feuerwehr. Au\u00dferdem besuchte Landrat Womelsdorf den Boxtreff am Christa-Czempiel-Platz am Richtsberg. Das Angebot richtet sich an Kinder und Jugendliche und bietet ihnen die M\u00f6glichkeit, erste Erfahrungen mit dem Boxsport zu sammeln.<br \/>\nDer Boxtreff versteht sich dabei nicht nur als sportliches Angebot. Er bietet Kindern und Jugendlichen einen Ort, an dem sie Gemeinschaft erleben, Verantwortung \u00fcbernehmen und Selbstvertrauen entwickeln k\u00f6nnen. F\u00fcr viele ist der Boxtreff zugleich ein erster Schritt, bevor sie sich einem Boxverein anschlie\u00dfen.<br \/>\nAuch Sprecher und Organisator Waldemar Adler vom 1. Box-Club Marburg 1947 e. V. war beim Besuch des Boxtreffs dabei. Dabei \u00fcberreichte Landrat Jens Womelsdorf einen F\u00f6rderbescheid aus der kommunalen Sportf\u00f6rderung. Die F\u00f6rderung erfolgt aus dem F\u00f6rderpunkt &#8222;Leistungs- und Talentf\u00f6rderung&#8220; der Sportf\u00f6rderrichtlinien.<br \/>\n&#8222;Gerade solche niedrigschwelligen Angebote sind wichtig, weil sie Kindern und Jugendlichen eine Perspektive geben und ihnen zeigen, dass Sport weit mehr sein kann als Bewegung&#8220;, sagte Womelsdorf. &#8222;Hier werden Gemeinschaft, Disziplin und gegenseitiger Respekt vermittelt.&#8220;<br \/>\nAuch die Arbeit von OIKOS stand auf dem Programm. Im Sozial- und Teilhabezentrum in C\u00f6lbe informierte sich Landrat Womelsdorf \u00fcber die Angebote f\u00fcr Menschen mit Unterst\u00fctzungsbedarf. OIKOS bietet unter anderem eine Wohngemeinschaft f\u00fcr psychisch erkrankte Menschen mit mindestens Pflegegrad zwei an. Die Arbeit erfolgt in enger Zusammenarbeit mit der Jugendhilfe und der Altenhilfe. Derzeit leben mehrere Generationen im Alter von 20 bis 81 Jahren in der Wohngemeinschaft.<\/p>\n<p>* pm: Landkreis Marburg-Biedenkopf<\/p>\n","protected":false},"excerpt":{"rendered":"<p>Im Rahmen seiner regelm\u00e4\u00dfigen Gemeindebesuche hat Landrat Jens Womelsdorf die Stadt Marburg besucht. Dabei erhielt der Landrat umfassende Einblicke in die Universit\u00e4tsstadt und ihre aktuellen Themen.<\/p>\n","protected":false},"author":2,"featured_media":0,"comment_status":"closed","ping_status":"open","sticky":false,"template":"","format":"standard","meta":{"advanced_seo_description":"","spay_email":"","jetpack_publicize_message":"","jetpack_is_tweetstorm":false,"jetpack_publicize_feature_enabled":true},"categories":[2,4,7],"tags":[7711,3907,272],"jetpack_featured_media_url":"","jetpack_publicize_connections":[],"jetpack_sharing_enabled":true,"jetpack_shortlink":"https:\/\/wp.me\/p8mhvd-5kZ","jetpack-related-posts":[{"id":13666,"url":"http:\/\/marburg.news\/?p=13666","url_meta":{"origin":20521,"position":0},"title":"Kooperation am Werk: Staatsministerin Petra K\u00f6pping zu Besuch in Marburg","date":"18. August 2023","format":false,"excerpt":"Die Verbindungen zwischen der Stadt Marburg und dem Landkreis Marburg-Biedenkopf zusammen mit dem Freistaat Sachsen sind vielf\u00e4ltig. Um den Austausch weiter zu vertiefen, besuchte die Staatsministerin f\u00fcr Soziales und Gesellschaftlichen Zusammenhalt Petra K\u00f6pping, Stadt und Landkreis.\u00a0 Anl\u00e4sslich des Besuchs trug die Ministerin sich in das Goldene Buch der Universit\u00e4tsstadt ein.\u2026","rel":"","context":"In &quot;Politik&quot;","img":{"alt_text":"","src":"","width":0,"height":0},"classes":[]},{"id":10304,"url":"http:\/\/marburg.news\/?p=10304","url_meta":{"origin":20521,"position":1},"title":"Hereinkommen: 13 neue Kindertagespflegende f\u00fcr Stadt und Kreis","date":"5. August 2022","format":false,"excerpt":"13 neue Kindertagespflegende begr\u00fc\u00dften Kreis und Stadt Marburg. Landrat Jens Womelsdorf und B\u00fcrgermeisterin Nadine Bernshausen \u00fcberreichten ihnen die Zertifikate. Nach dem Abschluss der Grundqualifizierung zur Kindertagespflege-Person haben 13 Teilnehmende aus dem Landkreis Marburg-Biedenkopf und der Universit\u00e4tsstadt Marburg ihre Zertifikate erhalten. Landrat Jens Womelsdorf und B\u00fcrgermeisterin Nadine Bernshausen \u00fcberreichten sie in\u2026","rel":"","context":"In &quot;Soziales&quot;","img":{"alt_text":"","src":"","width":0,"height":0},"classes":[]},{"id":11754,"url":"http:\/\/marburg.news\/?p=11754","url_meta":{"origin":20521,"position":2},"title":"Pl\u00e4ne besprochen: Erster Neujahrsempfang von Landrat Womelsdorf","date":"25. Januar 2023","format":false,"excerpt":"Einen Ausblick auf kommende Aufgaben und Projekte gab Landrat Jens Womelsdorf beim Neujahrsempfang 2023. Er fand am Samstag (21. Januar) im Lokschuppen statt. Klimaschutz und B\u00fcrgerbeteiligung sowie Wirtschafts-, Gesundheits- und Ehrenamtsf\u00f6rderung standen im Fokus seiner Rede. Wie der Kreis die Weichen f\u00fcr die Zukunft stellen will, erl\u00e4uterte der Landrat vor\u2026","rel":"","context":"In &quot;Politik&quot;","img":{"alt_text":"","src":"","width":0,"height":0},"classes":[]},{"id":16195,"url":"http:\/\/marburg.news\/?p=16195","url_meta":{"origin":20521,"position":3},"title":"Zum Weiterlernen: Elf neue Kindertagespflegepersonen f\u00fcr Stadt und Kreis","date":"27. August 2024","format":false,"excerpt":"Elf neue Kindertagespflegepersonen f\u00fcr Kreis und Stadt Marburg haben ihre Qualifikation abgeschlossen. Die Zertifikate haben ihnen Landrat Jens Womelsdorf und B\u00fcrgermeisterin Nadine Bernshausen \u00fcberreicht. Elf Menschen aus dem Landkreis Marburg-Biedenkopf und der Universit\u00e4tsstadt Marburg haben ihre Grundqualifikation f\u00fcr den Dienst in der Kindertagespflege absolviert. Die Zertifikate haben B\u00fcrgermeisterin Nadine Bernshausen\u2026","rel":"","context":"In &quot;Bildung&quot;","img":{"alt_text":"","src":"","width":0,"height":0},"classes":[]},{"id":18682,"url":"http:\/\/marburg.news\/?p=18682","url_meta":{"origin":20521,"position":4},"title":"Fremde feiern: Landrat begr\u00fc\u00dfte neu eingeb\u00fcrgerte Menschen","date":"12. September 2025","format":false,"excerpt":"Eine Einb\u00fcrgerungsfeier hat der Landkreis Marburg-Biedenkopf ausgerichtet. Dabei hat Landrat Jens Womelsdorf neue Staatsb\u00fcrgerinnen und Staatsb\u00fcrger willkommen gehei\u00dfen. 123 Einb\u00fcrgerungen hat es in diesem Jahr bisher schon im Landkreis Marburg-Biedenkopf - ohne die Stadt Marburg - gegeben. Das sind 123 bewusste Entscheidungen von Menschen f\u00fcr demokratische Werte und Pflichten sowie\u2026","rel":"","context":"In &quot;Politik&quot;","img":{"alt_text":"","src":"","width":0,"height":0},"classes":[]},{"id":18198,"url":"http:\/\/marburg.news\/?p=18198","url_meta":{"origin":20521,"position":5},"title":"Ehrenamtliche geehrt: Anerkennung f\u00fcr 185 engagierte Menschen","date":"16. Juni 2025","format":false,"excerpt":"185 B\u00fcrgerinnen und B\u00fcrgern haben die Stadt und der Landkreis am Mittwoch (28. Mai)im Erwin-Piscator-Haus (EPH) die Ehrenamts-Card verliehen. Damit bekunden sie Wertsch\u00e4tzung f\u00fcr ehrenamtliches Engagement. ie setzen sich Tag f\u00fcr Tag f\u00fcr das Gemeinwohl ein und engagieren sich in ganz unterschiedlicher Weise im Ehrenamt: 185 Menschen aus der Universit\u00e4tsstadt\u2026","rel":"","context":"In &quot;Kultur&quot;","img":{"alt_text":"","src":"","width":0,"height":0},"classes":[]}],"_links":{"self":[{"href":"http:\/\/marburg.news\/index.php?rest_route=\/wp\/v2\/posts\/20521"}],"collection":[{"href":"http:\/\/marburg.news\/index.php?rest_route=\/wp\/v2\/posts"}],"about":[{"href":"http:\/\/marburg.news\/index.php?rest_route=\/wp\/v2\/types\/post"}],"author":[{"embeddable":true,"href":"http:\/\/marburg.news\/index.php?rest_route=\/wp\/v2\/users\/2"}],"replies":[{"embeddable":true,"href":"http:\/\/marburg.news\/index.php?rest_route=%2Fwp%2Fv2%2Fcomments&post=20521"}],"version-history":[{"count":0,"href":"http:\/\/marburg.news\/index.php?rest_route=\/wp\/v2\/posts\/20521\/revisions"}],"wp:attachment":[{"href":"http:\/\/marburg.news\/index.php?rest_route=%2Fwp%2Fv2%2Fmedia&parent=20521"}],"wp:term":[{"taxonomy":"category","embeddable":true,"href":"http:\/\/marburg.news\/index.php?rest_route=%2Fwp%2Fv2%2Fcategories&post=20521"},{"taxonomy":"post_tag","embeddable":true,"href":"http:\/\/marburg.news\/index.php?rest_route=%2Fwp%2Fv2%2Ftags&post=20521"}],"curies":[{"name":"wp","href":"https:\/\/api.w.org\/{rel}","templated":true}]}}