{"id":20520,"date":"2026-09-03T12:45:00","date_gmt":"2026-09-03T10:45:00","guid":{"rendered":"http:\/\/marburg.news\/?p=20520"},"modified":"2026-09-03T12:45:00","modified_gmt":"2026-09-03T10:45:00","slug":"tapfer-trainieren-mit-rollator-im-bus-mitfahren","status":"publish","type":"post","link":"http:\/\/marburg.news\/?p=20520","title":{"rendered":"Tapfer trainieren: Mit Rollator im Bus mitfahren"},"content":{"rendered":"<p>Ein Rollator-Training f\u00fcr Menschen mit Mobilit\u00e4tseinschr\u00e4nkung gibt es am Donnerstag (17. September). Einge\u00fcbt wird das sichere Mitfahren im Linienbus. <!--more--><br \/>\nZusammen mit den Stadtwerken Marburg (SWM) und dem Altenhilfezentrum &#8222;Auf der Weide&#8220; der Marburger Altenhilfe St. Jakob bietet die Stadt Marburg am Donnerstag (17. September) ab 14.30 Uhr ein Rollator-Training unter dem Motto &#8222;Sicher im Bus mitfahren&#8220; an. Der Theorieteil findet im Caf\u00e9 des Begegnungszentrums &#8222;Auf der Weide&#8220;, statt, die praktischen \u00dcbungen im Anschluss an der Bushaltestelle &#8222;Auf der Weide\/AquaMar&#8220;.<br \/>\nDas Angebot richtet sich an \u00e4ltere Menschen mit einem Rollator und soll Menschen mit einer Mobilit\u00e4tseinschr\u00e4nkung bei der sicheren Nutzung des Marburger \u00d6ffentlichen Personennahverkehrs unterst\u00fctzen. Die Veranstaltung findet anl\u00e4sslich der &#8222;Europ\u00e4ischen Woche der Mobilit\u00e4t&#8220; statt. Die Teilnahme am Training ist kostenlos. Eine vorherige Anmeldung wird telefonisch unter 06421\/201-1844 oder per E-Mail an altenplanung@marburg-stadt.de erbeten.<\/p>\n<p>* pm: Stadt Marburg<\/p>\n","protected":false},"excerpt":{"rendered":"<p>Ein Rollator-Training f\u00fcr Menschen mit Mobilit\u00e4tseinschr\u00e4nkung gibt es am Donnerstag (17. September). Einge\u00fcbt wird das sichere Mitfahren im Linienbus.<\/p>\n","protected":false},"author":2,"featured_media":0,"comment_status":"closed","ping_status":"open","sticky":false,"template":"","format":"standard","meta":{"advanced_seo_description":"","spay_email":"","jetpack_publicize_message":"","jetpack_is_tweetstorm":false,"jetpack_publicize_feature_enabled":true},"categories":[4],"tags":[643,7025,2527],"jetpack_featured_media_url":"","jetpack_publicize_connections":[],"jetpack_sharing_enabled":true,"jetpack_shortlink":"https:\/\/wp.me\/p8mhvd-5kY","jetpack-related-posts":[{"id":18608,"url":"http:\/\/marburg.news\/?p=18608","url_meta":{"origin":20520,"position":0},"title":"Im September: Aktionsmonat &#8222;Bewegt ins Alter&#8220;","date":"28. August 2025","format":false,"excerpt":"\"Bewegt ins Alter\" lautet der Titel eines Aktionsmonats mit rund 200 Angeboten. Stattfinden sollen sie im September 2025 in Marburg. Das Spektrum reicht dabei von Spazierg\u00e4ngen \u00fcber Hockey und Wassergymnastik bis Gesellschafts- oder Rollator-Tanz. \"Bewegung kennt kein Alter\" hei\u00dft es vom Montag (1. September) bis Mittwoch (1. Oktober). Gemeinsam mit\u2026","rel":"","context":"In &quot;Soziales&quot;","img":{"alt_text":"","src":"","width":0,"height":0},"classes":[]},{"id":1859,"url":"http:\/\/marburg.news\/?p=1859","url_meta":{"origin":20520,"position":1},"title":"Brutalowild: Schl\u00e4gereien und Seniorin angegriffen","date":"12. M\u00e4rz 2018","format":false,"excerpt":"Verletzungen durch Schl\u00e4ge erlitten zwei junge M\u00e4nner am Freitag (9. M\u00e4rz). Der Vorfall ereignete sich gegen 16.30 Uhr am Bahnhofsvorplatz. Die 23 und 27 Jahre Alten M\u00e4nner trugen leichte Blessuren davon. Das Duo schritt ein, als ein Mann eine Frau bel\u00e4stigte. Er schlug sofort zu und fl\u00fcchtete anschlie\u00dfend in Richtung\u2026","rel":"","context":"In &quot;Sonstiges&quot;","img":{"alt_text":"","src":"","width":0,"height":0},"classes":[]},{"id":13865,"url":"http:\/\/marburg.news\/?p=13865","url_meta":{"origin":20520,"position":2},"title":"Kaffee und Kuchen: Das Leben feiern mit Demenz","date":"21. September 2023","format":false,"excerpt":"Ihr zehnj\u00e4hriges Bestehen hat die Lokale Allianz f\u00fcr Menschen mit Demenz mit Kaffee und Kuchen, Musik und Information gefeiert. Die Veranstaltung stand unter dem Motto \"Das Leben feiern\". das zehnj\u00e4hrige Bestehen der lokalen Allianz f\u00fcr Menschen mit Demenz wurde mit einem Jubil\u00e4umscaf\u00e9, Kuchen und Musik gefeiert. Die Besucherinnen und Besucher\u2026","rel":"","context":"In &quot;Soziales&quot;","img":{"alt_text":"","src":"","width":0,"height":0},"classes":[]},{"id":3770,"url":"http:\/\/marburg.news\/?p=3770","url_meta":{"origin":20520,"position":3},"title":"Alkohol gekippt: Frauen begrapscht und Senior angegriffen","date":"31. Mai 2019","format":false,"excerpt":"Offenbar grundlos griff ein erheblich alkoholisierter Mann am Donnerstag (30. Mai) rund um den Gerhard-Jahn-Platz mindestens acht Menschen an. Darunter waren f\u00fcnf junge Frauen und ein 92 Jahre alter Mann. Vor dem Kino an der Biegenstra\u00dfe sowie der Mensa am Erlenring begrapschte der 25 Jahre alte Mann zwischen 9.20 und\u2026","rel":"","context":"In &quot;Sonstiges&quot;","img":{"alt_text":"","src":"","width":0,"height":0},"classes":[]},{"id":7500,"url":"http:\/\/marburg.news\/?p=7500","url_meta":{"origin":20520,"position":4},"title":"Frei im Freien: Offene Bewegungsangebote auch im September und Oktober","date":"3. August 2021","format":false,"excerpt":"Im Freien gehen die Offenen Bewegungsangebote der \"Gesunden Stadt\" Marburg laufen im September und Oktober weiter. Das hat die Stadt am Montag (2. August) mitgeteilt. Auch im September und Oktober finden die offenen Bewegungsangebote der \"Gesunden Stadt Marburg\" statt. Bis Ende Oktober k\u00f6nnen alle Marburgerinnen und Marburger w\u00f6chentlich im Freien\u2026","rel":"","context":"In &quot;Soziales&quot;","img":{"alt_text":"","src":"","width":0,"height":0},"classes":[]},{"id":13752,"url":"http:\/\/marburg.news\/?p=13752","url_meta":{"origin":20520,"position":5},"title":"Angefangen: EUTB feiert f\u00fcnfj\u00e4hriges Bestehen","date":"31. August 2023","format":false,"excerpt":"Ihr f\u00fcnfj\u00e4hriges Bestehen feiert die Erg\u00e4nzende unabh\u00e4ngige Teilhabeberatung (EUTB). Die Jubil\u00e4umsfeier findet am Freitag (15. Septtember) in der Beratungsstelle Auf der Weide statt. Die Beratungsstelle f\u00fcr Menschen mit Behinderungen feiert ihr f\u00fcnfj\u00e4hriges Bestehen mit einem \"Tag der offenen T\u00fcr\" am Freitag (15. September) von 13 bis 17.30 Uhr in der\u2026","rel":"","context":"In &quot;Soziales&quot;","img":{"alt_text":"","src":"","width":0,"height":0},"classes":[]}],"_links":{"self":[{"href":"http:\/\/marburg.news\/index.php?rest_route=\/wp\/v2\/posts\/20520"}],"collection":[{"href":"http:\/\/marburg.news\/index.php?rest_route=\/wp\/v2\/posts"}],"about":[{"href":"http:\/\/marburg.news\/index.php?rest_route=\/wp\/v2\/types\/post"}],"author":[{"embeddable":true,"href":"http:\/\/marburg.news\/index.php?rest_route=\/wp\/v2\/users\/2"}],"replies":[{"embeddable":true,"href":"http:\/\/marburg.news\/index.php?rest_route=%2Fwp%2Fv2%2Fcomments&post=20520"}],"version-history":[{"count":0,"href":"http:\/\/marburg.news\/index.php?rest_route=\/wp\/v2\/posts\/20520\/revisions"}],"wp:attachment":[{"href":"http:\/\/marburg.news\/index.php?rest_route=%2Fwp%2Fv2%2Fmedia&parent=20520"}],"wp:term":[{"taxonomy":"category","embeddable":true,"href":"http:\/\/marburg.news\/index.php?rest_route=%2Fwp%2Fv2%2Fcategories&post=20520"},{"taxonomy":"post_tag","embeddable":true,"href":"http:\/\/marburg.news\/index.php?rest_route=%2Fwp%2Fv2%2Ftags&post=20520"}],"curies":[{"name":"wp","href":"https:\/\/api.w.org\/{rel}","templated":true}]}}