{"id":20518,"date":"2026-09-03T10:40:00","date_gmt":"2026-09-03T08:40:00","guid":{"rendered":"http:\/\/marburg.news\/?p=20518"},"modified":"2026-09-03T10:40:00","modified_gmt":"2026-09-03T08:40:00","slug":"besorgt-beseitigen-baumarbeiten-auf-ronhaeuser-radweg","status":"publish","type":"post","link":"http:\/\/marburg.news\/?p=20518","title":{"rendered":"Besorgt beseitigen: Baumarbeiten auf Ronh\u00e4user Radweg"},"content":{"rendered":"<p>F\u00fcr Sicherheit auf dem Radweg von Cappel nach Bortshausensoll die Behebung von Wurzelsch\u00e4den sorgen. Sie erfolgt ab Montag (7. September). <!--more--><br \/>\nUm die Unfallgefahr auf dem Radweg zwischen Cappel, Ronhausen und Bortshausen einzud\u00e4mmen, werden Wurzelsch\u00e4den im Asphalt durch den Dienstleistungsbetrieb der Stadt Marburg (DBM) behoben. Die Arbeiten starten am Montag (7. September). Auf der Strecke kann es daher zu kleineren Einschr\u00e4nkungen kommen.<br \/>\nDer Radweg wird jedoch weiterhin befahrbar sein. Die Bauarbeiten werden durch den DBM entsprechend abgesichert. Die Bauarbeiten werden voraussichtlich bis sp\u00e4testens Freitag (25. September) beendet sein.<\/p>\n<p>* pm: Stadt Marburg<\/p>\n","protected":false},"excerpt":{"rendered":"<p>F\u00fcr Sicherheit auf dem Radweg von Cappel nach Bortshausensoll die Behebung von Wurzelsch\u00e4den sorgen. Sie erfolgt ab Montag (7. September).<\/p>\n","protected":false},"author":2,"featured_media":0,"comment_status":"closed","ping_status":"open","sticky":false,"template":"","format":"standard","meta":{"advanced_seo_description":"","spay_email":"","jetpack_publicize_message":"","jetpack_is_tweetstorm":false,"jetpack_publicize_feature_enabled":true},"categories":[4],"tags":[7709,637,1423],"jetpack_featured_media_url":"","jetpack_publicize_connections":[],"jetpack_sharing_enabled":true,"jetpack_shortlink":"https:\/\/wp.me\/p8mhvd-5kW","jetpack-related-posts":[{"id":12616,"url":"http:\/\/marburg.news\/?p=12616","url_meta":{"origin":20518,"position":0},"title":"Gut abgesperrt: Bauarbeiten an Radweg im Aff\u00f6ller","date":"17. Mai 2023","format":false,"excerpt":"Die Sperrung des Lahntalradwegs zwischen C\u00f6lbe und den Aff\u00f6llerwiesen hat die Stadt am Mittwoch (17. Mai) angek\u00fcndigt. Sie wird wohl bis Weihnachten dauern. Am Lahntalradweg an den Aff\u00f6llerwiesen wird ein neues Umspannwerk angebunden. Der Radweg ist wegen der daf\u00fcr notwendigen Bauarbeiten auf dem Abschnitt zwischen dem Kaufpark Wehrda und den\u2026","rel":"","context":"In &quot;Soziales&quot;","img":{"alt_text":"","src":"","width":0,"height":0},"classes":[]},{"id":20287,"url":"http:\/\/marburg.news\/?p=20287","url_meta":{"origin":20518,"position":1},"title":"Sommerbewegung: Radweg von Marburg nach Niederweimar verbessert","date":"7. Juli 2026","format":false,"excerpt":"Der Radweg zwischen Gisselberg und Niederweimar ist erneuert worden. Das Ergebnis ist mehr Sicherheit im Radverkehr. Die Bauarbeiten im Marburger Stadtteil Gisselberg und dem Weimarer Ortsteil Niederweimar f\u00fcr den Radverkehr sind abgeschlossen. Damit k\u00f6nnen Radelnde in Zukunft dort von den jeweiligen Ortsr\u00e4ndern noch besser und bequemer auf den stra\u00dfenbegleitenden Radweg\u2026","rel":"","context":"In &quot;Politik&quot;","img":{"alt_text":"","src":"","width":0,"height":0},"classes":[]},{"id":20405,"url":"http:\/\/marburg.news\/?p=20405","url_meta":{"origin":20518,"position":2},"title":"Schottersanierung: Wirtschaftsweg bleibt bis Oktobr gesperrt","date":"7. August 2026","format":false,"excerpt":"Der Wirtschaftsweg zwischen Dagobertshausen und G\u00f6rzhausen bleibt bis Oktober gesperrt. Das hat die Stadt Marburg am Freitag (7. August) mitgeteilt. Der bisher geschotterte Wirtschaftsweg zwischen der Kreisstra\u00dfe K77 und der Landesstra\u00dfe L3092 wird zu einem Radweg ausgebaut. F\u00fcr die erforderlichen Arbeiten ist der Weg ab Montag (10. August) f\u00fcr den\u2026","rel":"","context":"In &quot;Soziales&quot;","img":{"alt_text":"","src":"","width":0,"height":0},"classes":[]},{"id":19657,"url":"http:\/\/marburg.news\/?p=19657","url_meta":{"origin":20518,"position":3},"title":"F\u00fcr Radweg: Stra\u00dfensperrung im Stadtteil Gisselberg","date":"5. M\u00e4rz 2026","format":false,"excerpt":"In Gisselberg wird die Zufahrt zur Helwigswiese an der K42 von Donnerstag (12. M\u00e4rz) bis Freitag (8. Mai) vollgesperrt. Das hat die Stadt am Donnerstag (4. M\u00e4rz) angek\u00fcndigt. Die Zufahrt zur Stra\u00dfe \"Helwigswiese\" an der Kreisstra\u00dfe K42 im Bereich Gisselberg wird in der Zeit von Donnerstag (12. M\u00e4rz) bis voraussichtlich\u2026","rel":"","context":"In &quot;Politik&quot;","img":{"alt_text":"","src":"","width":0,"height":0},"classes":[]},{"id":12081,"url":"http:\/\/marburg.news\/?p=12081","url_meta":{"origin":20518,"position":4},"title":"Abstecher mit Aussicht: Plattform &#8222;Lahnorama&#8220; zwischen Cappel und &#8218;Ronhausen","date":"6. M\u00e4rz 2023","format":false,"excerpt":"Die Aussichtsplattform \"Lahnorama\" bietet neue Perspektiven. Sie gew\u00e4hrt einen Ausblick auf die lebendige Lahn. Am Fahrradweg zwischen Cappel und Ronhausen k\u00f6nnen Radfahrende und Spazierende aus einem neuen Blickwinkel auf die renaturierte Lahn schauen: Eine Plattform mit zwei Infotafeln bietet den \u00dcberblick \u00fcber die abgeschlossene Renaturierungsma\u00dfnahme \"Gisselberger Spannweite\" und die dortige\u2026","rel":"","context":"In &quot;Bildung&quot;","img":{"alt_text":"","src":"","width":0,"height":0},"classes":[]},{"id":12336,"url":"http:\/\/marburg.news\/?p=12336","url_meta":{"origin":20518,"position":5},"title":"Freie Fu\u00dfwege: Sperrung desRadwegs im Cappeler Feld","date":"9. April 2023","format":false,"excerpt":"Die Sanierung des Fu\u00df- und Radwegs im Cappeler Feld hat die Stadt angek\u00fcndigt. Dazu ist seine Vollsperrung vom 11. bis 18. April erforderlich. Auf dem Fu\u00df- und Radweg im Cappeler Feld wird eine neue Asphaltschicht aufgetragen. Dazu ist der Weg von Dienstag (11. April) bis voraussichtlich Dienstag (18. April) gesperrt.\u2026","rel":"","context":"In &quot;Soziales&quot;","img":{"alt_text":"","src":"","width":0,"height":0},"classes":[]}],"_links":{"self":[{"href":"http:\/\/marburg.news\/index.php?rest_route=\/wp\/v2\/posts\/20518"}],"collection":[{"href":"http:\/\/marburg.news\/index.php?rest_route=\/wp\/v2\/posts"}],"about":[{"href":"http:\/\/marburg.news\/index.php?rest_route=\/wp\/v2\/types\/post"}],"author":[{"embeddable":true,"href":"http:\/\/marburg.news\/index.php?rest_route=\/wp\/v2\/users\/2"}],"replies":[{"embeddable":true,"href":"http:\/\/marburg.news\/index.php?rest_route=%2Fwp%2Fv2%2Fcomments&post=20518"}],"version-history":[{"count":0,"href":"http:\/\/marburg.news\/index.php?rest_route=\/wp\/v2\/posts\/20518\/revisions"}],"wp:attachment":[{"href":"http:\/\/marburg.news\/index.php?rest_route=%2Fwp%2Fv2%2Fmedia&parent=20518"}],"wp:term":[{"taxonomy":"category","embeddable":true,"href":"http:\/\/marburg.news\/index.php?rest_route=%2Fwp%2Fv2%2Fcategories&post=20518"},{"taxonomy":"post_tag","embeddable":true,"href":"http:\/\/marburg.news\/index.php?rest_route=%2Fwp%2Fv2%2Ftags&post=20518"}],"curies":[{"name":"wp","href":"https:\/\/api.w.org\/{rel}","templated":true}]}}