{"id":20517,"date":"2026-09-03T10:20:00","date_gmt":"2026-09-03T08:20:00","guid":{"rendered":"http:\/\/marburg.news\/?p=20517"},"modified":"2026-09-03T10:20:00","modified_gmt":"2026-09-03T08:20:00","slug":"bewegt-besichtigen-besuch-aus-thailand-bei-mythos-mensch-im-bip","status":"publish","type":"post","link":"http:\/\/marburg.news\/?p=20517","title":{"rendered":"Bewegt besichtigen: Besuch aus Thailand bei &#8222;Mythos Mensch&#8220; im BiP"},"content":{"rendered":"<p>Ehreng\u00e4ste aus Thailand habendie Kunst-Ausstellung &#8222;Mythos Mensch&#8220; besucht. Dabei diente die Kunst als Br\u00fccke zwischen Kulturen, Weltanschauungen und Menschen. <!--more--><br \/>\nUnterst\u00fctzt von der Stadt Marburg ist seit Donnerstag (2. Juli) im Beratungszentrum mit integriertem Pflegest\u00fctzpunkt (BiP) die Ausstellung &#8222;Mythos Mensch &#8211; zwischen Mythologie und Gegenwart&#8220; der K\u00fcnstlerin und Architektin Melek Ismail zu sehen. Zu einer besonderen Begegnung von Kunst, Kultur und Friedensgedanken kam es bei der &#8222;Finissage&#8220;, die jedoch nicht das Ende der Ausstellung markierte, sondern vielmehr einen H\u00f6hepunkt. Denn als Ehreng\u00e4ste kamen der K\u00f6niglich-Thail\u00e4ndische Generalkonsul Nattapong Lathapipat, Konsul Rittichai Tubsuwan, der buddhistische M\u00f6nch und Friedensbotschafter Meister Luang Pho Amnart Klanprachar sowie weitere besondere G\u00e4ste aus Thailand ins BiP.<br \/>\nDie internationale Beteiligung verlieh der Veranstaltung, die von Stadtr\u00e4tin Kirsten Dinnebier mit einem Gru\u00dfwort er\u00f6ffnet wurde, einen feierlichen Rahmen und unterstrich den kultur\u00fcbergreifenden Gedanken der Ausstellung. F\u00fcr einen besonderen Moment sorgte Meister Luang Pho Amnart Klanprachar, der Dinnebier stellvertretend f\u00fcr die Stadt Marburg ein Gem\u00e4lde \u00fcberreichte, das er noch am Veranstaltungsmorgen gezeichnet hatte und eine Friedensbotschaft transportiert.<br \/>\nDie Ausstellung &#8222;Mythos Mensch &#8211; zwischen Mythologie und Gegenwart&#8220; kann noch bis Donnerstag (17. September) zu den \u00d6ffnungszeiten des BiP &#8222;Am Gr\u00fcn&#8220; 16 montags bis mittwochs von 8.30 bis 13 Uhr sowie donnerstags von 15 bis 17 Uhr besucht werden. Im Mittelpunkt steht die &#8211; von Ismail entwickelte &#8211;<br \/>\nMocca-Art, bei der Mokka beziehungsweise Mokkasatz zum k\u00fcnstlerischen Medium wird. In der Ausstellung verbindet Ismail Motive und Gedankenwelten der griechischen Mythologie mit Fragen unserer Gegenwart. Ihre Werke sollen bewusst nicht alles erkl\u00e4ren, sondern die Betrachtenden ber\u00fchren, neugierig machen und dazu anregen, miteinander ins Gespr\u00e4ch zu kommen.<\/p>\n<p>* pm: Stadt Marburg<\/p>\n","protected":false},"excerpt":{"rendered":"<p>Ehreng\u00e4ste aus Thailand habendie Kunst-Ausstellung &#8222;Mythos Mensch&#8220; besucht. Dabei diente die Kunst als Br\u00fccke zwischen Kulturen, Weltanschauungen und Menschen.<\/p>\n","protected":false},"author":2,"featured_media":0,"comment_status":"closed","ping_status":"open","sticky":false,"template":"","format":"standard","meta":{"advanced_seo_description":"","spay_email":"","jetpack_publicize_message":"","jetpack_is_tweetstorm":false,"jetpack_publicize_feature_enabled":true},"categories":[3],"tags":[216,7707,7708],"jetpack_featured_media_url":"","jetpack_publicize_connections":[],"jetpack_sharing_enabled":true,"jetpack_shortlink":"https:\/\/wp.me\/p8mhvd-5kV","jetpack-related-posts":[{"id":20245,"url":"http:\/\/marburg.news\/?p=20245","url_meta":{"origin":20517,"position":0},"title":"Ausstellung geplant: Kunst von Melek Ismail im BiP","date":"29. Juni 2026","format":false,"excerpt":"Melek Ismail zeigt Kunst mit Mokka-Absatz. Zu sehen ist die Ausstellung ab Donnerstag (2. Juli) im BiP. Unter dem Titel \"Mythos Mensch - Zwischen Mythologie und Gegenwart\" zeigt Melek Ismail ab Donnerstag (2. Juli) Kunst mit Mokka-Absatz im Beratungszentrum mit Integriertem Pflegest\u00fctzpunkt (BiP) \"Am Gr\u00fcn\" 16. Die Vernissage findet am\u2026","rel":"","context":"In &quot;Kultur&quot;","img":{"alt_text":"","src":"","width":0,"height":0},"classes":[]},{"id":15407,"url":"http:\/\/marburg.news\/?p=15407","url_meta":{"origin":20517,"position":1},"title":"Als Ausstellung: Jeder kann Kunst im BiP","date":"16. April 2024","format":false,"excerpt":"Die Ausstellung \"Ohne Pinsel - jeder kann Kunst\" wird bis Freitag (21. Juni) im BiP gezeigt. Sie pr\u00e4sentiert Werke von Maria Mahler. Bis Freitag (21. Juni) ist im Beratungszentrum mit integriertem Pflegest\u00fctzpunkt (BiP) die Ausstellung \"Ohne Pinsel - jeder kann Kunst\" von Maria Mahler zu sehen. Sie zeigt unterschiedliche Arten,\u2026","rel":"","context":"In &quot;Kultur&quot;","img":{"alt_text":"","src":"","width":0,"height":0},"classes":[]},{"id":16051,"url":"http:\/\/marburg.news\/?p=16051","url_meta":{"origin":20517,"position":2},"title":"Mehr Ausstellungsorte: &#8222;Synchron 2&#8220; \u00f6ffnet am Montag auch in Marburg","date":"26. Juli 2024","format":false,"excerpt":"Bei der Ausstellung \"Synchron 2\" steht Kunst aus Mittelhessen im Fokus. Sie findet an zehn Orten gleichzeitig statt. Die Ausstellung \"Synchron 2\" steht unter dem Titel \"Ver\u00e4nderung\". Sie hat das Ziel, die k\u00fcnstlerische Pr\u00e4senz in Mittelhessen zu betonen. Sie wird vom Bundesverband Bildender K\u00fcnstlerinnen und K\u00fcnstler (BBK) organisiert und findet\u2026","rel":"","context":"In &quot;Kultur&quot;","img":{"alt_text":"","src":"","width":0,"height":0},"classes":[]},{"id":9736,"url":"http:\/\/marburg.news\/?p=9736","url_meta":{"origin":20517,"position":3},"title":"F\u00fcr Fotos: Kunstausstellung zu Brutalismus am Rudolphsplatz","date":"1. Juni 2022","format":false,"excerpt":"Fotografien zur Brutalismus-Architektur in Marburg zeigt Susanne Saker. Ab Donnerstag (02. Juni) werden sie am Rudolphsplatz ausgestellt. Die experimentelle Ausstellung \u201eMarburg brutal\u201c findet im Rahmen der Veranstaltungsreihe \u201eKunst.Labor.Stadt.Platz\u201c zum Stadtjubil\u00e4um \u201eMarburg800\u201c statt. Die Fotografie-Drucke werden direkt mit Makulaturkleister auf die Betonoberfl\u00e4chen rund um den Rudolphsplatz aufgetragen. So verbinden sie den\u2026","rel":"","context":"In &quot;Kultur&quot;","img":{"alt_text":"","src":"","width":0,"height":0},"classes":[]},{"id":20085,"url":"http:\/\/marburg.news\/?p=20085","url_meta":{"origin":20517,"position":4},"title":"Erneute Ausstellung: 30 JAHRE PARADOX im Kreishaus Cappel","date":"27. Mai 2026","format":false,"excerpt":"Die Ausstellung \"30 JAHRE PARADOX - MITTEN IM LAND\" ist ab Juni im Marburger Landratsamt zu sehen. 28 Kunstschaffende aus Deutschland und China pr\u00e4sentieren dabei ihre Werke. Am Montag (1. Juni) um 18 Uhr findet die Er\u00f6ffnung der Ausstellung \"30 JAHRE PARADOX - MITTEN IM LAND\" im Landratsamt \"Im Lichtenholz\"\u2026","rel":"","context":"In &quot;Kultur&quot;","img":{"alt_text":"","src":"","width":0,"height":0},"classes":[]},{"id":12655,"url":"http:\/\/marburg.news\/?p=12655","url_meta":{"origin":20517,"position":5},"title":"\u00dcberw\u00e4ltigt: Werner Krieglstein ins Licht ger\u00fcckt","date":"23. Mai 2023","format":false,"excerpt":"Das Kunstmuseum der Philipps-Universit\u00e4t zeigt Werke Konkreter Kunst. Die Ausstellung mit Werken von Werner Krieglstein tr\u00e4gt den Titel \"Ins Licht ger\u00fcckt\". Das Kunstmuseum der Philipps-Universit\u00e4t gibt in seiner n\u00e4chsten gro\u00dfen Ausstellung einen \u00dcberblick \u00fcber das Schaffen des Bildhauers und Kunstp\u00e4dagogen Werner Krieglstein. Geboren wurde er 1937. Die Pr\u00e4sentation ist kombiniert\u2026","rel":"","context":"In &quot;Kultur&quot;","img":{"alt_text":"","src":"","width":0,"height":0},"classes":[]}],"_links":{"self":[{"href":"http:\/\/marburg.news\/index.php?rest_route=\/wp\/v2\/posts\/20517"}],"collection":[{"href":"http:\/\/marburg.news\/index.php?rest_route=\/wp\/v2\/posts"}],"about":[{"href":"http:\/\/marburg.news\/index.php?rest_route=\/wp\/v2\/types\/post"}],"author":[{"embeddable":true,"href":"http:\/\/marburg.news\/index.php?rest_route=\/wp\/v2\/users\/2"}],"replies":[{"embeddable":true,"href":"http:\/\/marburg.news\/index.php?rest_route=%2Fwp%2Fv2%2Fcomments&post=20517"}],"version-history":[{"count":0,"href":"http:\/\/marburg.news\/index.php?rest_route=\/wp\/v2\/posts\/20517\/revisions"}],"wp:attachment":[{"href":"http:\/\/marburg.news\/index.php?rest_route=%2Fwp%2Fv2%2Fmedia&parent=20517"}],"wp:term":[{"taxonomy":"category","embeddable":true,"href":"http:\/\/marburg.news\/index.php?rest_route=%2Fwp%2Fv2%2Fcategories&post=20517"},{"taxonomy":"post_tag","embeddable":true,"href":"http:\/\/marburg.news\/index.php?rest_route=%2Fwp%2Fv2%2Ftags&post=20517"}],"curies":[{"name":"wp","href":"https:\/\/api.w.org\/{rel}","templated":true}]}}