{"id":20516,"date":"2026-09-03T10:15:00","date_gmt":"2026-09-03T08:15:00","guid":{"rendered":"http:\/\/marburg.news\/?p=20516"},"modified":"2026-09-03T10:15:00","modified_gmt":"2026-09-03T08:15:00","slug":"hektisch-halbieren-land-kuerzt-mittel-fuer-hochschulbau","status":"publish","type":"post","link":"http:\/\/marburg.news\/?p=20516","title":{"rendered":"Hektisch halbieren: Land k\u00fcrzt Mittel f\u00fcr Hochschulbau"},"content":{"rendered":"<p>Das Land Hessen hat das Hochschulbauprogramm &#8222;HEUREKA&#8220; wird mehr als halbiert. Damit wurde die Wettbewerbsf\u00e4higkeit der hessischen Universit\u00e4ten erneut geschw\u00e4cht. <!--more--><br \/>\nDie Konferenz Hessischer Universit\u00e4ten (KHU) nimmt mit Entt\u00e4uschung zur Kenntnis, dass das Hochschulbauprogramm &#8222;HEUREKA&#8220; III nicht &#8211; wie vorgesehen &#8211; im Zeitraum 2027 bis 2031 mit einem Volumen von 1,4 Milliarden Euro umgesetzt, sondern bis zum Jahr 2036 gestreckt wird. Bei gleichbleibendem Gesamtvolumen bedeutet das eine faktische Halbierung, angesichts der erwartbaren Kostensteigerungen eine noch dar\u00fcberhinausgehende K\u00fcrzung der j\u00e4hrlich verf\u00fcgbaren Mittel f\u00fcr dringend notwendige Sanierungs- und Erneuerungsvorhaben an den hessischen Universit\u00e4ten.<br \/>\nBereits im laufenden &#8222;HEUREKA&#8220;-Programm erleben die Universit\u00e4ten deutliche Verz\u00f6gerungen: Durch die Priorisierung von Ma\u00dfnahmen durch die Landesregierung werden Vorhaben \u00fcberwiegend nur noch dann freigegeben, wenn akute Gefahr f\u00fcr Leib und Leben droht.<br \/>\n&#8222;HEUREKA war f\u00fcr die hessischen Universit\u00e4ten der letzte verbleibende Lichtblick, um wenigstens einen f\u00fcr national und international wettbewerbsf\u00e4hige Wissenschaft angemessenen Geb\u00e4udegrundbestand einigerma\u00dfen zu erhalten &#8211; von einem hohen Sanierungsstau ganz abgesehen&#8220;, erkl\u00e4rte KHU-Sprecher Prof. Dr. Thomas Nauss. &#8222;Eine verz\u00f6gerte Sanierung f\u00fchrt zudem zu weiteren und vermeidbaren Unterhaltskostensteigerungen und notd\u00fcrftigen Erhaltungsma\u00dfnahmen zulasten unseres Grundbudgets, das im Hochschulpakt gerade abgesenkt wurde. Die universit\u00e4re Wissenschaft ist damit doppelt von diesen erneuten Sparma\u00dfnahmen betroffen.&#8220;<br \/>\nDie hessischen Universit\u00e4ten sind zentrale Treiberinnen von Forschung und Innovation. Das gilt in der Breite der Fachdisziplinen &#8211; von technologischen Disruptionen bis zu sozialen Innovationen &#8211; ebenso wie in den Schl\u00fcsseltechnologien der High-Tech-Agenda und deren strategischen Forschungsfeldern, von Raumfahrt \u00fcber Sicherheitsforschung bis Gesundheitsforschung und Sozial- und Geisteswissenschaften. Mit der faktischen &#8222;HEUREKA&#8220;-K\u00fcrzung verschlechtert sich ihre Situation erneut und langfristig.<\/p>\n<p>* pm: Konferenz hessischer Hochschulen, Marburg<\/p>\n","protected":false},"excerpt":{"rendered":"<p>Das Land Hessen hat das Hochschulbauprogramm &#8222;HEUREKA&#8220; wird mehr als halbiert. Damit wurde die Wettbewerbsf\u00e4higkeit der hessischen Universit\u00e4ten erneut geschw\u00e4cht.<\/p>\n","protected":false},"author":2,"featured_media":0,"comment_status":"closed","ping_status":"open","sticky":false,"template":"","format":"standard","meta":{"advanced_seo_description":"","spay_email":"","jetpack_publicize_message":"","jetpack_is_tweetstorm":false,"jetpack_publicize_feature_enabled":true},"categories":[5,2],"tags":[88,7706,1846],"jetpack_featured_media_url":"","jetpack_publicize_connections":[],"jetpack_sharing_enabled":true,"jetpack_shortlink":"https:\/\/wp.me\/p8mhvd-5kU","jetpack-related-posts":[{"id":19035,"url":"http:\/\/marburg.news\/?p=19035","url_meta":{"origin":20516,"position":0},"title":"M\u00fcdes Marburg: Trotz Sonderverm\u00f6gens kein Geld f\u00fcr hessische Hochschulen","date":"14. November 2025","format":false,"excerpt":"Trotz des Sonderverm\u00f6gens sehen die hessischen Hochschule keine Verbesserung ihrer Lage. Das haben sie in einer gemeinsamen Stellungnahme von Freitag (14. November) erkl\u00e4rt. Die hessischen Universit\u00e4ten, die Hochschulen f\u00fcr angewandte Wissenschaften (HAW) in Hessen sowie die hessischen Kunsthochschulen nehmen die aktuellen Entscheidungen der Landesregierung zur Verwendung des Sonderverm\u00f6gens und des\u2026","rel":"","context":"In &quot;Bildung&quot;","img":{"alt_text":"","src":"","width":0,"height":0},"classes":[]},{"id":18884,"url":"http:\/\/marburg.news\/?p=18884","url_meta":{"origin":20516,"position":1},"title":"Bauliche Gr\u00fcnde: Hochschulen fordern 1,2 Milliarden f\u00fcr Geb\u00e4udesanierung","date":"23. Oktober 2025","format":false,"excerpt":"Die Sprecher der hessischen Hochschulen fordern f\u00fcr Investitionen in den Hochschulbau einen substantiellen Anteil an den Sondermitteln, die das Land vom Bund erh\u00e4lt. Genannt haben sie eine Summe von 1,2 Milliarden Euro. Das Land Hessen hat mit dem \"Heureka-Budget\" eine langfristige Planungsperspektive f\u00fcr den Hochschulbau geschaffen. F\u00fcr die Jahre 2023\u2026","rel":"","context":"In &quot;Bildung&quot;","img":{"alt_text":"","src":"","width":0,"height":0},"classes":[]},{"id":6011,"url":"http:\/\/marburg.news\/?p=6011","url_meta":{"origin":20516,"position":2},"title":"Weiterer Neubau: Auch die Anatomie zieht auf die Lahnberge","date":"16. November 2020","format":false,"excerpt":"Das Institut f\u00fcr Anatomie und Zellbiologie erh\u00e4lt ein neues Geb\u00e4ude auf dem Campus Lahnberge. Es l\u00f6st die alte Anatomie in der Innenstadt ab. Der Neubau f\u00fcr die Anatomie nimmt Form an. Der Rohbau ist weitgehend fertiggestellt. Das f\u00fcr den Herbst geplante Richtfest muss aber wegen der Corona-Pandemie ausfallen. Voraussichtlich zum\u2026","rel":"","context":"In &quot;Bildung&quot;","img":{"alt_text":"","src":"","width":0,"height":0},"classes":[]},{"id":16725,"url":"http:\/\/marburg.news\/?p=16725","url_meta":{"origin":20516,"position":3},"title":"Pr\u00e4sident und Pr\u00e4sidien: Thomas Nauss \u00fcbernimmt Vorsitz der KHU","date":"23. Oktober 2024","format":false,"excerpt":"Prof. Dr. Thomas Nauss hat den Vorsitz der Konferenz Hessischer Universit\u00e4tspr\u00e4sidien (KHU) \u00fcbernommen. Das hat die Philipps-Universit\u00e4t am Mittwoch (23. Oktober) mitgeteilt. Zum 1. Oktober hat Universit\u00e4tspr\u00e4sident Prof. Dr. Thomas Nauss von der Philipps-Universit\u00e4t die Rolle des Sprechers der KHU \u00fcbernommen. Er folgt auf Universit\u00e4tspr\u00e4sidentin Prof. Dr. Ute Clement von\u2026","rel":"","context":"In &quot;Bildung&quot;","img":{"alt_text":"","src":"","width":0,"height":0},"classes":[]},{"id":9252,"url":"http:\/\/marburg.news\/?p=9252","url_meta":{"origin":20516,"position":4},"title":"Neues Netzwerk: Land unterst\u00fctzt Wissenschaftskommunikation","date":"22. April 2022","format":false,"excerpt":"Ein neues Netzwerk st\u00e4rkt die Wissenschaftskommunikation an hessischen Universit\u00e4ten. Das Land f\u00f6rdert das Projekt mit 1,25 Millionen Euro bis 2025. Mit wissenschaftlichen Podcasts in den Streaming-Trends und Forschenden, die sich per \"Social Media\" zu Wort melden, hat Wissenschaftskommunikation in den vergangenen Jahren an Bedeutung gewonnen. Die f\u00fcnf hessischen Universit\u00e4ten wollen\u2026","rel":"","context":"In &quot;Bildung&quot;","img":{"alt_text":"","src":"","width":0,"height":0},"classes":[]},{"id":19282,"url":"http:\/\/marburg.news\/?p=19282","url_meta":{"origin":20516,"position":5},"title":"Bildung 2025: Wissenschaft weltweit unter Druck","date":"31. Dezember 2025","format":false,"excerpt":"Weltweit stand die Wissenschaft im Jahr 2025 unter zunehmendem Druck. Leider gilt das nicht nur f\u00fcr die Vereinigten Staaten von Amerika (USA), sondern auch f\u00fcr Hessen und Marburg. Bereits den Entwurf zum Hochschulpakt haben die Pr\u00e4sidenten der hessischen Hochschulen und Universit\u00e4ten im Juni 2025 kritisiert. Geholfen hat das allerdings nicht.\u2026","rel":"","context":"In &quot;Bildung&quot;","img":{"alt_text":"","src":"","width":0,"height":0},"classes":[]}],"_links":{"self":[{"href":"http:\/\/marburg.news\/index.php?rest_route=\/wp\/v2\/posts\/20516"}],"collection":[{"href":"http:\/\/marburg.news\/index.php?rest_route=\/wp\/v2\/posts"}],"about":[{"href":"http:\/\/marburg.news\/index.php?rest_route=\/wp\/v2\/types\/post"}],"author":[{"embeddable":true,"href":"http:\/\/marburg.news\/index.php?rest_route=\/wp\/v2\/users\/2"}],"replies":[{"embeddable":true,"href":"http:\/\/marburg.news\/index.php?rest_route=%2Fwp%2Fv2%2Fcomments&post=20516"}],"version-history":[{"count":0,"href":"http:\/\/marburg.news\/index.php?rest_route=\/wp\/v2\/posts\/20516\/revisions"}],"wp:attachment":[{"href":"http:\/\/marburg.news\/index.php?rest_route=%2Fwp%2Fv2%2Fmedia&parent=20516"}],"wp:term":[{"taxonomy":"category","embeddable":true,"href":"http:\/\/marburg.news\/index.php?rest_route=%2Fwp%2Fv2%2Fcategories&post=20516"},{"taxonomy":"post_tag","embeddable":true,"href":"http:\/\/marburg.news\/index.php?rest_route=%2Fwp%2Fv2%2Ftags&post=20516"}],"curies":[{"name":"wp","href":"https:\/\/api.w.org\/{rel}","templated":true}]}}