{"id":20515,"date":"2026-09-03T10:10:00","date_gmt":"2026-09-03T08:10:00","guid":{"rendered":"http:\/\/marburg.news\/?p=20515"},"modified":"2026-09-03T10:10:00","modified_gmt":"2026-09-03T08:10:00","slug":"demokratisch-dbbattieren-begegnung-mit-rainald-manthe","status":"publish","type":"post","link":"http:\/\/marburg.news\/?p=20515","title":{"rendered":"Demokratisch dbbattieren: Begegnung mit Rainald Manthe"},"content":{"rendered":"<p>Begegnung und Demokratie stehen am Freitag (18. September) im Fokus. Referent ist Dr. Rainald Manthe. <!--more--><br \/>\nWie k\u00f6nnen Begegnungs- und Alltagsorte den Zusammenhalt, das Engagement und die demokratische Teilhabe f\u00f6rdern? Dar\u00fcber spricht der Autor und Soziologe Dr. Rainald Manthe am Freitag (18. September) in Marburg. Gemeinsam mit der Freiwilligenagentur Marburg-Biedenkopf sowie der Arbeitsgemeinschaft &#8222;AG) Ehrenamt&#8220; der Dorfentwicklung l\u00e4dt die Stadt Marburg alle Interessierten zur Veranstaltung &#8222;Demokratie braucht Begegnung&#8220; ein. Zur Begr\u00fc\u00dfung spricht Stadtr\u00e4tin Kirsten Dinnebier.<br \/>\nInhaltlich geht es auch darum, welche Bedeutung pers\u00f6nliche Begegnungen f\u00fcr die Gesellschaft \u00fcberhaupt haben und wie \u00f6ffentliche R\u00e4ume zu lebendigen Orten des Austauschs werden k\u00f6nnen. So liegt ein besonderer Schwerpunkt auch auf der lokalen Praxis: Welche Bedeutung haben Begegnungsorte f\u00fcr den Zusammenhalt und die Teilhabe konkret am Beispiel der Marburger Stadtteile?<br \/>\nManthe spricht in seinem Vortrag dar\u00fcber, was er in seinem &#8211; vor zwei Jahren erschienenen &#8211; Buch &#8222;Demokratie fehlt Begegnung&#8220; aufgezeigt hat: warum allt\u00e4gliche Begegnungen das fundamentale Bindeglied f\u00fcr Vertrauen und eine lebendige Demokratie sind. Manthe m\u00f6chte veranschaulichen, wie Kommunen, Vereine und zivilgesellschaftliche Initiativen solche R\u00e4ume bewusst gestalten und nutzen k\u00f6nnen. Denn echter Austausch entstehe vor allem dort, wo Menschen im Alltag ganz selbstverst\u00e4ndlich zusammenkommen und sich willkommen f\u00fchlen.<br \/>\nIm Anschluss bietet sich die Gelegenheit, mit dem Referenten sowie weiteren Teilnehmenden ins Gespr\u00e4ch zu kommen, um zu diskutieren, wie Begegnungsorte vor Ort gest\u00e4rkt und weiterentwickelt werden k\u00f6nnen. Zudem werden erfolgreiche Praxisbeispiele direkt aus Marburg vorgestellt.<br \/>\nDer Referent hat in Duisburg-Essen und Bielefeld studiert und in Luzern \u00fcber die Rolle transnationaler Treffen sozialer Bewegungen promoviert. Auslandsaufenthalte f\u00fchrten ihn nach St. Petersburg, Chicago und Paris. Er hat au\u00dferdem einen Think-Tank beim Zentrum Liberale Moderne aufgebaut. Au\u00dferdem publiziert er regelm\u00e4\u00dfig zu den Entwicklungen und Herausforderungen der Demokratie.<br \/>\nDie Veranstaltung findet im Stadtverordnetensitzungssaal an der Barf\u00fc\u00dferstra\u00dfe statt. Beginn ist um 16 Uhr. Der Eintritt ist frei. Aus organisatorischen Gr\u00fcnden wird um eine Anmeldung bis Freitag (11. September) per Mail an info@freiwilligenagentur-marburg.de oder telefonisch unter 06421\/270516 gebeten.<\/p>\n<p>* pm: Stadt Marburg<\/p>\n","protected":false},"excerpt":{"rendered":"<p>Begegnung und Demokratie stehen am Freitag (18. September) im Fokus. Referent ist Dr. Rainald Manthe.<\/p>\n","protected":false},"author":2,"featured_media":0,"comment_status":"closed","ping_status":"open","sticky":false,"template":"","format":"standard","meta":{"advanced_seo_description":"","spay_email":"","jetpack_publicize_message":"","jetpack_is_tweetstorm":false,"jetpack_publicize_feature_enabled":true},"categories":[2,4],"tags":[3424,271,7657],"jetpack_featured_media_url":"","jetpack_publicize_connections":[],"jetpack_sharing_enabled":true,"jetpack_shortlink":"https:\/\/wp.me\/p8mhvd-5kT","jetpack-related-posts":[{"id":20383,"url":"http:\/\/marburg.news\/?p=20383","url_meta":{"origin":20515,"position":0},"title":"Im Stadtverordnetensitzungssaal: Demokratie braucht Begegnung","date":"4. August 2026","format":false,"excerpt":"\"Demokratie braucht Begegnung\" ist der Titel einer Veranstaltung am Freitag (18. September) um 16 Uhr im Stadtverordnetensitzungssaal. Referent ist Dr. Rainald Manthe. Wie kann Demokratie im Alltag gest\u00e4rkt werden? Welche Bedeutung haben pers\u00f6nliche Begegnungen f\u00fcr den gesellschaftlichen Zusammenhalt? Und wie k\u00f6nnen \u00f6ffentliche R\u00e4ume zu Orten des Austauschs werden? Diesen Fragen\u2026","rel":"","context":"In &quot;Bildung&quot;","img":{"alt_text":"","src":"","width":0,"height":0},"classes":[]},{"id":16260,"url":"http:\/\/marburg.news\/?p=16260","url_meta":{"origin":20515,"position":1},"title":"Engagiert und interessiert: Ehrenamtskonferenz zum Thema &#8222;St\u00e4rkung der Demokratie&#8220;","date":"5. September 2024","format":false,"excerpt":"Eine Ehrenamtskonferenz mit Dr. Holger Backhaus-Maul nimmt die Bedeutung des freiwilligen Engagements f\u00fcr eine starke Demokratie in den Blick. Sie findet am Mittwoch (25. September) im Kreishaus statt. Zur n\u00e4chsten Ehrenamtskonferenz laden der Landkreis Marburg-Biedenkopf und die Freiwilligenagentur Marburg-Biedenkopf f\u00fcr Mittwoch (25. September) ein. Gast ist der Soziologe und Verwaltungswissenschaftler\u2026","rel":"","context":"In &quot;Politik&quot;","img":{"alt_text":"","src":"","width":0,"height":0},"classes":[]},{"id":18613,"url":"http:\/\/marburg.news\/?p=18613","url_meta":{"origin":20515,"position":2},"title":"Auf Vortragsreise : Prof. Dr. Norbert Frei spricht \u00fcber Demokratie","date":"29. August 2025","format":false,"excerpt":"Prof. Dr. Norbert Frei tritt am Donnerstag (16. Oktober) \u00fcber die Demokratieentwicklung in Deutschland von 1945 bis 1960. Der namhafte Historiker spricht im Rahmen der Veranstaltungsreihe \"Befreiung 1945: Auf zur Demokratie!\" auf. Der Geschichtsforscher aus Jena spricht am Donnerstag (16. Oktober) im Landratsamt \"Im Lichtenholz\" 60 zum Thema \"Demokratieentwicklung\". Beginn\u2026","rel":"","context":"In &quot;Bildung&quot;","img":{"alt_text":"","src":"","width":0,"height":0},"classes":[]},{"id":13909,"url":"http:\/\/marburg.news\/?p=13909","url_meta":{"origin":20515,"position":3},"title":"Aktiv anpacken: Bundesversammlung der Lebenshilfe tagt im EPH","date":"29. September 2023","format":false,"excerpt":"Die Lebenshilfe spricht sich f\u00fcr Demokratie und gegen Diskriminierung aus. In Marburg hat am Freitag (29. September) ihre Mitgliederversammlung begonnen. Bundesvorsitzende Ulla Schmidt hat die Mitgliederversammlung der Lebenshilfe im Erwin-Piscator-Haus (EPH) er\u00f6ffnet. 350 Abgesandte aus ganz Deutschland beraten und morgen wichtige Zukunftsfragen. Mit einem kraftvollen Bekenntnis zur Demokratie und gegen\u2026","rel":"","context":"In &quot;Soziales&quot;","img":{"alt_text":"","src":"","width":0,"height":0},"classes":[]},{"id":20165,"url":"http:\/\/marburg.news\/?p=20165","url_meta":{"origin":20515,"position":4},"title":"Logistisch: Kreis und Sparkasse unterst\u00fctzen B\u00fcchereien","date":"11. Juni 2026","format":false,"excerpt":"Der Landkreis und die Sparkasse unterst\u00fctzen B\u00fcchereien mit insgesamt 5.000 Euro. Sie seien Orte f\u00fcr Bildung und Begegnung.\" Die \u00f6ffentlichen B\u00fcchereien im Landkreis Marburg-Biedenkopf erhalten eine neue Unterst\u00fctzung: Der Landkreis Marburg-Biedenkopf und die Sparkasse Marburg-Biedenkopf (SKMB) starten gemeinsam ein F\u00f6rderprogramm mit einer Gesamtsumme von rund 5.000 Euro. Das Ziel ist,\u2026","rel":"","context":"In &quot;Bildung&quot;","img":{"alt_text":"","src":"","width":0,"height":0},"classes":[]},{"id":15339,"url":"http:\/\/marburg.news\/?p=15339","url_meta":{"origin":20515,"position":5},"title":"Auf Antifeminismus achten: Ursula Birsl spricht vor Gleichstellungskommission","date":"5. April 2024","format":false,"excerpt":"Die Politikwissenschaftlerin Prof. Dr. Ursula Birsl spricht \u00fcber Antifeminismus und Gefahren f\u00fcr die Demokratie. Ihr Vortrag findet am Mittwoch (17. April) um 17 Uhr im Stadtverordnetensitzungssaal statt. W\u00e4hrend der vorangegangenen Wochen wurden die Errungenschaften der Frauenbewegungen gefeiert. Zugleich gab es Forderungen nach weiteren Ver\u00e4nderungen, damit Frauen ihr Leben wirklich gleichberechtigt\u2026","rel":"","context":"In &quot;Bildung&quot;","img":{"alt_text":"","src":"","width":0,"height":0},"classes":[]}],"_links":{"self":[{"href":"http:\/\/marburg.news\/index.php?rest_route=\/wp\/v2\/posts\/20515"}],"collection":[{"href":"http:\/\/marburg.news\/index.php?rest_route=\/wp\/v2\/posts"}],"about":[{"href":"http:\/\/marburg.news\/index.php?rest_route=\/wp\/v2\/types\/post"}],"author":[{"embeddable":true,"href":"http:\/\/marburg.news\/index.php?rest_route=\/wp\/v2\/users\/2"}],"replies":[{"embeddable":true,"href":"http:\/\/marburg.news\/index.php?rest_route=%2Fwp%2Fv2%2Fcomments&post=20515"}],"version-history":[{"count":0,"href":"http:\/\/marburg.news\/index.php?rest_route=\/wp\/v2\/posts\/20515\/revisions"}],"wp:attachment":[{"href":"http:\/\/marburg.news\/index.php?rest_route=%2Fwp%2Fv2%2Fmedia&parent=20515"}],"wp:term":[{"taxonomy":"category","embeddable":true,"href":"http:\/\/marburg.news\/index.php?rest_route=%2Fwp%2Fv2%2Fcategories&post=20515"},{"taxonomy":"post_tag","embeddable":true,"href":"http:\/\/marburg.news\/index.php?rest_route=%2Fwp%2Fv2%2Ftags&post=20515"}],"curies":[{"name":"wp","href":"https:\/\/api.w.org\/{rel}","templated":true}]}}