{"id":20513,"date":"2026-09-02T18:10:00","date_gmt":"2026-09-02T16:10:00","guid":{"rendered":"http:\/\/marburg.news\/?p=20513"},"modified":"2026-09-02T18:10:00","modified_gmt":"2026-09-02T16:10:00","slug":"nach-aufgaben-41-erfinderlabor-fuer-16-schulen","status":"publish","type":"post","link":"http:\/\/marburg.news\/?p=20513","title":{"rendered":"Nach Aufgaben: 41. Erfinderlabor f\u00fcr 16 Schulen"},"content":{"rendered":"<p>Bereits zum 41. Mal haben hessische Hochschulen Sch\u00fcler aus Hessen in ein &#8222;Erfinderlabor&#8220; eingeladen. Es fand vom 17. bis 21. August 2026 an der Philipps-Universit\u00e4t Marburg statt. <!--more--><br \/>\nim 41. &#8222;Erfinderlabor&#8220; des Zentrums f\u00fcr Chemie (ZFC) von Montag (17. August) bis Freitag (21. August) haben 16 hessische Oberstufensch\u00fclerinnen und -sch\u00fcler mit Bestnoten in den MINT-F\u00e4chern aus 16 Schulen eine Woche lang an der Philipps-Universit\u00e4t Marburg zu aktuellen Fragen der Biotechnologie und Arzneimittelentwicklung geforscht. Ihre Ergebnisse pr\u00e4sentierten die Sch\u00fcler*innen in der Aula der Philipps-Universit\u00e4t Marburg vor 170 G\u00e4sten. Darunter war auch der Hessische Kultusminister Armin Schwarz. Das &#8222;Erfinderlabor&#8220; war zugleich Festveranstaltung im Rahmen von &#8222;80 Jahre Hessen&#8220;.<\/p>\n<p>* pm: Philipps-Universit\u00e4t Marburg<\/p>\n","protected":false},"excerpt":{"rendered":"<p>Bereits zum 41. Mal haben hessische Hochschulen Sch\u00fcler aus Hessen in ein &#8222;Erfinderlabor&#8220; eingeladen. Es fand vom 17. bis 21. August 2026 an der Philipps-Universit\u00e4t Marburg statt.<\/p>\n","protected":false},"author":2,"featured_media":0,"comment_status":"closed","ping_status":"open","sticky":false,"template":"","format":"standard","meta":{"advanced_seo_description":"","spay_email":"","jetpack_publicize_message":"","jetpack_is_tweetstorm":false,"jetpack_publicize_feature_enabled":true},"categories":[5],"tags":[26,183,365],"jetpack_featured_media_url":"","jetpack_publicize_connections":[],"jetpack_sharing_enabled":true,"jetpack_shortlink":"https:\/\/wp.me\/p8mhvd-5kR","jetpack-related-posts":[{"id":17553,"url":"http:\/\/marburg.news\/?p=17553","url_meta":{"origin":20513,"position":0},"title":"Positives Projekt: Uni st\u00e4rkt Demokratiebildung an Schulen","date":"21. Februar 2025","format":false,"excerpt":"Ein Modellprojekt st\u00e4rkt die Demokratiebildung an Schulen. Die Philipps-Universit\u00e4t zog ein positives Fazit nach drei Jahren Wissenschaftstransfer an beruflichen Schulen. Drei Jahre lang haben Forschende der Philipps-Universit\u00e4t berufliche Schulen im Modellprojekt \"Starke Lehrer - starke Sch\u00fcler\" bei der St\u00e4rkung von Demokratiebildung und Extremismuspr\u00e4vention begleitet. Ihr Ziel war, Lehrkr\u00e4ften und p\u00e4dagogischen\u2026","rel":"","context":"In &quot;Bildung&quot;","img":{"alt_text":"","src":"","width":0,"height":0},"classes":[]},{"id":11490,"url":"http:\/\/marburg.news\/?p=11490","url_meta":{"origin":20513,"position":1},"title":"In Berufsschulen: Projekt f\u00fcr starke Lehrer und starke Sch\u00fcler","date":"19. Dezember 2022","format":false,"excerpt":"Ein Modellprojekt \"Starke Lehrer - starke Sch\u00fcler\" hat die Philipps-Universit\u00e4t gestartet. Bis Fr\u00fchjahr 2025 wird es mit insgesamt 300.000 Euro gef\u00f6rdert. Gemeinsam mit der Robert Bosch Stiftung, dem Hessischen Kultusministerium und der Bundeszentrale f\u00fcr politische Bildung hat die Philipps-Universit\u00e4t das Projekt \"Starke Lehrer - starke Sch\u00fcler\" an Beruflichen Schulen in\u2026","rel":"","context":"In &quot;Bildung&quot;","img":{"alt_text":"","src":"","width":0,"height":0},"classes":[]},{"id":19148,"url":"http:\/\/marburg.news\/?p=19148","url_meta":{"origin":20513,"position":2},"title":"Himmelw\u00e4rts: Sch\u00fcler forschen am Rande des Weltraums","date":"4. Dezember 2025","format":false,"excerpt":"Das Sch\u00fclerforschungszentrum Mittelhessen (SFM) vergibt sechs Wetterballon-Sets an Schulen. Das erm\u00f6glicht Experimente am Rande des Weltraums. Hoch hinaus geht es f\u00fcr forschungsbegeisterte Sch\u00fclerinnen und Sch\u00fcler aus Mittelhessen - wortw\u00f6rtlich: Im Rahmen des Projekts \"SkyMi\" vergibt das sogenannte \"Sch\u00fcler:innen-Forschungszentrum Mittelhessen\" (SFM) in Kooperation mit dem Forschungscampus Mittelhessen als Verbund der Justus-Liebig-Universit\u00e4t\u2026","rel":"","context":"In &quot;Bildung&quot;","img":{"alt_text":"","src":"","width":0,"height":0},"classes":[]},{"id":13887,"url":"http:\/\/marburg.news\/?p=13887","url_meta":{"origin":20513,"position":3},"title":"Sch\u00fcler-Forschungszentrum Mittelhessen: Engere Kooperation von Schule und Uni","date":"25. September 2023","format":false,"excerpt":"Zwei Landesminister haben das Sch\u00fcler-Forschungszentrum Mittelhessen er\u00f6ffnet. Es wurde am Fachbereich Physik eingerichtet. Raum f\u00fcr eigene Forschungsprojekte und experimentelle Untersuchungen, Kontakt zu Naturwissenschaftlerinnen und-Wissenschaftlern und zahlreiche Anregungen f\u00fcr die forschende Auseinandersetzung mit MINT-F\u00e4chern bietet das neu er\u00f6ffnete Sch\u00fcler-Forschungszentrum Mittelhessen (SFM) in Marburg. Die hessische Wissenschaftsministerin Angela Dorn und Kultusminister Prof.\u2026","rel":"","context":"In &quot;Bildung&quot;","img":{"alt_text":"","src":"","width":0,"height":0},"classes":[]},{"id":12147,"url":"http:\/\/marburg.news\/?p=12147","url_meta":{"origin":20513,"position":4},"title":"Gemeinsam gestalten: Uni kooperiert mit Elisabethschule","date":"15. M\u00e4rz 2023","format":false,"excerpt":"Die Elisabethschule und die Philipps-Universit\u00e4t kooperieren. Sie wollen eine Br\u00fccke ins Studium bauen. Die T\u00fcr zum Studium \u00f6ffnet sich f\u00fcr viele Sch\u00fclerinnen und Sch\u00fcler nicht erst nach dem Abitur. Bereits in der Schulzeit werden wichtige Weichen gestellt. Bei der Studienorientierung in der Oberstufe geht die Elisabethschule als j\u00fcngste \"Partnerschule der\u2026","rel":"","context":"In &quot;Bildung&quot;","img":{"alt_text":"","src":"","width":0,"height":0},"classes":[]},{"id":11726,"url":"http:\/\/marburg.news\/?p=11726","url_meta":{"origin":20513,"position":5},"title":"Robotik gelernt: Stadt und Kreis unterschreiben Vereinbarung","date":"20. Januar 2023","format":false,"excerpt":"Das \"Robotikum\" wird fester Teil im Schulunterricht. Eine Vereinbarung dazu haben Stadt, Kreis, Schulamt und Schulen unterzeichnet. Wie funktioniert ein Roboter? Wie kann man ihn programmieren? Und wie arbeitet k\u00fcnstliche Intelligenz (KI)? Das k\u00f6nnen Sch\u00fclerinnen und Sch\u00fcler in der Universit\u00e4tsstadt Marburg und im Landkreis Marburg-Biedenkopf bereits im \"Robotikum\" lernen. Stadt,\u2026","rel":"","context":"In &quot;Bildung&quot;","img":{"alt_text":"","src":"","width":0,"height":0},"classes":[]}],"_links":{"self":[{"href":"http:\/\/marburg.news\/index.php?rest_route=\/wp\/v2\/posts\/20513"}],"collection":[{"href":"http:\/\/marburg.news\/index.php?rest_route=\/wp\/v2\/posts"}],"about":[{"href":"http:\/\/marburg.news\/index.php?rest_route=\/wp\/v2\/types\/post"}],"author":[{"embeddable":true,"href":"http:\/\/marburg.news\/index.php?rest_route=\/wp\/v2\/users\/2"}],"replies":[{"embeddable":true,"href":"http:\/\/marburg.news\/index.php?rest_route=%2Fwp%2Fv2%2Fcomments&post=20513"}],"version-history":[{"count":0,"href":"http:\/\/marburg.news\/index.php?rest_route=\/wp\/v2\/posts\/20513\/revisions"}],"wp:attachment":[{"href":"http:\/\/marburg.news\/index.php?rest_route=%2Fwp%2Fv2%2Fmedia&parent=20513"}],"wp:term":[{"taxonomy":"category","embeddable":true,"href":"http:\/\/marburg.news\/index.php?rest_route=%2Fwp%2Fv2%2Fcategories&post=20513"},{"taxonomy":"post_tag","embeddable":true,"href":"http:\/\/marburg.news\/index.php?rest_route=%2Fwp%2Fv2%2Ftags&post=20513"}],"curies":[{"name":"wp","href":"https:\/\/api.w.org\/{rel}","templated":true}]}}