{"id":20512,"date":"2026-09-02T17:45:00","date_gmt":"2026-09-02T15:45:00","guid":{"rendered":"http:\/\/marburg.news\/?p=20512"},"modified":"2026-09-02T17:45:00","modified_gmt":"2026-09-02T15:45:00","slug":"nach-aufnahme-15-neue-anwaerter-im-rp-giessen","status":"publish","type":"post","link":"http:\/\/marburg.news\/?p=20512","title":{"rendered":"Nach Aufnahme: 15 neue Anw\u00e4rter im RP Gie\u00dfen"},"content":{"rendered":"<p>15 Inspektoranw\u00e4rterinnen und -anw\u00e4rter hat das Regierungspr\u00e4sidium Gie\u00dfen begr\u00fc\u00dft. Das hat das RP Gie\u00dfen am Mittwoch (2. September) mitgeteilt. <!--more--><br \/>\nIm Regierungspr\u00e4sidium Gie\u00dfen sind 15 neue Inspektoranw\u00e4rterinnen und -anw\u00e4rter begr\u00fc\u00dft worden. Vor ihnen liegen drei Jahre Studium und f\u00fcnf Praktika. &#8222;Das ist ein besonderer Meilenstein in Ihrem Berufsleben&#8220;, sagte Abteilungsleiterin Sonja Heckrodt. &#8222;Sie haben im Auswahlverfahren bewiesen, dass Sie das Potenzial, die Ausdauer und den Geist mitbringen, den wir hier brauchen.&#8220;<br \/>\nIn Vertretung der Beh\u00f6rdenleitung hie\u00df sie die Frauen und M\u00e4nner herzlich willkommen. Sie \u00fcberreichte ihnen die Ernennungsurkunden zu Beamten auf Widerruf und \u00fcbernahm die Vereidigung. &#8222;Wir freuen uns auf Sie und Ihre frischen Ideen&#8220;, , betonte Heckrodt. &#8222;Sie haben eine intensive Zeit voller neuer Eindr\u00fccke vor sich.&#8220;<br \/>\nF\u00fcr die kommenden Jahre w\u00fcnschte Heckrodt allen alles Gute. Die Inspektoranw\u00e4rterinnen und -anw\u00e4rter studieren an der Hessischen Hochschule f\u00fcr \u00f6ffentliches Management und Sicherheit (H\u00f6MS) an den Standorten Gie\u00dfen, Kassel und M\u00fchlheim. Mit dem Studiengang &#8222;Bachelor of Arts &#8211; Public Administration&#8220; qualifizieren sie sich allesamt f\u00fcr den gehobenen Dienst in der allgemeinen Verwaltung.<br \/>\nNach der Ernennung und Vereidigung stand f\u00fcr die Inspektoranw\u00e4rterinnen und -anw\u00e4rter zun\u00e4chst ein mehrt\u00e4giges Einf\u00fchrungsprogramm an. Dabi erhielten sie einen \u00dcberblick \u00fcber die vielf\u00e4ltigen &#8211; mehr als 1.000 &#8211;<br \/>\nAufgaben der sieben Abteilungen des Regierungspr\u00e4sidiums von A wie Arbeitsschutz bis Z wie Zuwanderung. Zudem wurde \u00fcber interne Abl\u00e4ufe informiert. Im Verlauf der n\u00e4chsten drei Jahre erwerben die Anw\u00e4rterinnen und Anw\u00e4rter durch die theoretische Ausbildung an der Hessischen Hochschule f\u00fcr \u00f6ffentliches Management und Sicherheit und f\u00fcnf Praktika in den RP-Fachdezernaten umfangreiche Kenntnisse, um ihre k\u00fcnftigen Aufgaben erfolgreich bew\u00e4ltigen zu k\u00f6nnen.<\/p>\n<p>* pm: Regierungspr\u00e4sidium Gie\u00dfen<\/p>\n","protected":false},"excerpt":{"rendered":"<p>15 Inspektoranw\u00e4rterinnen und -anw\u00e4rter hat das Regierungspr\u00e4sidium Gie\u00dfen begr\u00fc\u00dft. Das hat das RP Gie\u00dfen am Mittwoch (2. September) mitgeteilt.<\/p>\n","protected":false},"author":2,"featured_media":0,"comment_status":"closed","ping_status":"open","sticky":false,"template":"","format":"standard","meta":{"advanced_seo_description":"","spay_email":"","jetpack_publicize_message":"","jetpack_is_tweetstorm":false,"jetpack_publicize_feature_enabled":true},"categories":[4],"tags":[6270,6271,427],"jetpack_featured_media_url":"","jetpack_publicize_connections":[],"jetpack_sharing_enabled":true,"jetpack_shortlink":"https:\/\/wp.me\/p8mhvd-5kQ","jetpack-related-posts":[{"id":18643,"url":"http:\/\/marburg.news\/?p=18643","url_meta":{"origin":20512,"position":0},"title":"Ab September: Neue Anw\u00e4rter im RP Gie\u00dfen begr\u00fc\u00dft","date":"3. September 2025","format":false,"excerpt":"15 Inspektor-und Technische Oberinspektoranw\u00e4rter*innen hat Regierungsvizepr\u00e4sident Jan Schneider im RP Gie\u00dfen begr\u00fc\u00dft. Vor ihnen allen liegt eine spannende Zeit. Regierungsvizepr\u00e4sident Jan Schneider hat elf Inspektoranw\u00e4rterinnen und -anw\u00e4rter sowie vier Technische Oberinspektoranw\u00e4rterinnen und -anw\u00e4rter im Regierungspr\u00e4sidium Gie\u00dfen begr\u00fc\u00dft. Die einen haben ihr Studium vor sich, die anderen haben es schon abgeschlossen\u2026","rel":"","context":"In &quot;Soziales&quot;","img":{"alt_text":"","src":"","width":0,"height":0},"classes":[]},{"id":16217,"url":"http:\/\/marburg.news\/?p=16217","url_meta":{"origin":20512,"position":1},"title":"Auf der Laufbahn: Neue Beamte beim RP begr\u00fc\u00dft","date":"29. August 2024","format":false,"excerpt":"Fast 20 Inspektoranw\u00e4rter hat der kommissarische Regierungsvizepr\u00e4sident Jan Schneider begr\u00fc\u00dft. Sie beginnen ein Studium an der Hessischen Hochschule f\u00fcr \u00f6ffentliches Management und Sicherheit. \"Sie haben sich f\u00fcr einen mehr als spannenden Beruf entschieden\", sagte Jan Schneider. \"Schauen Sie sich m\u00f6glichst viele Bereiche an, um breit aufgestellt zu sein. Langeweile kommt\u2026","rel":"","context":"In &quot;Soziales&quot;","img":{"alt_text":"","src":"","width":0,"height":0},"classes":[]},{"id":17815,"url":"http:\/\/marburg.news\/?p=17815","url_meta":{"origin":20512,"position":2},"title":"Zur Einf\u00fchrung: Vizepr\u00e4sident begr\u00fc\u00dfte Neue im RP","date":"7. April 2025","format":false,"excerpt":"Im Regierungspr\u00e4sidium Gie\u00dfen hat Regierungsvizepr\u00e4sident Jan Schneider neue Besch\u00e4ftigte begr\u00fc\u00dft. Die Neuen sprachen von einer \"herzlichen Atmosph\u00e4re und spannender Arbeit\". Es ist eine lieb gewonnene Tradition im Regierungspr\u00e4sidium Gie\u00dfen, neue Besch\u00e4ftigte in kleiner Runde willkommen zu hei\u00dfen. Oder wie es der erst seit kurzem offiziell als Regierungsvizepr\u00e4sident im Amt t\u00e4tige\u2026","rel":"","context":"In &quot;Soziales&quot;","img":{"alt_text":"","src":"","width":0,"height":0},"classes":[]},{"id":17351,"url":"http:\/\/marburg.news\/?p=17351","url_meta":{"origin":20512,"position":3},"title":"1.000 M\u00f6glichkeiten: Vizepr\u00e4sident begr\u00fc\u00dfte Neue beim RP","date":"20. Januar 2025","format":false,"excerpt":"Der Kommissarische Regierungsvizepr\u00e4sident Jan Schneider hat neue Besch\u00e4ftigte seiner Beh\u00f6rde begr\u00fc\u00dft. Er versprach ihnen eine spannende Arbeit. Es ist eine noch junge Tradition im Regierungspr\u00e4sidium Gie\u00dfen, neue Besch\u00e4ftigte in kleiner Runde willkommen zu hei\u00dfen. Oder - wie es der kommissarische Regierungsvizepr\u00e4sident Jan Schneider schmunzelnd nannte - \"Ein Neuer begr\u00fc\u00dft die\u2026","rel":"","context":"In &quot;Soziales&quot;","img":{"alt_text":"","src":"","width":0,"height":0},"classes":[]},{"id":16200,"url":"http:\/\/marburg.news\/?p=16200","url_meta":{"origin":20512,"position":4},"title":"Zum Mitarbeiten: RP begr\u00fc\u00dfte neue Auszubildende","date":"27. August 2024","format":false,"excerpt":"\"Wir freuen uns, dass Sie da sind.\" Mit diesen Worten hat Manfred Becker vier neue Auszubildende und eine Jahrespraktikantin im Regierungspr\u00e4sidium Gie\u00dfen begr\u00fc\u00dft. Mit einer Ausbildung beginnt ein neuer Lebensabschnitt. Dabei ist es ganz gleich, ob jemand gerade erst die Schule verlassen hat oder schon etwas \u00e4lter ist und mit\u2026","rel":"","context":"In &quot;Bildung&quot;","img":{"alt_text":"","src":"","width":0,"height":0},"classes":[]},{"id":18554,"url":"http:\/\/marburg.news\/?p=18554","url_meta":{"origin":20512,"position":5},"title":"Einblicke: Besuch beim Karrieretag des RP Gie\u00dfen","date":"16. August 2025","format":false,"excerpt":"Ihren letzten Ferientag am Freitag (15. August) haben einige Sch\u00fclerinnen und Sch\u00fcler mal anders verbracht. Sie haben den Karrieretag beim Regierungspr\u00e4sidium Gie\u00dfen besucht. Dort erfuhren sie mehr \u00fcber Ausbildungs- und Studienm\u00f6glichkeiten in der Mittelbeh\u00f6rde mit ihren fast 1.500 Besch\u00e4ftigten. \"Unser Motto lautet 1 Arbeitgeber - 1.000 M\u00f6glichkeiten; und das ist\u2026","rel":"","context":"In &quot;Soziales&quot;","img":{"alt_text":"","src":"","width":0,"height":0},"classes":[]}],"_links":{"self":[{"href":"http:\/\/marburg.news\/index.php?rest_route=\/wp\/v2\/posts\/20512"}],"collection":[{"href":"http:\/\/marburg.news\/index.php?rest_route=\/wp\/v2\/posts"}],"about":[{"href":"http:\/\/marburg.news\/index.php?rest_route=\/wp\/v2\/types\/post"}],"author":[{"embeddable":true,"href":"http:\/\/marburg.news\/index.php?rest_route=\/wp\/v2\/users\/2"}],"replies":[{"embeddable":true,"href":"http:\/\/marburg.news\/index.php?rest_route=%2Fwp%2Fv2%2Fcomments&post=20512"}],"version-history":[{"count":0,"href":"http:\/\/marburg.news\/index.php?rest_route=\/wp\/v2\/posts\/20512\/revisions"}],"wp:attachment":[{"href":"http:\/\/marburg.news\/index.php?rest_route=%2Fwp%2Fv2%2Fmedia&parent=20512"}],"wp:term":[{"taxonomy":"category","embeddable":true,"href":"http:\/\/marburg.news\/index.php?rest_route=%2Fwp%2Fv2%2Fcategories&post=20512"},{"taxonomy":"post_tag","embeddable":true,"href":"http:\/\/marburg.news\/index.php?rest_route=%2Fwp%2Fv2%2Ftags&post=20512"}],"curies":[{"name":"wp","href":"https:\/\/api.w.org\/{rel}","templated":true}]}}