{"id":20510,"date":"2026-09-02T16:29:30","date_gmt":"2026-09-02T14:29:30","guid":{"rendered":"http:\/\/marburg.news\/?p=20510"},"modified":"2026-09-02T16:29:30","modified_gmt":"2026-09-02T14:29:30","slug":"nach-absturz-vernebelt-und-verdunkelt-sind-alle-hirne","status":"publish","type":"post","link":"http:\/\/marburg.news\/?p=20510","title":{"rendered":"Nach Absturz: Vernebelt und verdunkelt sind alle Hirne"},"content":{"rendered":"<p>Das Marburger Netzwerk f\u00fcr Demokratie und gegen Rechtsextremismus pr\u00e4sentiert &#8222;Vernebelt, verdunkelt sind alle Hirne&#8220;. Dabei handelt es sich um eine szenische Lesung aus Friedrich Kellners Tageb\u00fcchern 1938 bis 1945. <!--more--><br \/>\n&#8222;Das war mein Widerstand&#8220;, schrieb Friedrich Kellner. &#8222;Es war die einzige M\u00f6glichkeit, die mir noch blieb, um Terror und Gesetzlosigkeit zu bek\u00e4mpfen. In der Gegenwart konnte ich damals die Nazis nicht mehr bek\u00e4mpfen, also entschloss ich mich, sie in der Zukunft mit diesem Tagebuch zu bek\u00e4mpfen, um k\u00fcnftigen Generationen eine Waffe gegen jede Wiederholung solcher Untaten zu geben.&#8220;<br \/>\nDie Zeugnisse des aufrechten Gangs eines Deutschen im NS-Staat pr\u00e4sentieren Chris Sima, Dr. Hans-Joseph Sch\u00f6nberger, Dr. Georg D. Falk. Stattfinden soll die szenische Lesung am Dienstag (22. September)und Freitag (25. September) jeweils um 19 Uhr im &#8222;UND Marburg&#8220; am Steinweg.<\/p>\n<p>* pm: Marburger Netzwerk f\u00fcr Demokratie und gegen Rechtsextremismus<\/p>\n","protected":false},"excerpt":{"rendered":"<p>Das Marburger Netzwerk f\u00fcr Demokratie und gegen Rechtsextremismus pr\u00e4sentiert &#8222;Vernebelt, verdunkelt sind alle Hirne&#8220;. Dabei handelt es sich um eine szenische Lesung aus Friedrich Kellners Tageb\u00fcchern 1938 bis 1945.<\/p>\n","protected":false},"author":2,"featured_media":0,"comment_status":"closed","ping_status":"open","sticky":false,"template":"","format":"standard","meta":{"advanced_seo_description":"","spay_email":"","jetpack_publicize_message":"","jetpack_is_tweetstorm":false,"jetpack_publicize_feature_enabled":true},"categories":[5,3,2,4],"tags":[354,7704,526],"jetpack_featured_media_url":"","jetpack_publicize_connections":[],"jetpack_sharing_enabled":true,"jetpack_shortlink":"https:\/\/wp.me\/p8mhvd-5kO","jetpack-related-posts":[{"id":2806,"url":"http:\/\/marburg.news\/?p=2806","url_meta":{"origin":20510,"position":0},"title":"Das Leben leben: Lebenshilfe-Gr\u00fcnder Tom Mutters wurde im TaSch wieder lebendig","date":"15. November 2018","format":false,"excerpt":"\"W\u00e4re Tom nicht gewesen, g\u00e4be es mich vielleicht gar nicht.\" Das sagte ein Bewohner des Kerstinheims der Theaterintendantin Eva Lange. W\u00e4hrend der Proben zur Szenischen Lesung \"Man muss das Leben leben\" hatte sie Kontakt zu den behinderten Bewohnern der Marburger Einrichtung gesucht. Der Inszenierung merkt man das auch an: Auf\u2026","rel":"","context":"In &quot;Kultur&quot;","img":{"alt_text":"","src":"","width":0,"height":0},"classes":[]},{"id":16877,"url":"http:\/\/marburg.news\/?p=16877","url_meta":{"origin":20510,"position":1},"title":"Ausstellung im Kreishaus: Demokratie st\u00e4rken, Rechtsextremismus bek\u00e4mpfen","date":"12. November 2024","format":false,"excerpt":"Eine neue Ausstellung ist ab Freitag (15. November) im Landratsamt zu sehen. Sie hei\u00dft \"Demokratie st\u00e4rken - Rechtsextremismus bek\u00e4mpfen\". Die Wanderausstellung \"Demokratie st\u00e4rken - Rechtsextremismus bek\u00e4mpfen\" ist von Freitag (15. November) bis Freitag (13. Dezember) im Foyer des Landratsamts \"Im Lichtenholz\" 60 zu sehen. Die Ausstellung kann zu den \u00d6ffnungszeiten\u2026","rel":"","context":"In &quot;Politik&quot;","img":{"alt_text":"","src":"","width":0,"height":0},"classes":[]},{"id":17050,"url":"http:\/\/marburg.news\/?p=17050","url_meta":{"origin":20510,"position":2},"title":"Demokratie st\u00e4rken: Manuel Glittenberg \u00fcber Rechtsextremismus","date":"3. Dezember 2024","format":false,"excerpt":"Der Sozialwissenschaftler Manuel Glittenberg spricht am Montag (9. Dezember) \u00fcber Demokratie und Rechtsextremismus. Sein Thema lautet \"Demokratie st\u00e4rken \u2013 Rechtsextremismus bek\u00e4mpfen\". Auf Einladung des Landkreises Marburg-Biedenkopf h\u00e4lt der Sozialwissenschaftler Manuel Glittenberg am Montag (9. Dezember) einen Vortrag \u00fcber das Thema \"Was tun! Demokratie- und Menschenrechtsbildung \u00fcber und gegen Rechtsextremismus heute\".\u2026","rel":"","context":"In &quot;Politik&quot;","img":{"alt_text":"","src":"","width":0,"height":0},"classes":[]},{"id":19935,"url":"http:\/\/marburg.news\/?p=19935","url_meta":{"origin":20510,"position":3},"title":"Lesung: Jakob der L\u00fcgner im Staatsarchiv","date":"24. April 2026","format":false,"excerpt":"\"Jakob der L\u00fcgner\" hei\u00dft eine musikalische Lesung zum 8. Mai 1945. Anl\u00e4sslich des Jahrestags der Beendigung des Krieges in Europa pr\u00e4sentieren \"musica europa\" und das Netzwerk \"feindsender 2.0\" eine szenische und musikalische Lesung. Im Mittelpunkt steht die Figur Jakob Heym aus Jurek Beckers Roman \"Jakob der L\u00fcgner\", der in einem\u2026","rel":"","context":"In &quot;Kultur&quot;","img":{"alt_text":"","src":"","width":0,"height":0},"classes":[]},{"id":15139,"url":"http:\/\/marburg.news\/?p=15139","url_meta":{"origin":20510,"position":4},"title":"Fabelhafte Rebellen: Andrea Wulf zu Ideen der Fr\u00fchromantik","date":"5. M\u00e4rz 2024","format":false,"excerpt":"In ihrem Buch \u201eFabelhafte Rebellen\u201c zeichnet die Kulturhistorikerin Andrea Wulf ein Portr\u00e4t der fr\u00fchromantischen Denker um Johann Wolfgang von Goethe, Friedrich Schiller, Novalis und Friedrich Schlegel. Die Philipps-Universit\u00e4t und die Buchhandlung Inge Jakobi laden zu einer Lesung und einem Gespr\u00e4ch am Dienstag (12. M\u00e4rz) um 19 Uhr in den Vortrags-\u2026","rel":"","context":"In &quot;Bildung&quot;","img":{"alt_text":"","src":"","width":0,"height":0},"classes":[]},{"id":16935,"url":"http:\/\/marburg.news\/?p=16935","url_meta":{"origin":20510,"position":5},"title":"Versch\u00e4mt verschweigen: WOLFSJAHRE &#8211; Wie ein Nazi-Jurist in der jungen Bundesrepublik Karriere machte","date":"21. November 2024","format":false,"excerpt":"Die szenische Lesung \"WOLFSJAHRE - Wie ein Nazi-Jurist in der jungen Bundesrepublik Karriere machte\" von Dieter Schenk findet am Dienstag (3. Dezember)und am Mittwoch (4. Dezember) in der Waggonhalle statt. Sie ist Auftakt einer Veranstaltungsreihe des Netzwerks \"Feindsender 2.0\". Die Veranstaltung \"WOLFSJAHRE - Wie ein Nazi-Jurist in der jungen Bundesrepublik\u2026","rel":"","context":"In &quot;Politik&quot;","img":{"alt_text":"","src":"","width":0,"height":0},"classes":[]}],"_links":{"self":[{"href":"http:\/\/marburg.news\/index.php?rest_route=\/wp\/v2\/posts\/20510"}],"collection":[{"href":"http:\/\/marburg.news\/index.php?rest_route=\/wp\/v2\/posts"}],"about":[{"href":"http:\/\/marburg.news\/index.php?rest_route=\/wp\/v2\/types\/post"}],"author":[{"embeddable":true,"href":"http:\/\/marburg.news\/index.php?rest_route=\/wp\/v2\/users\/2"}],"replies":[{"embeddable":true,"href":"http:\/\/marburg.news\/index.php?rest_route=%2Fwp%2Fv2%2Fcomments&post=20510"}],"version-history":[{"count":0,"href":"http:\/\/marburg.news\/index.php?rest_route=\/wp\/v2\/posts\/20510\/revisions"}],"wp:attachment":[{"href":"http:\/\/marburg.news\/index.php?rest_route=%2Fwp%2Fv2%2Fmedia&parent=20510"}],"wp:term":[{"taxonomy":"category","embeddable":true,"href":"http:\/\/marburg.news\/index.php?rest_route=%2Fwp%2Fv2%2Fcategories&post=20510"},{"taxonomy":"post_tag","embeddable":true,"href":"http:\/\/marburg.news\/index.php?rest_route=%2Fwp%2Fv2%2Ftags&post=20510"}],"curies":[{"name":"wp","href":"https:\/\/api.w.org\/{rel}","templated":true}]}}