{"id":20509,"date":"2026-09-02T15:29:33","date_gmt":"2026-09-02T13:29:33","guid":{"rendered":"http:\/\/marburg.news\/?p=20509"},"modified":"2026-09-02T15:29:33","modified_gmt":"2026-09-02T13:29:33","slug":"nach-anwurf-6-bundesweiter-warntag-am-10-september","status":"publish","type":"post","link":"http:\/\/marburg.news\/?p=20509","title":{"rendered":"Nach Anwurf: 6. bundesweiter Warntag am 10. September"},"content":{"rendered":"<p>Der n\u00e4chste &#8222;Warntag&#8220; findet am Donnerstag (10. September) statt. Dabei werden M\u00f6glichkeiten zur Warnung der Bev\u00f6lkerung erprobt. <!--more--><br \/>\nDer &#8211; mittlerweile sechste &#8211; bundesweite Warntag findet am Donnerstag (10. September) statt. Bei diesem Aktionstag von Bund, L\u00e4ndern und Kommunen werden die unterschiedlichen Mittel zur Warnung der Bev\u00f6lkerung erprobt. Ab 11 Uhr kommt es auch im Landkreis Marburg-Biedenkopf zu einer Probewarnung auf verschiedenen Kan\u00e4len wie beispielsweise Sirenen, Warn-Apps, Smartphones und Sozialen Medien. Informationen zum Warntag gibt es online unter <a href=\"http:\/\/www.bbk.bund.de\/bundesweiter-warntag\">www.bbk.bund.de\/bundesweiter-warntag<\/a>.<br \/>\nDas Ziel des Warntags ist laut Bundesamt f\u00fcr Bev\u00f6lkerungsschutz und Katastrophenhilfe (BBK), Schwachstellen im Warnsystem zu erkennen und sie im Nachgang zu beheben. Aber auch die Bev\u00f6lkerung soll dadurch f\u00fcr das Thema &#8222;Warnung&#8220; sensibilisiert werden.<br \/>\nAuch im Landkreis Marburg-Biedenkopf findet dieser Probelauf statt: So werden die Sirenen im Zeitraum von 11 Uhr bis 11:45 Uhr das Signal &#8222;Warnung der Bev\u00f6lkerung&#8220; aussenden. Das ist ein einmin\u00fctiger Heulton, auf- und abschwellend. Zudem wird gegen 11.45 Uhr zus\u00e4tzlich noch das Sirenensignal &#8222;Entwarnung&#8220; als einmin\u00fctiger Dauerton ert\u00f6nen.<br \/>\n&#8222;Der bundesweite Warntag ist eine gute M\u00f6glichkeit, die Warnsysteme zu erproben und gleichzeitig die Bev\u00f6lkerung zu sensibilisieren&#8220;, erl\u00e4uterte Kreisbrandinspektor Lars Sch\u00e4fer. Der Kreis wird \u00fcber seine Social-Media-Kan\u00e4le &#8222;Facebook&#8220; und &#8222;Instagram&#8220;, \u00fcber die Messenger-Dienste &#8222;Telegram&#8220; und &#8222;WhatsApp&#8220; sowie auf seiner Website auf den Warntag hinweisen.<br \/>\nAuch die Warn-Apps wie beispielsweise &#8222;NINA&#8220; sowie das sogenannte &#8222;Cell Broadcast&#8220; kommen wieder zum Einsatz. Mit dem Mobilfunkdienst &#8222;Cell Broadcast&#8220; k\u00f6nnen Warnnachrichten durch das BBK direkt auf das Smartphone gesendet werden. Auch elektronische Werbetafeln sowie der Rundfunk sind bei der Probewarnung beteiligt.<br \/>\nUm die Warnung zu optimieren, spielt die R\u00fcckmeldung der Bev\u00f6lkerung als Empf\u00e4ngerin der Warnmeldungen eine wichtige Rolle. Aus diesem Grund wird die Bev\u00f6lkerung am bundesweiten Warntag und in den darauffolgenden Tagen gebeten, ihre Erfahrungen im Zuge einer Umfrage mit dem BBK zu teilen. Die M\u00f6glichkeit zum Feedback wird es zur auf der Website zum bundesweiten Warntag auf <a href=\"http:\/\/www.bbk.bund.de\">www.bbk.bund.de<\/a> oder unter dem Direktlink <a href=\"https:\/\/www.bbk.bund.de\/DE\/Warnung-Vorsorge\/Bundesweiter-Warntag\/Umfrageergebnisse-buwata\/umfrageergebnisse-buwata_node.html\">www.bbk.bund.de\/DE\/Warnung-Vorsorge\/Bundesweiter-Warntag\/Umfrageergebnisse-buwata\/umfrageergebnisse-buwata_node.html<\/a> geben.<\/p>\n<p>* pm: Landkreis Marburg-Biedenkopf<\/p>\n","protected":false},"excerpt":{"rendered":"<p>Der n\u00e4chste &#8222;Warntag&#8220; findet am Donnerstag (10. September) statt. Dabei werden M\u00f6glichkeiten zur Warnung der Bev\u00f6lkerung erprobt.<\/p>\n","protected":false},"author":2,"featured_media":0,"comment_status":"closed","ping_status":"open","sticky":false,"template":"","format":"standard","meta":{"advanced_seo_description":"","spay_email":"","jetpack_publicize_message":"","jetpack_is_tweetstorm":false,"jetpack_publicize_feature_enabled":true},"categories":[4],"tags":[5522,4072,4610],"jetpack_featured_media_url":"","jetpack_publicize_connections":[],"jetpack_sharing_enabled":true,"jetpack_shortlink":"https:\/\/wp.me\/p8mhvd-5kN","jetpack-related-posts":[{"id":18656,"url":"http:\/\/marburg.news\/?p=18656","url_meta":{"origin":20509,"position":0},"title":"Zur Warnung: Bundesweiter Probealarm am 11. September","date":"5. September 2025","format":false,"excerpt":"Ein bundesweiter Warntag ist f\u00fcr Donnerstag (11. September) geplant. Dabei werden M\u00f6glichkeiten zur Warnung der Bev\u00f6lkerung erprobt. Der mittlerweile f\u00fcnfte bundesweite Warntag findet am Donnerstag (11. September) statt. Bei diesem Aktionstag von Bund, L\u00e4ndern und Kommunen werden die unterschiedlichen Mittel zur Warnung der Bev\u00f6lkerung erprobt. Ab 11 Uhr kommt es\u2026","rel":"","context":"In &quot;Politik&quot;","img":{"alt_text":"","src":"","width":0,"height":0},"classes":[]},{"id":16305,"url":"http:\/\/marburg.news\/?p=16305","url_meta":{"origin":20509,"position":1},"title":"Katastrophenalarm aus Kassel: Vierter bundesweiter Warntag am 12. September","date":"11. September 2024","format":false,"excerpt":"Der bundesweite Warntag am Donnerstag (12. September) ist eine Probe f\u00fcr den Ernstfall. Dabei werden M\u00f6glichkeiten zur Warnung der Bev\u00f6lkerung getestet. Der vierte bundesweite Warntag findet am Donnerstag (12. September) statt. Bei diesem Aktionstag von Bund, L\u00e4ndern und Kommunen werden die unterschiedlichen Mittel zur Warnung der Bev\u00f6lkerung erprobt. Ab 11\u2026","rel":"","context":"In &quot;Politik&quot;","img":{"alt_text":"","src":"","width":0,"height":0},"classes":[]},{"id":13788,"url":"http:\/\/marburg.news\/?p=13788","url_meta":{"origin":20509,"position":2},"title":"Feuerprobe: Bundesweiter Warntag am 14. September","date":"8. September 2023","format":false,"excerpt":"Ein bundesweiter Warntag findet am Donnerstag (14. September) statt. Dabei werden M\u00f6glichkeiten zur Warnung der Bev\u00f6lkerung erprobt. Der dritte bundesweite Warntag findet am 14. September 2023 statt. Bei diesem Aktionstag von Bund, L\u00e4ndern und Kommunen werden die unterschiedlichen Mittel zur Warnung der Bev\u00f6lkerung erprobt. Ab 11 Uhr erfolgt an diesem\u2026","rel":"","context":"In &quot;Politik&quot;","img":{"alt_text":"","src":"","width":0,"height":0},"classes":[]},{"id":11361,"url":"http:\/\/marburg.news\/?p=11361","url_meta":{"origin":20509,"position":3},"title":"Landkreis informiert: Bundesweiter Warntag am 8. Dezember","date":"4. Dezember 2022","format":false,"excerpt":"Ein bundesweiter Warntag findet am Donnerstag (8. Dezember) statt. dabei werden M\u00f6glichkeiten zur Warnung der Bev\u00f6lkerung erprobt. Am Donnerstag (8 Dezember) findet der 2. bundesweite Warntag statt. Bei diesem Aktionstag von Bund, L\u00e4ndern und Kommunen werden die unterschiedlichen Mittel zur Warnung der Bev\u00f6lkerung erprobt. Ab 11 Uhr erfolgt an diesem\u2026","rel":"","context":"In &quot;Politik&quot;","img":{"alt_text":"","src":"","width":0,"height":0},"classes":[]},{"id":17610,"url":"http:\/\/marburg.news\/?p=17610","url_meta":{"origin":20509,"position":4},"title":"Einmal im Jahr: Landesweiter Warntag am 13. M\u00e4rz","date":"4. M\u00e4rz 2025","format":false,"excerpt":"Ein landesweiter Warntag findet am Donnerstag (13. M\u00e4rz) statt. Das hat die Stadt Marburg am Dienstag (4. M\u00e4rz) angek\u00fcndigt. Die Sirenen in den Ortsteilen und die Warn-Funktionen und Warn-Apps auf Mobiltelefonen werden am Donnerstag (13. M\u00e4rz) landesweit ausgel\u00f6st. Der hessenweite Probealarm startet um 10:15 Uhr. Ziel ist dabei, die technische\u2026","rel":"","context":"In &quot;Soziales&quot;","img":{"alt_text":"","src":"","width":0,"height":0},"classes":[]},{"id":16275,"url":"http:\/\/marburg.news\/?p=16275","url_meta":{"origin":20509,"position":5},"title":"Zeichen auf Alarm: Bundesweiter Warntag am 12. September","date":"9. September 2024","format":false,"excerpt":"Ein bundesweiter Warntag findet am Donnerstag (12. September) statt. Darauf hat die Stadt am Montag (9. September) hingewiesen. In ganz Deutschland wird beim bundesweiten Warntag am Donnerstag (12. September) \u00fcber das Bundesamt f\u00fcr Bev\u00f6lkerungsschutz und Katastrophenhilfe (BBK) um 11 Uhr ein Test der Warninfrastruktur durchgef\u00fchrt. Dabei werden die Schnittstellen zwischen\u2026","rel":"","context":"In &quot;Politik&quot;","img":{"alt_text":"","src":"","width":0,"height":0},"classes":[]}],"_links":{"self":[{"href":"http:\/\/marburg.news\/index.php?rest_route=\/wp\/v2\/posts\/20509"}],"collection":[{"href":"http:\/\/marburg.news\/index.php?rest_route=\/wp\/v2\/posts"}],"about":[{"href":"http:\/\/marburg.news\/index.php?rest_route=\/wp\/v2\/types\/post"}],"author":[{"embeddable":true,"href":"http:\/\/marburg.news\/index.php?rest_route=\/wp\/v2\/users\/2"}],"replies":[{"embeddable":true,"href":"http:\/\/marburg.news\/index.php?rest_route=%2Fwp%2Fv2%2Fcomments&post=20509"}],"version-history":[{"count":0,"href":"http:\/\/marburg.news\/index.php?rest_route=\/wp\/v2\/posts\/20509\/revisions"}],"wp:attachment":[{"href":"http:\/\/marburg.news\/index.php?rest_route=%2Fwp%2Fv2%2Fmedia&parent=20509"}],"wp:term":[{"taxonomy":"category","embeddable":true,"href":"http:\/\/marburg.news\/index.php?rest_route=%2Fwp%2Fv2%2Fcategories&post=20509"},{"taxonomy":"post_tag","embeddable":true,"href":"http:\/\/marburg.news\/index.php?rest_route=%2Fwp%2Fv2%2Ftags&post=20509"}],"curies":[{"name":"wp","href":"https:\/\/api.w.org\/{rel}","templated":true}]}}