{"id":20508,"date":"2026-09-02T15:06:08","date_gmt":"2026-09-02T13:06:08","guid":{"rendered":"http:\/\/marburg.news\/?p=20508"},"modified":"2026-09-02T15:06:08","modified_gmt":"2026-09-02T13:06:08","slug":"nach-einwurf-rueckwaertssprache-verraet-denkstrukturen","status":"publish","type":"post","link":"http:\/\/marburg.news\/?p=20508","title":{"rendered":"Nach Einwurf: R\u00fcckw\u00e4rtssprache verr\u00e4t Denkstrukturen"},"content":{"rendered":"<p>Mathias Scharinger erkl\u00e4rt, was r\u00fcckw\u00e4rts gesprochene Sprache \u00fcber die Funktionsweise des Gehirns verr\u00e4t. Den aktuellen Forschungsstand hat er in einer Fachzeitschrift zusammengefasst. <!--more--><br \/>\nDen eigenen Namen hat wohl fast jeder schon einmal r\u00fcckw\u00e4rts geschrieben oder ausgesprochen. Was als sprachliches Spiel beginnt, ist f\u00fcr die Sprachwissenschaft h\u00f6chst aufschlussreich: R\u00fcckw\u00e4rtssprache gibt Einblicke darin, wie das menschliche Gehirn Sprache zeitlich verarbeitet und welche Informationen f\u00fcr das Sprachverstehen entscheidend sind. Phonetiker Mathias Scharinger von der Philipp-Universit\u00e4t Marburg hat den bisherigen Forschungsstand zur R\u00fcckw\u00e4rtssprache in einem systematischen \u00dcbersichtsartikel zusammengef\u00fchrt, der jetzt in der internationalen Fachzeitschrift &#8222;Psychonomic Bulletin &amp; Review&#8220; erschienen ist.<br \/>\nDabei zeigt sich ein \u00fcberraschender Befund: Das menschliche Gehirn braucht nicht immer die exakte zeitliche Reihenfolge eines Sprachsignals, um es zu verstehen. Werden einzelne Sprachlaute nur \u00fcber sehr kurze Zeitabschnitte r\u00fcckw\u00e4rts abgespielt, k\u00f6nnen Menschen sie teilweise weiterhin wahrnehmen und verarbeiten &#8211; obwohl das akustische Signal innerhalb dieses kurzen Zeitfensters zeitlich umgekehrt ist. Entscheidend ist offenbar st\u00e4rker die Reihenfolge gr\u00f6\u00dferer sprachlicher Einheiten.<br \/>\nBei der Sprachverarbeitung reduziert das Gehirn im Verlauf der Verarbeitung gewisserma\u00dfen die Bedeutung sehr feiner zeitlicher Informationen. Das kann dabei helfen, die begrenzten Ged\u00e4chtnisressourcen effizient zu nutzen. Die genaue Verarbeitung unterscheidet sich dabei zwischen Sprachen, da diese unterschiedliche Laute und Lautkombinationen verwenden.<br \/>\nAuch die F\u00e4higkeit, selbst r\u00fcckw\u00e4rts zu sprechen, gibt Hinweise auf die Mechanismen der Sprachverarbeitung. R\u00fcckw\u00e4rtssprechen beginnt nach bisherigem Forschungsstand h\u00e4ufig mit dem Schriftspracherwerb: Menschen orientieren sich zun\u00e4chst an den Buchstaben und ordnen sie in umgekehrter Reihenfolge an. So wird aus &#8222;Guten Tag&#8220; beispielsweise &#8222;Gat Netug&#8220;.<br \/>\nBeim phonetischen R\u00fcckw\u00e4rtssprechen geht es dagegen nicht um Buchstaben, sondern um die tats\u00e4chliche Reihenfolge der Sprachlaute. Das zeigt das Beispiel &#8222;Tauschgesch\u00e4ft&#8220;: &#8222;Tf\u00e4hcseghcsuat&#8220; l\u00e4sst sich kaum fl\u00fcssig aussprechen. Wer dagegen die tats\u00e4chlichen Sprachlaute in umgekehrter Reihenfolge artikuliert, kommt zu &#8222;Tf\u00e4schegschaut&#8220;. Das macht die Aufgabe allerdings deutlich anspruchsvoller.<br \/>\nMenschen, die diese F\u00e4higkeit besonders gut beherrschen, verf\u00fcgen vermutlich \u00fcber ein gut ausgepr\u00e4gtes Arbeitsged\u00e4chtnis und ein besonders feines Gesp\u00fcr f\u00fcr Sprachlaute und deren Abfolge. Einer von ihnen ist Bernhard Wolff. Der professionelle Sprecher und Autor beherrscht diese F\u00e4higkeit professionell &#8211;<br \/>\nund im phonetischen Sinn &#8211; auch korrekt. R\u00fcckw\u00e4rtssprechende wie er k\u00f6nnten f\u00fcr die Forschung von besonderem Interesse sein: Ihre F\u00e4higkeiten erlauben es, die normalerweise eng miteinander verbundenen Prozesse der Sprachproduktion und -wahrnehmung gewisserma\u00dfen unter einem ungew\u00f6hnlichen Blickwinkel zu untersuchen.<br \/>\n&#8222;R\u00fcckw\u00e4rtssprache ist ein faszinierendes Fenster in die zeitliche Organisation von Sprache&#8220;, erl\u00e4uterte Scharinger. &#8222;Sie zeigt uns, dass Sprachverarbeitung weder eine einfache Aneinanderreihung einzelner Laute ist noch die exakte zeitliche Information des akustischen Signals zu jedem Zeitpunkt vollst\u00e4ndig bewahren muss.&#8220;<br \/>\nDie Forschung zu R\u00fcckw\u00e4rtssprache verweist zudem auf eine grundlegendere Frage: Wie flexibel kann das menschliche Gehirn mit zeitlich strukturierten Informationen umgehen? Neuronale Rhythmen, die mit unterschiedlichen sprachlichen Einheiten wie Lauten, Silben und Phrasen zusammenwirken, k\u00f6nnten dabei eine wichtige Rolle spielen. R\u00fcckw\u00e4rtssprache wird damit zu einem besonderen Beispiel f\u00fcr kognitive Flexibilit\u00e4t &#8211; und zu einem ungew\u00f6hnlichen Werkzeug, um die Mechanismen menschlicher Sprachverarbeitung besser zu verstehen.<\/p>\n<p>* pm: Philipps-Universit\u00e4t Marburg<\/p>\n","protected":false},"excerpt":{"rendered":"<p>Mathias Scharinger erkl\u00e4rt, was r\u00fcckw\u00e4rts gesprochene Sprache \u00fcber die Funktionsweise des Gehirns verr\u00e4t. Den aktuellen Forschungsstand hat er in einer Fachzeitschrift zusammengefasst.<\/p>\n","protected":false},"author":2,"featured_media":0,"comment_status":"closed","ping_status":"open","sticky":false,"template":"","format":"standard","meta":{"advanced_seo_description":"","spay_email":"","jetpack_publicize_message":"","jetpack_is_tweetstorm":false,"jetpack_publicize_feature_enabled":true},"categories":[5],"tags":[1054,3056,7703],"jetpack_featured_media_url":"","jetpack_publicize_connections":[],"jetpack_sharing_enabled":true,"jetpack_shortlink":"https:\/\/wp.me\/p8mhvd-5kM","jetpack-related-posts":[{"id":7018,"url":"http:\/\/marburg.news\/?p=7018","url_meta":{"origin":20508,"position":0},"title":"Sprachen leben: Neues Graduiertenkolleg erh\u00e4lt fast 3 Millionen Euro","date":"10. Mai 2021","format":false,"excerpt":"Die DFG f\u00f6rdert das neue Graduiertenkolleg \"Dynamik und Stabilit\u00e4t sprachlicher Repr\u00e4sentationen\" an der Philipps-Universit\u00e4t mit knapp 3 Millionen Euro. Damit entsteht in Marburg ein einmaliges Umfeld f\u00fcr die sprachwissenschaftliche Promotion. Sprachen sind variationsreich und im st\u00e4ndigen Wandel, sei es im Wortschatz oder in der Aussprache von W\u00f6rtern. Ist man Teil\u2026","rel":"","context":"In &quot;Bildung&quot;","img":{"alt_text":"","src":"","width":0,"height":0},"classes":[]},{"id":10413,"url":"http:\/\/marburg.news\/?p=10413","url_meta":{"origin":20508,"position":1},"title":"Immer sofort: Gehirn erkennt bekannte Stimmen in 150 Millisekunden","date":"22. August 2022","format":false,"excerpt":"Das Gehirn erkennt Prominente blitzschnell an der Stimme. Das ist der akustische \"Merkel-Effekt\". Das sprachverarbeitende Gehirn identifiziert ber\u00fchmte Stimmen, bevor man sich dessen bewusst wird Die Stimme einer prominenten Sprecherin wie Angela Merkel ruft charakteristische Hirnreaktionen hervor, die bereits in den ersten 150 Millisekunden vor sich gehen, noch ehe man\u2026","rel":"","context":"In &quot;Bildung&quot;","img":{"alt_text":"","src":"","width":0,"height":0},"classes":[]},{"id":20312,"url":"http:\/\/marburg.news\/?p=20312","url_meta":{"origin":20508,"position":2},"title":"Dank dem Dialekt: Mundart trainiert Hirn wie Zweisprachigkeit","date":"14. Juli 2026","format":false,"excerpt":"Ein Marburger Forschungsteam untersuchte die Hirnstruktur bei Dialektsprechenden. Demzufolge trainiert ein Dialekt das Gehirn ebenso gut wie Zweisprachigkeit. Dialekt galt in Deutschland jahrzehntelang als Bildungshindernis. Ein interdisziplin\u00e4res Forschungsteam der Philipps-Universit\u00e4t Marburg hat jetzt das Gegenteil gezeigt: Dialektkompetenz wirkt sich nach einer aktuellen Studie positiv auf die sprachlichen F\u00e4higkeiten aus. Der\u2026","rel":"","context":"In &quot;Bildung&quot;","img":{"alt_text":"","src":"","width":0,"height":0},"classes":[]},{"id":20108,"url":"http:\/\/marburg.news\/?p=20108","url_meta":{"origin":20508,"position":3},"title":"Bewilligen: DFG verl\u00e4ngert Graduiertenkolleg zur Sprachforschung","date":"1. Juni 2026","format":false,"excerpt":"Die Deutsche Forschungsgemeinschaft (DFG) verl\u00e4ngert das Marburger Graduiertenkolleg zur Sprachforschung bis 2031. Das hat die Philipps-Universit\u00e4t am Montag (1. Juni) mitgeteilt. Das Gradudiertenkolleg \"Dynamik und Stabilit\u00e4t sprachlicher Repr\u00e4sentationen\" startet in die zweite F\u00f6rderphase - und st\u00e4rkt die internationale Sichtbarkeit der Marburger Sprachwissenschaft sowie die strukturierte Qualifizierung des wissenschaftlichen Nachwuchses. Mit\u2026","rel":"","context":"In &quot;Bildung&quot;","img":{"alt_text":"","src":"","width":0,"height":0},"classes":[]},{"id":17646,"url":"http:\/\/marburg.news\/?p=17646","url_meta":{"origin":20508,"position":4},"title":"Auszeichnen: Toke Hoffmeister erh\u00e4lt Hugo-Moser-Preis","date":"11. M\u00e4rz 2025","format":false,"excerpt":"Den Hugo-Moser-Preis 2025 erh\u00e4lt der Marburger Sprachwissenschaftler Dr. Toke Hoffmeister. Im Fokus seiner Forschung stehen Sprachvariation und das menschliche Gehirn. Der Sprachwissenschaftler Dr. Toke Hoffmeister wird mit dem renommierten Hugo-Moser-Preis 2025 ausgezeichnet. Der mit 7.500 Euro dotierte F\u00f6rderpreis f\u00fcr germanistische Sprachwissenschaft wird am Mittwoch (12. M\u00e4rz) auf der 61. Jahrestagung\u2026","rel":"","context":"In &quot;Bildung&quot;","img":{"alt_text":"","src":"","width":0,"height":0},"classes":[]},{"id":6590,"url":"http:\/\/marburg.news\/?p=6590","url_meta":{"origin":20508,"position":5},"title":"Am Wahltag: Erkl\u00e4r-Videos und flugbl\u00e4tter in Leichter Sprache","date":"22. Februar 2021","format":false,"excerpt":"Die Stadt bringt Flyer und Erkl\u00e4r-Videos zur Wahl heraus. Alle sollen alles Wichtige verstehen und mitmachen. F\u00fcr Marburg ist Sonntag (14. M\u00e4rz) ein Super-Wahltag. Gew\u00e4hlt werden die Stadtverordnetenversammlung (StVV), die Ortsbeir\u00e4te, der Kreistag, der Oberb\u00fcrgermeister oder die Oberb\u00fcrgermeisterin und der Ausl\u00e4nderbeirat. Die Stadtverwaltung hat zwei Erkl\u00e4r-Videos erstellt, die auf einfache\u2026","rel":"","context":"In &quot;Politik&quot;","img":{"alt_text":"","src":"","width":0,"height":0},"classes":[]}],"_links":{"self":[{"href":"http:\/\/marburg.news\/index.php?rest_route=\/wp\/v2\/posts\/20508"}],"collection":[{"href":"http:\/\/marburg.news\/index.php?rest_route=\/wp\/v2\/posts"}],"about":[{"href":"http:\/\/marburg.news\/index.php?rest_route=\/wp\/v2\/types\/post"}],"author":[{"embeddable":true,"href":"http:\/\/marburg.news\/index.php?rest_route=\/wp\/v2\/users\/2"}],"replies":[{"embeddable":true,"href":"http:\/\/marburg.news\/index.php?rest_route=%2Fwp%2Fv2%2Fcomments&post=20508"}],"version-history":[{"count":0,"href":"http:\/\/marburg.news\/index.php?rest_route=\/wp\/v2\/posts\/20508\/revisions"}],"wp:attachment":[{"href":"http:\/\/marburg.news\/index.php?rest_route=%2Fwp%2Fv2%2Fmedia&parent=20508"}],"wp:term":[{"taxonomy":"category","embeddable":true,"href":"http:\/\/marburg.news\/index.php?rest_route=%2Fwp%2Fv2%2Fcategories&post=20508"},{"taxonomy":"post_tag","embeddable":true,"href":"http:\/\/marburg.news\/index.php?rest_route=%2Fwp%2Fv2%2Ftags&post=20508"}],"curies":[{"name":"wp","href":"https:\/\/api.w.org\/{rel}","templated":true}]}}