{"id":20505,"date":"2026-09-01T16:15:00","date_gmt":"2026-09-01T14:15:00","guid":{"rendered":"http:\/\/marburg.news\/?p=20505"},"modified":"2026-09-01T16:15:00","modified_gmt":"2026-09-01T14:15:00","slug":"wegen-unrechtsverarbeitung-projekt-von-der-geschichte-gezeichnet","status":"publish","type":"post","link":"http:\/\/marburg.news\/?p=20505","title":{"rendered":"Wegen Unrechtsverarbeitung: Projekt von der Geschichte gezeichnet"},"content":{"rendered":"<p>Die Auftaktveranstaltung des Projekts &#8222;Von der Geschichte gezeichnet &#8211;<br \/>\nMarburger NS-Unrecht neu erz\u00e4hlt&#8220; findet am Dienstag (15. September)um 17 Uhr bei &#8222;Arbeit und Bildung&#8220; am Krummbogen statt. Das Projekt richtet sich an Jugendliche. <!--more--><br \/>\n&#8222;Von der Geschichte gezeichnet&#8220; ist ein historisch-politisches Bildungsprojekt, das sich an Jugendliche und junge Erwachsene von 16 bis 25 Jahren richtet. In aktiver Recherchearbeit &#8211; begleitet von p\u00e4dagogischen Mitarbeiterinnen und Mitarbeitern &#8211; sollen die jungen Menschen die M\u00f6glichkeit bekommen, die Schicksale von bestimmten Personengruppen oder Einzelpersonen aus Marburg w\u00e4hrend der NS-Diktatur zu rekonstruieren. Die Ergebnisse der Recherche werden in Zusammenarbeit mit einer K\u00fcnstlerin in einer interaktiven Graphic Novel digital und analog ver\u00f6ffentlicht, um lokale Geschichten \u00fcber NS-Verbrechen einer breiten Gruppe zug\u00e4nglich zu machen. Ein sp\u00e4terer Einstieg ist laufend m\u00f6glich Die Teilnahme ist kostenlos.<\/p>\n<p>* pm: Arbeit und Bildung, Marburg<\/p>\n","protected":false},"excerpt":{"rendered":"<p>Die Auftaktveranstaltung des Projekts &#8222;Von der Geschichte gezeichnet &#8211; Marburger NS-Unrecht neu erz\u00e4hlt&#8220; findet am Dienstag (15. September)um 17 Uhr bei &#8222;Arbeit und Bildung&#8220; am Krummbogen statt. Das Projekt richtet sich an Jugendliche.<\/p>\n","protected":false},"author":2,"featured_media":0,"comment_status":"closed","ping_status":"open","sticky":false,"template":"","format":"standard","meta":{"advanced_seo_description":"","spay_email":"","jetpack_publicize_message":"","jetpack_is_tweetstorm":false,"jetpack_publicize_feature_enabled":true},"categories":[5,2],"tags":[265,174,7700],"jetpack_featured_media_url":"","jetpack_publicize_connections":[],"jetpack_sharing_enabled":true,"jetpack_shortlink":"https:\/\/wp.me\/p8mhvd-5kJ","jetpack-related-posts":[{"id":16730,"url":"http:\/\/marburg.news\/?p=16730","url_meta":{"origin":20505,"position":0},"title":"Bingo emotio nal: KiJuPa liest gegen das Vergessen","date":"24. Oktober 2024","format":false,"excerpt":"Das KiJuPa der Stadt Marburg liest aus B\u00fcchern zum Holocaust. Die Lesungen f\u00fcr Kinder und Jugendliche wenden sich gegen das Vergessen. Das Kinder- und Jugendparlament (KiJuPa) veranstaltet gemeinsam mit der Gesellschaft f\u00fcr Christlich-J\u00fcdische Zusammenarbeit und dem Deutsch-Schwedischen Freundschaftsverein zwei Lesungen f\u00fcr Kinder und Jugendliche zum Holocaust aus der Perspektive von\u2026","rel":"","context":"In &quot;Bildung&quot;","img":{"alt_text":"","src":"","width":0,"height":0},"classes":[]},{"id":16164,"url":"http:\/\/marburg.news\/?p=16164","url_meta":{"origin":20505,"position":1},"title":"Gemeinsame Zeitreise: Marburg unter der Hakenkreuzfahne","date":"22. August 2024","format":false,"excerpt":"Eine App informiert \u00fcber Marburg in der Zeit von 1933 bis 1945 und die Verbrechen des Nationalsozialismus. Unter dem Titel \"Marburg unter der Hakenkreuzfahne\" wird Geschichte dabei f\u00fcr Jugendliche verst\u00e4ndlich erkl\u00e4rt. B\u00fcrgermeisterin Nadine Bernshausen und Mitarbeitende der Jugendf\u00f6rderung begleiten Jugendliche auf einer \"Actionbound-Tour\" durch Marburg. Gemeinsam begegen sie sich auf\u2026","rel":"","context":"In &quot;Bildung&quot;","img":{"alt_text":"","src":"","width":0,"height":0},"classes":[]},{"id":17566,"url":"http:\/\/marburg.news\/?p=17566","url_meta":{"origin":20505,"position":2},"title":"Buch bewegt: Lesung \u00fcber j\u00fcdische Kinder und Jugendliche","date":"24. Februar 2025","format":false,"excerpt":"Das Kinder- und Jugendparlament (KiJuPa) gibt j\u00fcdischen Kindern und Jugendlichen aus der NS-Zeit eine Stimme. Das geschieht bei einer Lesung am Sonntag (16. M\u00e4rz). Was haben j\u00fcdische Kinder und Jugendliche in der Zeit des Nationalsozialismus erleben m\u00fcssen? Wie haben sie auf der Flucht, in Verstecken, in Ghettos oder in Konzentrationslagern\u2026","rel":"","context":"In &quot;Bildung&quot;","img":{"alt_text":"","src":"","width":0,"height":0},"classes":[]},{"id":10103,"url":"http:\/\/marburg.news\/?p=10103","url_meta":{"origin":20505,"position":3},"title":"Geschichte lernen: Kreatives Programm von Marburger Schulen","date":"11. Juli 2022","format":false,"excerpt":"Ein \"Lebendiges Geschichtsbuch\" mit Programm in der ganzen Stadt verspricht der \"Tag der Stadtgeschichte\". 50 kreative Stationen von Schulen f\u00fcr alle soll es am Donnerstag (14. Juli) geben. Lebendig statt staubtrocken soll der \"Tag der Stadtgeschichte\" am Donnerstag (14. Juli) werden. Sch\u00fclerinnen und Sch\u00fcler der Marburger Schulen machen daf\u00fcr die\u2026","rel":"","context":"In &quot;Bildung&quot;","img":{"alt_text":"","src":"","width":0,"height":0},"classes":[]},{"id":20469,"url":"http:\/\/marburg.news\/?p=20469","url_meta":{"origin":20505,"position":4},"title":"Diesmal zwielichtige Veranstaltungen: Schlossbegegnungen zwischen Licht und Schatten","date":"26. August 2026","format":false,"excerpt":"\"Zwischen Licht und Schatten\" ist der Titel der \"Schlossbegegnungen\" im September 2026. Flederm\u00e4use, hessische Geschichte, Film, Spukgeschichten und Musik beleben dabei das Landgrafenschloss. Auch im September l\u00e4dt die Veranstaltungsreihe \"Schlossbegegnungen\" dazu ein, Wissenschaft und Kultur im Landgrafenschloss aus unterschiedlichen Perspektiven zu erleben. Die Angebote richten sich an Kinder, Jugendliche und\u2026","rel":"","context":"In &quot;Bildung&quot;","img":{"alt_text":"","src":"","width":0,"height":0},"classes":[]},{"id":15842,"url":"http:\/\/marburg.news\/?p=15842","url_meta":{"origin":20505,"position":5},"title":"Leipzig lockt: Jugendfreizeit in den Herbstferien","date":"20. Juni 2024","format":false,"excerpt":"Leipzig entdecken k\u00f6nnen Interessierte bei einer Jugendfreizeit in den Herbstferien. Dabei richtet sich der Blick auf Vergangenheit, Gegenwart und Zukunft der Stadt. Leipzig ist eine Stadt mit bewegter Geschichte, vielseitiger Kulturszene und urbanem Flair. Die Stadt Marburg l\u00e4dt Jugendliche zwischen 14 und 17 Jahren zu einer Jugendfreizeit nach Leipzig ein.\u2026","rel":"","context":"In &quot;Bildung&quot;","img":{"alt_text":"","src":"","width":0,"height":0},"classes":[]}],"_links":{"self":[{"href":"http:\/\/marburg.news\/index.php?rest_route=\/wp\/v2\/posts\/20505"}],"collection":[{"href":"http:\/\/marburg.news\/index.php?rest_route=\/wp\/v2\/posts"}],"about":[{"href":"http:\/\/marburg.news\/index.php?rest_route=\/wp\/v2\/types\/post"}],"author":[{"embeddable":true,"href":"http:\/\/marburg.news\/index.php?rest_route=\/wp\/v2\/users\/2"}],"replies":[{"embeddable":true,"href":"http:\/\/marburg.news\/index.php?rest_route=%2Fwp%2Fv2%2Fcomments&post=20505"}],"version-history":[{"count":0,"href":"http:\/\/marburg.news\/index.php?rest_route=\/wp\/v2\/posts\/20505\/revisions"}],"wp:attachment":[{"href":"http:\/\/marburg.news\/index.php?rest_route=%2Fwp%2Fv2%2Fmedia&parent=20505"}],"wp:term":[{"taxonomy":"category","embeddable":true,"href":"http:\/\/marburg.news\/index.php?rest_route=%2Fwp%2Fv2%2Fcategories&post=20505"},{"taxonomy":"post_tag","embeddable":true,"href":"http:\/\/marburg.news\/index.php?rest_route=%2Fwp%2Fv2%2Ftags&post=20505"}],"curies":[{"name":"wp","href":"https:\/\/api.w.org\/{rel}","templated":true}]}}