{"id":20503,"date":"2026-09-01T12:09:54","date_gmt":"2026-09-01T10:09:54","guid":{"rendered":"http:\/\/marburg.news\/?p=20503"},"modified":"2026-09-01T12:09:54","modified_gmt":"2026-09-01T10:09:54","slug":"wegen-jugendherbergsveranstaltung-debatte-zu-barrieren-fuer-blinde","status":"publish","type":"post","link":"http:\/\/marburg.news\/?p=20503","title":{"rendered":"Wegen Jugendherbergsveranstaltung: Debatte zu Barrieren f\u00fcr Blinde"},"content":{"rendered":"<p>&#8222;Barrieren f\u00fcr blinde und sehbehinderte Menschen im Gesundheitswesen&#8220; sind Thema des dritten &#8222;Lahngefl\u00fcsters&#8220; in der Marburger Jugendherberge. Die Veranstaltung unter dem Titel &#8222;M\u00fcssen Blinde drau\u00dfen bleiben?&#8220; beginnt am Mittwoch (2. September) um 20 Uhr im Speisesaal der Jugendherberge. <!--more--><br \/>\nKai Kortus tritt mit einem Poetry Slam auf. Der Anwalt Michael Richter berichtet \u00fcber ein aktuelles Verfahren beim Bundesverfassungsgericht, in dem es um Diskriminierung blinder und sehbehinderter Menschen geht. Die schweren Themen werden durch l\u00e4ssige Musik von Jurubeba untermalt.<br \/>\nWie immer f\u00fchren Antje und Bernd durch den Abend und kalte Getr\u00e4nke werden gereicht. Der Eintritt ist wie immer frei. Wer nicht pers\u00f6nlich teilnehmen kann, kann die Veranstaltung bei Youtube unter &#8222;Lahngefl\u00fcster&#8220; streamen.<\/p>\n<p>* pm: Jugendherberge Marburg<\/p>\n","protected":false},"excerpt":{"rendered":"<p>&#8222;Barrieren f\u00fcr blinde und sehbehinderte Menschen im Gesundheitswesen&#8220; sind Thema des dritten &#8222;Lahngefl\u00fcsters&#8220; in der Marburger Jugendherberge. Die Veranstaltung unter dem Titel &#8222;M\u00fcssen Blinde drau\u00dfen bleiben?&#8220; beginnt am Mittwoch (2. September) um 20 Uhr im Speisesaal der Jugendherberge.<\/p>\n","protected":false},"author":2,"featured_media":0,"comment_status":"closed","ping_status":"open","sticky":false,"template":"","format":"standard","meta":{"advanced_seo_description":"","spay_email":"","jetpack_publicize_message":"","jetpack_is_tweetstorm":false,"jetpack_publicize_feature_enabled":true},"categories":[4],"tags":[724,42,7477],"jetpack_featured_media_url":"","jetpack_publicize_connections":[],"jetpack_sharing_enabled":true,"jetpack_shortlink":"https:\/\/wp.me\/p8mhvd-5kH","jetpack-related-posts":[{"id":1100,"url":"http:\/\/marburg.news\/?p=1100","url_meta":{"origin":20503,"position":0},"title":"Aufnehmend: Stadt richtet Meldestelle f\u00fcr Barrieren ein","date":"13. September 2017","format":false,"excerpt":"\"Eine neue Beschwerdestelle f\u00fcr Barrierefreiheit sowie ein Barrierenmelder im Internet sollen die Lebensqualit\u00e4t f\u00fcr Menschen mit Behinderung in Marburg weiter verbessern.\" Das versprach Oberb\u00fcrgermeister Dr. Thomas Spies. Barrieren abgebaut hat die Stadt bereits im baulichen Bereich, aber eigenen - leider falschen - Angaben zufolge auch beim Internetauftritt der Stadt und\u2026","rel":"","context":"In \"Barrieren\"","img":{"alt_text":"","src":"","width":0,"height":0},"classes":[]},{"id":15600,"url":"http:\/\/marburg.news\/?p=15600","url_meta":{"origin":20503,"position":1},"title":"Rollstuhlmarathon: Wie barrierefrei ist das Landgrafenschloss","date":"15. Mai 2024","format":false,"excerpt":"Wie inklusiv ist das Landgrafenschloss? Ein Workshop dazu l\u00e4dt Menschen mit und ohne Einschr\u00e4nkungen ein. Welche Barrieren gibt es im Marburger Landgrafenschloss? Wie k\u00f6nnten Museum und Burg so gestaltet werden, dass sie f\u00fcr Rollstuhlfahrende, blinde und sehbehinderte, geh\u00f6rlose und h\u00f6rbeeintr\u00e4chtigte Menschen sowie f\u00fcr Menschen mit kognitiven Einschr\u00e4nkungen attraktiv sind? Darum\u2026","rel":"","context":"In &quot;Soziales&quot;","img":{"alt_text":"","src":"","width":0,"height":0},"classes":[]},{"id":104,"url":"http:\/\/marburg.news\/?p=104","url_meta":{"origin":20503,"position":2},"title":"Mini-Computer: Forscher entwickeln Sprachausgabe f\u00fcr Alltagsger\u00e4te","date":"27. Januar 2017","format":false,"excerpt":"Sprechende Computer f\u00fcr Alltagsgegenst\u00e4nde entwickeln Wissenschaftler der Philipps-Universit\u00e4t. Sie sollen Blinden und Sehbehinderten die Displays von Haushalts- und Alltagsger\u00e4ten zug\u00e4nglich machen. Rund 1,2 Millionen blinde und stark sehbehinderte Menschen leben in Deutschland. Diese Personen k\u00f6nnen Informationen, die durch Ziffern- und Buchstabenanzeigen wie LED-Displays ausgegeben werden, nicht erfassen. Das betrifft vor\u2026","rel":"","context":"In &quot;Bildung&quot;","img":{"alt_text":"","src":"","width":0,"height":0},"classes":[]},{"id":8660,"url":"http:\/\/marburg.news\/?p=8660","url_meta":{"origin":20503,"position":3},"title":"Als Anreiz: Vorschl\u00e4ge f\u00fcr J\u00fcrgen-Markus-Preis gesucht","date":"27. Januar 2022","format":false,"excerpt":"F\u00fcr den \"J\u00fcrgen-Markus-Preis\" sucht das Kuratorium nach w\u00fcrdigen Preistr\u00e4ger*innen. Sie sollen Barrieren abbauen und Teilhabe f\u00f6rdern. Ab sofort k\u00f6nnen wieder Bewerbungen f\u00fcr den \"J\u00fcrgen- Markus-Preis: Marburg barrierefrei\" eingereicht werden. Die Stadt Marburg w\u00fcrdigt damit Engagement f\u00fcr Menschen mit Behinderung. Das Preisgeld liegt bei 20.000 Euro. \"F\u00fcr Menschen mit Behinderung ist\u2026","rel":"","context":"In &quot;Soziales&quot;","img":{"alt_text":"","src":"","width":0,"height":0},"classes":[]},{"id":15239,"url":"http:\/\/marburg.news\/?p=15239","url_meta":{"origin":20503,"position":4},"title":"Schaufenster Sport: Aktionstag zur Inklusion in der BliStA","date":"20. M\u00e4rz 2024","format":false,"excerpt":"Ein Aktionstag hat die Bedeutung des Sports f\u00fcr die Inklusion gezeigt. Die Veranstaltung in der BliStA hat im Rahmen des Projekts \"Schaufenster Sport\" stattgefunden. Wie wichtig Sport als Motor f\u00fcr Inklusion und Teilhabe ist, hat ein Aktionstag des Landkreises Marburg-Biedenkopf auf dem Campus der Deutschen Blindenstudienanstalt (BliStA) gezeigt. Im Fokus\u2026","rel":"","context":"In &quot;Soziales&quot;","img":{"alt_text":"","src":"","width":0,"height":0},"classes":[]},{"id":2338,"url":"http:\/\/marburg.news\/?p=2338","url_meta":{"origin":20503,"position":5},"title":"IBoB: Barrierefreie Weiterbildungsangebote f\u00fcr Blinde und Sehbehinderte","date":"23. Juni 2018","format":false,"excerpt":"Die berufliche Weiterbildung f\u00fcr Blinde und Sehbehinderte ist Thema von iBoB. Online gestellt hat diese Plattform der DVBS in Marburg. 1,7 Millionen Euro erh\u00e4lt der \"Deutsche Verein der Blinden und Sehbehinderten in Studium und Beruf\" (DVBS) f\u00fcr sein Projekt \"inklusive berufliche Bildung ohne Barrieren\" (iBoB) aus \u00f6ffentlichen F\u00f6rdert\u00f6pfen. Diese Summe\u2026","rel":"","context":"In &quot;Bildung&quot;","img":{"alt_text":"","src":"","width":0,"height":0},"classes":[]}],"_links":{"self":[{"href":"http:\/\/marburg.news\/index.php?rest_route=\/wp\/v2\/posts\/20503"}],"collection":[{"href":"http:\/\/marburg.news\/index.php?rest_route=\/wp\/v2\/posts"}],"about":[{"href":"http:\/\/marburg.news\/index.php?rest_route=\/wp\/v2\/types\/post"}],"author":[{"embeddable":true,"href":"http:\/\/marburg.news\/index.php?rest_route=\/wp\/v2\/users\/2"}],"replies":[{"embeddable":true,"href":"http:\/\/marburg.news\/index.php?rest_route=%2Fwp%2Fv2%2Fcomments&post=20503"}],"version-history":[{"count":0,"href":"http:\/\/marburg.news\/index.php?rest_route=\/wp\/v2\/posts\/20503\/revisions"}],"wp:attachment":[{"href":"http:\/\/marburg.news\/index.php?rest_route=%2Fwp%2Fv2%2Fmedia&parent=20503"}],"wp:term":[{"taxonomy":"category","embeddable":true,"href":"http:\/\/marburg.news\/index.php?rest_route=%2Fwp%2Fv2%2Fcategories&post=20503"},{"taxonomy":"post_tag","embeddable":true,"href":"http:\/\/marburg.news\/index.php?rest_route=%2Fwp%2Fv2%2Ftags&post=20503"}],"curies":[{"name":"wp","href":"https:\/\/api.w.org\/{rel}","templated":true}]}}