{"id":20502,"date":"2026-09-01T11:33:16","date_gmt":"2026-09-01T09:33:16","guid":{"rendered":"http:\/\/marburg.news\/?p=20502"},"modified":"2026-09-01T11:33:16","modified_gmt":"2026-09-01T09:33:16","slug":"wegen-personalversammlung-geaenderte-oeffnungszeiten-des-dbm-am-3-september","status":"publish","type":"post","link":"http:\/\/marburg.news\/?p=20502","title":{"rendered":"Wegen Personalversammlung: Ge\u00e4nderte \u00d6ffnungszeiten des DBM am 3. September"},"content":{"rendered":"<p>Wegen einer Personalversammlung gibt es ge\u00e4nderte \u00d6ffnungszeiten des DBM am Donnerstag (3. September). Darauf hat die Stadt am Dienstag (1. September) hingewiesen. <!--more--><br \/>\nDie Verwaltung des Dienstleistungsbetriebs der Stadt Marburg (DBM) und der Servicehof Am Krekel schlie\u00dfen am Donnerstag (3. September) aufgrund der allj\u00e4hrlichen Personalversammlung bereits um 12 Uhr. Die regul\u00e4ren \u00d6ffnungszeiten des Servicehofs des DBM sind montags und freitags zwischen 7 und 17.45 Uhr sowie dienstags, mittwochs und donnerstags zwischen 7 und 15.30 Uhr. Ab Freitag (4. September) k\u00f6nnen B\u00fcrger*innen wieder zu den diesen Zeiten Wertstoffe wie Altpapier, Glas und Metall kostenlos sowie Abf\u00e4lle wie Restm\u00fcll kostenpflichtig entsorgen.<\/p>\n<p>* pm: Stadt Marburg<\/p>\n","protected":false},"excerpt":{"rendered":"<p>Wegen einer Personalversammlung gibt es ge\u00e4nderte \u00d6ffnungszeiten des DBM am Donnerstag (3. September). Darauf hat die Stadt am Dienstag (1. September) hingewiesen.<\/p>\n","protected":false},"author":2,"featured_media":0,"comment_status":"closed","ping_status":"open","sticky":false,"template":"","format":"standard","meta":{"advanced_seo_description":"","spay_email":"","jetpack_publicize_message":"","jetpack_is_tweetstorm":false,"jetpack_publicize_feature_enabled":true},"categories":[4],"tags":[1007,1414,2477],"jetpack_featured_media_url":"","jetpack_publicize_connections":[],"jetpack_sharing_enabled":true,"jetpack_shortlink":"https:\/\/wp.me\/p8mhvd-5kG","jetpack-related-posts":[{"id":18692,"url":"http:\/\/marburg.news\/?p=18692","url_meta":{"origin":20502,"position":0},"title":"T\u00e4tiges Team: Servicehof Am Krekel schlie\u00dft am 19. September fr\u00fcher","date":"15. September 2025","format":false,"excerpt":"Wegen einer internen Veranstaltung schlie\u00dft der Servicehof Am Krekel am Freitag (19. September) bereits um 15 Uhr. Das hat die Stadt Marburg am Montag (15. September) angek\u00fcndigt. Auf dem Servicehof des Dienstleistungsbetriebs der Stadt Marburg (DBM) an der Stra\u00dfe \"Am Krekel\" k\u00f6nnen B\u00fcrgerinnen und B\u00fcrger, die im Marburger Stadtgebiet wohnen,\u2026","rel":"","context":"In &quot;Soziales&quot;","img":{"alt_text":"","src":"","width":0,"height":0},"classes":[]},{"id":19538,"url":"http:\/\/marburg.news\/?p=19538","url_meta":{"origin":20502,"position":1},"title":"Neue Zeiten: Servicehof Am Krekel schlie\u00dft am Rosenmontag fr\u00fcher","date":"13. Februar 2026","format":false,"excerpt":"Ge\u00e4nderte \u00d6ffnungszeiten gelten am Rosenmontag beim Dienstleistungsbetrieb der Stadt Marburg (DBM). Darauf hat die Stadt Marburg am Freitag (13. Februar) hingewiesen. Am Montag (16. Februar) hat der Servicehof Am Krekel von 7 bis 12 Uhr ge\u00f6ffnet. Die Verwaltung des Dienstleistungsbetriebs Marburg (DBM) ist von 8 bis 15 Uhr erreichbar. *\u2026","rel":"","context":"In &quot;Soziales&quot;","img":{"alt_text":"","src":"","width":0,"height":0},"classes":[]},{"id":14892,"url":"http:\/\/marburg.news\/?p=14892","url_meta":{"origin":20502,"position":2},"title":"Frohsinn vermisst: Ge\u00e4nderte \u00d6ffnungszeiten am Rosenmontag","date":"8. Februar 2024","format":false,"excerpt":"Verk\u00fcrzte \u00d6ffnungszeiten in st\u00e4dtischen Einrichtungen am Rosenmontag hat die Stadt am Mittwoch (7. Februar) angek\u00fcndigt. Der Karnevalszug zieht am Montag (12. Februar) durch Marburg. Der Rosenmontagszug 2024 in Marburg findet am Montag (12. Februar) ab 13.33 Uhr statt. In der Stadtverwaltung Marburg und beim Dienstleistungsbetrieb der Stadt Marburg (DBM) kommt\u2026","rel":"","context":"In &quot;Soziales&quot;","img":{"alt_text":"","src":"","width":0,"height":0},"classes":[]},{"id":20413,"url":"http:\/\/marburg.news\/?p=20413","url_meta":{"origin":20502,"position":3},"title":"Sauberes Jubil\u00e4um: 25 Jahre DBM feiern","date":"11. August 2026","format":false,"excerpt":"\"25 Jahre DBM\" feiert der Dienstleistungsbetrieb Marburg mit einem \"Tag der offenen T\u00fcr\". Die Veranstaltung mit buntem Familienprogramm findet am Samstag (22. August) statt. Der Dienstleistungsbetrieb der Stadt Marburg (DBM) feiert sein 25-j\u00e4hriges Bestehen. Aus diesem Anlass l\u00e4dt der DBM f\u00fcr Samstag (22. August) zu einem \"Tag der offenen T\u00fcr\"\u2026","rel":"","context":"In &quot;Soziales&quot;","img":{"alt_text":"","src":"","width":0,"height":0},"classes":[]},{"id":17642,"url":"http:\/\/marburg.news\/?p=17642","url_meta":{"origin":20502,"position":4},"title":"In Streik: Stadtverwaltung und Kitas bleiben zu","date":"10. M\u00e4rz 2025","format":false,"excerpt":"Der Warnstreik im \u00d6ffentlichen Dienst f\u00fchrt am Dienstag (11. M\u00e4rz) zu eingeschr\u00e4nkten \u00d6ffnungszeiten st\u00e4dtischer Kitas und Verwaltungsstellen. Das hat die Stadt am Montag (10. M\u00e4rz) angek\u00fcndigt. Aufgrund des angek\u00fcndigten Warnstreiks im \u00d6ffentlichen Dienst am Dienstag (11. M\u00e4rz) kommt es erneut zu Schlie\u00dfungen und ge\u00e4nderten \u00d6ffnungszeiten der st\u00e4dtischen Kitas. Geschlossen sind\u2026","rel":"","context":"In &quot;Soziales&quot;","img":{"alt_text":"","src":"","width":0,"height":0},"classes":[]},{"id":19440,"url":"http:\/\/marburg.news\/?p=19440","url_meta":{"origin":20502,"position":5},"title":"Auf Sand setzen: S\u00e4cke vom DBM als Schutz bei Hochwasser","date":"3. Februar 2026","format":false,"excerpt":"Sands\u00e4cke zur Vorsorge bei Hochwasser gibt es beim DBM. Das hat die Stadt Marburg am Dienstag (3. Februar) angeboten. In den vergangenen Jahren kam es infolge starker Regenf\u00e4lle und geschmolzenen Schnees immer wieder zu \u00f6rtlichen \u00dcberschwemmungen. Gerade in den Wintermonaten kann es durch Schneefall, anschlie\u00dfendes Tauwetter und zus\u00e4tzliche Niederschl\u00e4ge zu\u2026","rel":"","context":"In &quot;Soziales&quot;","img":{"alt_text":"","src":"","width":0,"height":0},"classes":[]}],"_links":{"self":[{"href":"http:\/\/marburg.news\/index.php?rest_route=\/wp\/v2\/posts\/20502"}],"collection":[{"href":"http:\/\/marburg.news\/index.php?rest_route=\/wp\/v2\/posts"}],"about":[{"href":"http:\/\/marburg.news\/index.php?rest_route=\/wp\/v2\/types\/post"}],"author":[{"embeddable":true,"href":"http:\/\/marburg.news\/index.php?rest_route=\/wp\/v2\/users\/2"}],"replies":[{"embeddable":true,"href":"http:\/\/marburg.news\/index.php?rest_route=%2Fwp%2Fv2%2Fcomments&post=20502"}],"version-history":[{"count":0,"href":"http:\/\/marburg.news\/index.php?rest_route=\/wp\/v2\/posts\/20502\/revisions"}],"wp:attachment":[{"href":"http:\/\/marburg.news\/index.php?rest_route=%2Fwp%2Fv2%2Fmedia&parent=20502"}],"wp:term":[{"taxonomy":"category","embeddable":true,"href":"http:\/\/marburg.news\/index.php?rest_route=%2Fwp%2Fv2%2Fcategories&post=20502"},{"taxonomy":"post_tag","embeddable":true,"href":"http:\/\/marburg.news\/index.php?rest_route=%2Fwp%2Fv2%2Ftags&post=20502"}],"curies":[{"name":"wp","href":"https:\/\/api.w.org\/{rel}","templated":true}]}}