{"id":20501,"date":"2026-08-31T16:10:00","date_gmt":"2026-08-31T14:10:00","guid":{"rendered":"http:\/\/marburg.news\/?p=20501"},"modified":"2026-08-31T16:10:00","modified_gmt":"2026-08-31T14:10:00","slug":"aktionstag-jana-trommer-vor-der-elisabethkirche","status":"publish","type":"post","link":"http:\/\/marburg.news\/?p=20501","title":{"rendered":"Aktionstag: Jana Trommer vor der Elisabethkirche"},"content":{"rendered":"<p>Beim n\u00e4chsten Mal sitzt Jana Trommer auf der Elisabethstra\u00dfe. Das hat sie am Montag (31. August) angek\u00fcndigt. <!--more--><br \/>\nIhre n\u00e4chste &#8222;Kunstaktion&#8220; f\u00fcr Klimaschutz will Jana Trommer am Freitag (4. September) von 16.45 bis 17 Uhr beim Fu\u00dfg\u00e4nger\u00fcbergang vor der Elisabethkirche durchf\u00fchren. Damit symbolisiert die Psychologin die St\u00f6rungen durch die Klimakrise und weist auf die Gefahren durch fehlenden Klimaschutz hin. Zugleich fordert sie von der Regie\u00adrung, ernsthafte Schutzma\u00dfnahmen durch Klimaschutz zu ergreifen.<\/p>\n<p>* pm: Jana Trommer, Marburg<\/p>\n","protected":false},"excerpt":{"rendered":"<p>Beim n\u00e4chsten Mal sitzt Jana Trommer auf der Elisabethstra\u00dfe. Das hat sie am Montag (31. August) angek\u00fcndigt.<\/p>\n","protected":false},"author":2,"featured_media":0,"comment_status":"closed","ping_status":"open","sticky":false,"template":"","format":"standard","meta":{"advanced_seo_description":"","spay_email":"","jetpack_publicize_message":"","jetpack_is_tweetstorm":false,"jetpack_publicize_feature_enabled":true},"categories":[2,4],"tags":[5169,506,4454],"jetpack_featured_media_url":"","jetpack_publicize_connections":[],"jetpack_sharing_enabled":true,"jetpack_shortlink":"https:\/\/wp.me\/p8mhvd-5kF","jetpack-related-posts":[{"id":19124,"url":"http:\/\/marburg.news\/?p=19124","url_meta":{"origin":20501,"position":0},"title":"Kunst f\u00fcrs Klima: Jana Trommer setzt sich vor die Elisabethkirche","date":"1. Dezember 2025","format":false,"excerpt":"Ihre allw\u00f6chentliche \"Kunstaktion\" f\u00fcr Klimaschutz m\u00f6chte Jana Trommer diesmal vor der Elisabethkirche durchf\u00fchren. Das hat die Psychologin am Montag (1. Dezember) angek\u00fcndigt. Ihre Aktionsank\u00fcndigung entspricht inhaltlich wieder einmal den vorherigen Verlautbarungen: \"Am Freitag (5. Dezember) von 16 bis 16.15 Uhr werde ich in Marburg an der Elisabethkirche - Fu\u00dfg\u00e4nger\u00fcbergang Elisabethstra\u00dfe\u2026","rel":"","context":"In &quot;Kultur&quot;","img":{"alt_text":"","src":"","width":0,"height":0},"classes":[]},{"id":20379,"url":"http:\/\/marburg.news\/?p=20379","url_meta":{"origin":20501,"position":1},"title":"F\u00fcr Klimaschutz: Trommer sitzt wieder an der Apotheke","date":"3. August 2026","format":false,"excerpt":"Jana Trommer l\u00e4sst sich nicht beirren. Ihre n\u00e4chste \"Kunstaktion\" hat sie f\u00fcr Freitag (7. August) in der N\u00e4he der Elisabethkirche angek\u00fcndigt. Durchf\u00fchren m\u00f6chte Jana Trommer ihre Aktion am Freitag (7. August) von 17 bis 17.15 Uhr am Pilgrimstein auf dem Fu\u00dfg\u00e4nger\u00fcbergang in der N\u00e4he der Einhornapotheke. \"Damit symbolisiere ich die\u2026","rel":"","context":"In &quot;Politik&quot;","img":{"alt_text":"","src":"","width":0,"height":0},"classes":[]},{"id":19093,"url":"http:\/\/marburg.news\/?p=19093","url_meta":{"origin":20501,"position":2},"title":"Kreuzungen kennenlernen: Jana Trommer sitzt diesmal am Rudolphsplatz","date":"24. November 2025","format":false,"excerpt":"Ihre n\u00e4chste \"Kunstaktion\" f\u00fcr Klimaschutz hat Jana Trommer am Montag (24. November) angek\u00fcndigt. Diesmal will sich die Kinderpsychologin wieder amRudolphsplatz auf die Stra\u00dfe setzen. Stattfinden soll die Aktion am Freitag (28. November) von 16 bis 16.15 Uhr beim Fu\u00dfg\u00e4nger\u00fcbergang \u00fcber die Universit\u00e4tsstra\u00dfe in Richtung S\u00fcden. Mit ihrer allw\u00f6chentlichen \"Kunstaktion\" m\u00f6chte\u2026","rel":"","context":"In &quot;Politik&quot;","img":{"alt_text":"","src":"","width":0,"height":0},"classes":[]},{"id":19544,"url":"http:\/\/marburg.news\/?p=19544","url_meta":{"origin":20501,"position":3},"title":"Bemerkbar machen: Diesmal sitzt Jana Trommer Am Gr\u00fcn","date":"16. Februar 2026","format":false,"excerpt":"Ihre n\u00e4chste \"Kunstaktion f\u00fcr Klimaschutz\" hat Jana Trommer f\u00fcr Freitag (20. Februar) angek\u00fcndigt. Von 16.30 bis 16.45 Uhr will sie auf der Stra\u00dfe \"Am Gr\u00fcn\" sitzen. Beim Fu\u00dfg\u00e4nger\u00fcbergang an der Einm\u00fcndung der Stra\u00dfe \"Am Gr\u00fcn\" in die Universit\u00e4tsstra\u00dfe will Jana Trommer am Freitag (20. Februar) von 16.30 bis 16.45 Uhr\u2026","rel":"","context":"In &quot;Kultur&quot;","img":{"alt_text":"","src":"","width":0,"height":0},"classes":[]},{"id":20242,"url":"http:\/\/marburg.news\/?p=20242","url_meta":{"origin":20501,"position":4},"title":"Sch\u00fctzenpfuhlbr\u00fccke gew\u00e4hlt: Jana Trommer weiter aktiv f\u00fcr Klimaschutz","date":"29. Juni 2026","format":false,"excerpt":"Nach einw\u00f6chiger Pause will Jana Trommer ihre n\u00e4chste \"Kunstaktion\" am Freitag (3. Juli) durchf\u00fchren. Stattfinden soll sie diesmal \"Am Krekel\". Am Freitag (3. Juli) von 16.50 bis 17.05 Uhr will Jana Trommer \"Am Krekel\" beim Fu\u00dfg\u00e4nger\u00fcbergang bei der Gisselberger Stra\u00dfe eine \"Kunstaktion\" durchf\u00fchren. \"Damit symbolisiere ich die St\u00f6rungen durch die\u2026","rel":"","context":"In &quot;Politik&quot;","img":{"alt_text":"","src":"","width":0,"height":0},"classes":[]},{"id":19677,"url":"http:\/\/marburg.news\/?p=19677","url_meta":{"origin":20501,"position":5},"title":"Gegen Gleichg\u00fcltigkeit: Jana Trommer sitzt diemsal im S\u00fcdviertel","date":"9. M\u00e4rz 2026","format":false,"excerpt":"Jana Trommer macht weiter. Ihre n\u00e4chste \"Kunstaktion\" hat sie f\u00fcr Freitag (13. M\u00e4rz) angek\u00fcndigt. Diesmal m\u00f6chte Jana Trommer ihre allw\u00f6chentliche \"Kunstaktion\" f\u00fcr Klimaschutz auf der Frankfurter Stra\u00dfe beim Fu\u00dfg\u00e4nger\u00fcbergang \"Auf der Weide\" durchf\u00fchren. Mit ihrer Aktion am Freitag (13. M\u00e4rz) von 16.30 bis 16.45 Uhr m\u00f6chte die Marburger Psychologin wieder\u2026","rel":"","context":"In &quot;Kultur&quot;","img":{"alt_text":"","src":"","width":0,"height":0},"classes":[]}],"_links":{"self":[{"href":"http:\/\/marburg.news\/index.php?rest_route=\/wp\/v2\/posts\/20501"}],"collection":[{"href":"http:\/\/marburg.news\/index.php?rest_route=\/wp\/v2\/posts"}],"about":[{"href":"http:\/\/marburg.news\/index.php?rest_route=\/wp\/v2\/types\/post"}],"author":[{"embeddable":true,"href":"http:\/\/marburg.news\/index.php?rest_route=\/wp\/v2\/users\/2"}],"replies":[{"embeddable":true,"href":"http:\/\/marburg.news\/index.php?rest_route=%2Fwp%2Fv2%2Fcomments&post=20501"}],"version-history":[{"count":0,"href":"http:\/\/marburg.news\/index.php?rest_route=\/wp\/v2\/posts\/20501\/revisions"}],"wp:attachment":[{"href":"http:\/\/marburg.news\/index.php?rest_route=%2Fwp%2Fv2%2Fmedia&parent=20501"}],"wp:term":[{"taxonomy":"category","embeddable":true,"href":"http:\/\/marburg.news\/index.php?rest_route=%2Fwp%2Fv2%2Fcategories&post=20501"},{"taxonomy":"post_tag","embeddable":true,"href":"http:\/\/marburg.news\/index.php?rest_route=%2Fwp%2Fv2%2Ftags&post=20501"}],"curies":[{"name":"wp","href":"https:\/\/api.w.org\/{rel}","templated":true}]}}