{"id":20498,"date":"2026-08-31T15:10:00","date_gmt":"2026-08-31T13:10:00","guid":{"rendered":"http:\/\/marburg.news\/?p=20498"},"modified":"2026-08-31T15:10:00","modified_gmt":"2026-08-31T13:10:00","slug":"abschlusstag-sommerlesebingo-endet-mit-auslosung-der-gewinner","status":"publish","type":"post","link":"http:\/\/marburg.news\/?p=20498","title":{"rendered":"Abschlusstag: SommerLeseBingo endet mit Auslosung der Gewinner"},"content":{"rendered":"<p>Das &#8222;SommerLeseBingo&#8220; endet mit Aktionen f\u00fcr Kinder und Erwachsene. Das hat die Stadt am Montag (31. August) angek\u00fcndigt. <!--more--><br \/>\nMit der Auslosung der Gewinner*innen endet das &#8222;SommerLeseBingo&#8220; der Stadtb\u00fccherei Marburg am Mittwoch (9. September) um 15.30 Uhr. Die Auslosung in der Stadtb\u00fccherei ist eingebettet in kleine Spiel-, Bastel- und Verkleidungs-Aktionen f\u00fcr Kinder und Erwachsene. Der Eintritt ist frei, eine Anmeldung ist nicht erforderlich. Lediglich die Bingo-Karten sind mitzubringen.<br \/>\nDas &#8222;SommerLeseBingo&#8220; hat gro\u00dfen Anklang bei Jung und Alt gefunden: S\u00e4mtliche Teilnahmekarten f\u00fcr Kinder und Jugendliche und nahezu alle Bingo-Karten f\u00fcr Erwachsene sind im Umlauf &#8211; dies sind jeweils rund 200 Exemplare. Im Laufe der Aktion haben die Teilnehmenden seit Mittwoch (17.<br \/>\nJuni) die Titel der entliehenen B\u00fccher auf einer Bingo-Karte notiert, ebenso eine Mini-Rezension zur Lekt\u00fcre. Anschlie\u00dfend wurden die zum Inhalt der B\u00fccher passenden Rubrik-Felder auf der Karte abgehakt. So wurden Lose gesammelt, die sich am Abschlusstag mit ein wenig Gl\u00fcck in Gewinne umwandeln lassen. Um die Lose zu erhalten, werden die abgehakten Felder an der Info in der ersten Etage vorgezeigt. Das ist noch bis Mittwoch (9. September) m\u00f6glich.<\/p>\n<p>* pm: Stadt Marburg<\/p>\n","protected":false},"excerpt":{"rendered":"<p>Das &#8222;SommerLeseBingo&#8220; endet mit Aktionen f\u00fcr Kinder und Erwachsene. Das hat die Stadt am Montag (31. August) angek\u00fcndigt.<\/p>\n","protected":false},"author":2,"featured_media":0,"comment_status":"closed","ping_status":"open","sticky":false,"template":"","format":"standard","meta":{"advanced_seo_description":"","spay_email":"","jetpack_publicize_message":"","jetpack_is_tweetstorm":false,"jetpack_publicize_feature_enabled":true},"categories":[5,3],"tags":[7696,7697,388],"jetpack_featured_media_url":"","jetpack_publicize_connections":[],"jetpack_sharing_enabled":true,"jetpack_shortlink":"https:\/\/wp.me\/p8mhvd-5kC","jetpack-related-posts":[{"id":20151,"url":"http:\/\/marburg.news\/?p=20151","url_meta":{"origin":20498,"position":0},"title":"M\u00e4rchenhafft: Sommerlesebingo in der Stadtb\u00fccherei","date":"10. Juni 2026","format":false,"excerpt":"Ein \"SommerLeseBingo\" veranstaltet die Stadtb\u00fccherei am Mittwoch (17. Juni). Dabei dreht sich alles um Dornr\u00f6schen. Im Rahmen der Veranstaltungsreihe \"M\u00e4rchenhafter Sommer\" l\u00e4dt die Stadtb\u00fccherei Marburg erneut zu einem \"m\u00e4rchenhaften Nachmittag\" ein. Am Mittwoch (17. Juni) dreht sich ab 15.30 Uhr alles um das M\u00e4rchen \"Dornr\u00f6schen\". Gemeinsam wird die urspr\u00fcngliche Grimm-Version\u2026","rel":"","context":"In &quot;Bildung&quot;","img":{"alt_text":"","src":"","width":0,"height":0},"classes":[]},{"id":16312,"url":"http:\/\/marburg.news\/?p=16312","url_meta":{"origin":20498,"position":1},"title":"Sieg im Sommer: Kinder und Jugendliche lasen mehr als Erwachsene","date":"12. September 2024","format":false,"excerpt":"Bei der \"SommerLeseChallenge\" der Stadtb\u00fccherei haben Kinder und Jugendliche am meisten gelesen. Die Siegerehrung findet am Mittwoch (18. September) statt. Die erste \"SommerLeseChallenge\" der Stadtb\u00fccherei Marburg ist beendet. Gewonnen haben die j\u00fcngsten Leseriinnen und Leser. Die Gruppe der Kinder und Jugendlichen hat \u00fcber den Sommer mehr B\u00fccher gelesen als die\u2026","rel":"","context":"In &quot;Bildung&quot;","img":{"alt_text":"","src":"","width":0,"height":0},"classes":[]},{"id":18673,"url":"http:\/\/marburg.news\/?p=18673","url_meta":{"origin":20498,"position":2},"title":"Zumeist zufrieden: Umfrage brachte der Stadtb\u00fccherei Lob ein","date":"10. September 2025","format":false,"excerpt":"Lob und W\u00fcnsche an die Stadtb\u00fccherei enthalten die Ergebnisse der \"Sentobib\"-Umfrage. Das hat die Stadt am Mittwoch (10. September) mitgeteilt. Die Besucherinnen und Besucher der Marburger Stadtb\u00fccherei sch\u00e4tzen Angebot und Atmosph\u00e4re. Sie haben aber \u00c4nderungsw\u00fcnsche in Bezug auf R\u00e4umlichkeiten und \u00d6ffnungszeiten. Das hat eine Umfrage ergeben, die vor rund einem\u2026","rel":"","context":"In &quot;Bildung&quot;","img":{"alt_text":"","src":"","width":0,"height":0},"classes":[]},{"id":11934,"url":"http:\/\/marburg.news\/?p=11934","url_meta":{"origin":20498,"position":3},"title":"Festgelegt am Aktionstag: Sprachpr\u00e4sentationen in der Stadtb\u00fccherei","date":"13. Februar 2023","format":false,"excerpt":"Die \"Marburger Tage der Muttersprache\" finden am 21. und 22. Februar in der Stadtb\u00fccherei statt. Das hat die Stadt am Montag (13. Februar) angek\u00fcndigt. Anl\u00e4sslich des Internationalen \"Tags der Muttersprache\" am Dienstag (21. Februar) bietet die Universit\u00e4tsstadt Marburg vielf\u00e4ltige Aktionen unter dem Motto \"Wir in unseren Sprachen - unsere Sprachen\u2026","rel":"","context":"In &quot;Bildung&quot;","img":{"alt_text":"","src":"","width":0,"height":0},"classes":[]},{"id":20382,"url":"http:\/\/marburg.news\/?p=20382","url_meta":{"origin":20498,"position":4},"title":"In der Stadtb\u00fccherei: M\u00e4rchenhafter Sommer endet mit Bobbycar-Kino","date":"4. August 2026","format":false,"excerpt":"Der \"M\u00e4rchenhafte Sommer in der Stadtb\u00fccherei\" endet am Mittwoch (19. August) mit einem \"Bobbycar-Kino\". Das hat die Stadt Marburg am Dienstag (4. August) angek\u00fcndigt. Zum Abschluss der Reihe \"M\u00e4rchenhafter Sommer in der Stadtb\u00fccherei\" sind im August wieder Kinder zwischen drei und sechs Jahren zum Bobbycar-Kino eingeladen. Mit dem Rutschfahrzeug geht\u2026","rel":"","context":"In &quot;Kultur&quot;","img":{"alt_text":"","src":"","width":0,"height":0},"classes":[]},{"id":11675,"url":"http:\/\/marburg.news\/?p=11675","url_meta":{"origin":20498,"position":5},"title":"Schattentheater: H\u00e4nsel und Gretel in der Stadtb\u00fccherei","date":"16. Januar 2023","format":false,"excerpt":"Zum Schattentheater \"H\u00e4nsel und Gretel\" hat die Stadtb\u00fccherei f\u00fcr Mittwoch (25. Januar) eingeladen. Kinder k\u00f6nnen kostenlos kommen. In Kooperation mit der Sprachkita Karlsbader Weg veranstaltet die Stadtb\u00fccherei ein Schattentheater f\u00fcr Kinder ab f\u00fcnf Jahre. Am Mittwoch (25. Januar) ist um 15.30 Uhr die Auff\u00fchrung \"H\u00e4nsel und Gretel\" zu sehen. Wie\u2026","rel":"","context":"In &quot;Kultur&quot;","img":{"alt_text":"","src":"","width":0,"height":0},"classes":[]}],"_links":{"self":[{"href":"http:\/\/marburg.news\/index.php?rest_route=\/wp\/v2\/posts\/20498"}],"collection":[{"href":"http:\/\/marburg.news\/index.php?rest_route=\/wp\/v2\/posts"}],"about":[{"href":"http:\/\/marburg.news\/index.php?rest_route=\/wp\/v2\/types\/post"}],"author":[{"embeddable":true,"href":"http:\/\/marburg.news\/index.php?rest_route=\/wp\/v2\/users\/2"}],"replies":[{"embeddable":true,"href":"http:\/\/marburg.news\/index.php?rest_route=%2Fwp%2Fv2%2Fcomments&post=20498"}],"version-history":[{"count":0,"href":"http:\/\/marburg.news\/index.php?rest_route=\/wp\/v2\/posts\/20498\/revisions"}],"wp:attachment":[{"href":"http:\/\/marburg.news\/index.php?rest_route=%2Fwp%2Fv2%2Fmedia&parent=20498"}],"wp:term":[{"taxonomy":"category","embeddable":true,"href":"http:\/\/marburg.news\/index.php?rest_route=%2Fwp%2Fv2%2Fcategories&post=20498"},{"taxonomy":"post_tag","embeddable":true,"href":"http:\/\/marburg.news\/index.php?rest_route=%2Fwp%2Fv2%2Ftags&post=20498"}],"curies":[{"name":"wp","href":"https:\/\/api.w.org\/{rel}","templated":true}]}}