{"id":20497,"date":"2026-08-31T14:50:00","date_gmt":"2026-08-31T12:50:00","guid":{"rendered":"http:\/\/marburg.news\/?p=20497"},"modified":"2026-08-31T14:50:00","modified_gmt":"2026-08-31T12:50:00","slug":"unfallzeit-fahrer-verlor-kontrolle-ueber-bmw","status":"publish","type":"post","link":"http:\/\/marburg.news\/?p=20497","title":{"rendered":"Unfallzeit: Fahrer verlor Kontrolle \u00fcber BMW"},"content":{"rendered":"<p>Zu einem Unfall mit drei Leichtverletzten kam es am Freitag (28. August) gegen 23.15 Uhr auf der B 3 bei Niederweimar. Der Fahrer eines BMW hatte die Kontrolle \u00fcber sein Auto verloren. <!--more--><br \/>\nEin 60-j\u00e4hriger Mann aus Eschborn war mit seinem VW ID.4 von Marburg aus in Fahrtrichtung Gie\u00dfen unterwegs. Hinter ihm fuhr ein 30-j\u00e4hriger Gie\u00dfener mit seinem BMW. Nach bisherigen Erkenntnissen verlor der BMW-Fahrer beim Spurwechsel die Kontrolle \u00fcber sein Fahrzeug und fuhr auf das Heck des VW auf. Danach prallte der BMW gegen die Schutzplanke.<br \/>\nDer VW wurde durch den Zusammensto\u00df auf die Betongleitwand geschleudert und kam dort zum Stehen. Beide Fahrer sowie die 60-j\u00e4hrige Beifahrerin im VW erlitten leichte Verletzungen. Rettungswagen brachten sie in Krankenh\u00e4user. Der Gesamtsachschaden wird auf 83.000 Euro gesch\u00e4tzt.<\/p>\n<p>* pm: Polizei Marburg<\/p>\n","protected":false},"excerpt":{"rendered":"<p>Zu einem Unfall mit drei Leichtverletzten kam es am Freitag (28. August) gegen 23.15 Uhr auf der B 3 bei Niederweimar. Der Fahrer eines BMW hatte die Kontrolle \u00fcber sein Auto verloren.<\/p>\n","protected":false},"author":2,"featured_media":0,"comment_status":"closed","ping_status":"open","sticky":false,"template":"","format":"standard","meta":{"advanced_seo_description":"","spay_email":"","jetpack_publicize_message":"","jetpack_is_tweetstorm":false,"jetpack_publicize_feature_enabled":true},"categories":[6],"tags":[16,44,292],"jetpack_featured_media_url":"","jetpack_publicize_connections":[],"jetpack_sharing_enabled":true,"jetpack_shortlink":"https:\/\/wp.me\/p8mhvd-5kB","jetpack-related-posts":[{"id":19604,"url":"http:\/\/marburg.news\/?p=19604","url_meta":{"origin":20497,"position":0},"title":"Ausgewichen: Unfallflucht zwischen Moischt und Cappel","date":"24. Februar 2026","format":false,"excerpt":"Auf der Landesstra\u00dfe L3125 ist ein Kleintransporter am Donnerstag (19. Februar) in den Gegenverkehr geraten. Ein BMW musste ihm ausweichen und stie\u00df in die Leitplanke. Nach dem Unfall auf der Landesstra\u00dfe 3125 zwischen Moischt und dem Friedhof Cappel suchen die Ermittler Zeugen. Ein 25-j\u00e4hriger Fahrer war mit seinem dunkelgrauen BMW\u2026","rel":"","context":"In &quot;Sonstiges&quot;","img":{"alt_text":"","src":"","width":0,"height":0},"classes":[]},{"id":14373,"url":"http:\/\/marburg.news\/?p=14373","url_meta":{"origin":20497,"position":1},"title":"Alkohol bek\u00e4mpfen: Unfall am Ortseingang von Moischt","date":"16. November 2023","format":false,"excerpt":"Mit rund zwei Promille setzte sich am Mittwoch (15. November) ein 26-j\u00e4hriger Mann hinter das Steuer seines VW. Von Wittelsberg aus fuhr er in Richtung Moischt. Auf der Wittelsberger Stra\u00dfe, kurz hinter dem Ortsschild \"Moischt\" verlor er gegen 23.50 Uhr die Kontrolle \u00fcber sein Fahrzeug und kam nach rechts von\u2026","rel":"","context":"In &quot;Sonstiges&quot;","img":{"alt_text":"","src":"","width":0,"height":0},"classes":[]},{"id":1451,"url":"http:\/\/marburg.news\/?p=1451","url_meta":{"origin":20497,"position":2},"title":"Je oller, je doller: 82-j\u00e4hriger Fahrer demolierte bei Unfall vier Autos","date":"15. Dezember 2017","format":false,"excerpt":"Einen Verkehrsunfall verursachte ein 82 Jahre alter Autofahrer am Freitag (15. Dezember) in der J\u00e4gerstra\u00dfe. Gegen 9.50 Uhr besch\u00e4digte er mit seinem Auto vier parkende Fahrzeuge und zwei Verkehrszeichen. Ein zuf\u00e4llig anwesender Notarzt k\u00fcmmerte sich um den wohl schockierten Autofahrer. Ansonsten war er aber augenscheinlich unverletzt. Der Senior bog zun\u00e4chst\u2026","rel":"","context":"In &quot;Sonstiges&quot;","img":{"alt_text":"","src":"","width":0,"height":0},"classes":[]},{"id":20275,"url":"http:\/\/marburg.news\/?p=20275","url_meta":{"origin":20497,"position":3},"title":"Erleiden: Verkehrsunfall mit f\u00fcnf Verletzten","date":"6. Juli 2026","format":false,"excerpt":"Ein Unfall mit f\u00fcnf Verletzten passierte am Sonntag (5. Juli) auf der Kreisstra\u00dfe bei Dagobertshausen. M\u00f6glicherweise waren Drogen dabei mit im Spiel. Drei Schwerverletzte und zwei Leichtverletzte sind die Bilanz eines Unfalls am Sonntag (5. Juli) gegen 5.35 Uhr auf der Kreisstra\u00dfe bei Dagobertshausen. Ein 20-j\u00e4hriger BMW-Fahrer aus Lohra war\u2026","rel":"","context":"In &quot;Sonstiges&quot;","img":{"alt_text":"","src":"","width":0,"height":0},"classes":[]},{"id":19340,"url":"http:\/\/marburg.news\/?p=19340","url_meta":{"origin":20497,"position":4},"title":"Tempomacher: Jugendlicher fl\u00fcchtete mit Auto vor Polizei","date":"14. Januar 2026","format":false,"excerpt":"Ein 17-j\u00e4hriger Autofahrer ist in der Nacht zum Mittwoch (14. Januar) vor einer Marburger Polizeistreife gefl\u00fcchtet. Die Beamten wollten den VW Passat gegen 1.30 Uhr einer Kontrolle unterziehen. Der Kombi geriet im Bereich der Schwanallee in das Visier der Funkstreife. Als sie ihn zur Kontrolle aufforderte, missachtete der Jugendliche die\u2026","rel":"","context":"In &quot;Sonstiges&quot;","img":{"alt_text":"","src":"","width":0,"height":0},"classes":[]},{"id":18668,"url":"http:\/\/marburg.news\/?p=18668","url_meta":{"origin":20497,"position":5},"title":"Un\u00fcblich: BMW brauste Biker \u00fcber den Fu\u00df","date":"8. September 2025","format":false,"excerpt":"Die Polizei sucht Zeugen, die am Donnerstag (4. September) gegen 17.40 Uhr einen Unfall zwischen einem Auto und einem Radler beobachtet haben. Ein 45-j\u00e4hriger Marburger war mit seinem Rennrad auf der Ockersh\u00e4user Allee in Richtung Wilhelmtsplatz unterwegs. Da der Fahrer eines wei\u00dfen BMW der 3er Reihe seiner Ansicht nach zu\u2026","rel":"","context":"In &quot;Sonstiges&quot;","img":{"alt_text":"","src":"","width":0,"height":0},"classes":[]}],"_links":{"self":[{"href":"http:\/\/marburg.news\/index.php?rest_route=\/wp\/v2\/posts\/20497"}],"collection":[{"href":"http:\/\/marburg.news\/index.php?rest_route=\/wp\/v2\/posts"}],"about":[{"href":"http:\/\/marburg.news\/index.php?rest_route=\/wp\/v2\/types\/post"}],"author":[{"embeddable":true,"href":"http:\/\/marburg.news\/index.php?rest_route=\/wp\/v2\/users\/2"}],"replies":[{"embeddable":true,"href":"http:\/\/marburg.news\/index.php?rest_route=%2Fwp%2Fv2%2Fcomments&post=20497"}],"version-history":[{"count":0,"href":"http:\/\/marburg.news\/index.php?rest_route=\/wp\/v2\/posts\/20497\/revisions"}],"wp:attachment":[{"href":"http:\/\/marburg.news\/index.php?rest_route=%2Fwp%2Fv2%2Fmedia&parent=20497"}],"wp:term":[{"taxonomy":"category","embeddable":true,"href":"http:\/\/marburg.news\/index.php?rest_route=%2Fwp%2Fv2%2Fcategories&post=20497"},{"taxonomy":"post_tag","embeddable":true,"href":"http:\/\/marburg.news\/index.php?rest_route=%2Fwp%2Fv2%2Ftags&post=20497"}],"curies":[{"name":"wp","href":"https:\/\/api.w.org\/{rel}","templated":true}]}}