{"id":20494,"date":"2026-08-31T11:45:00","date_gmt":"2026-08-31T09:45:00","guid":{"rendered":"http:\/\/marburg.news\/?p=20494"},"modified":"2026-08-31T11:45:00","modified_gmt":"2026-08-31T09:45:00","slug":"gedenktage-stadt-hisst-flagge-am-rathaus","status":"publish","type":"post","link":"http:\/\/marburg.news\/?p=20494","title":{"rendered":"Gedenktage: Stadt hisst Flagge am Rathaus"},"content":{"rendered":"<p>Die Beflaggung der Universit\u00e4tsstadt Marburg im September 2026 umfasst drei Termine. Das hat die Stadt am Montag (31. August) bekanntgegeben. <!--more--><br \/>\nZu besonderen Anl\u00e4ssen wie Gedenk- oder Aktionstagen hisst die Universit\u00e4tsstadt Marburg an allen st\u00e4dtischen Geb\u00e4uden sowie dem historischen Rathaus die st\u00e4dtische Flagge. Damit m\u00f6chte Marburg auf die Bedeutung der jeweiligen Aktionstage aufmerksam machen. F\u00fcr den Monat September sind drei Beflaggungstermine geplant.<br \/>\nBis zum 31. Dezember 2026 werden die bisherigen Beflaggungstermine aller \u00f6ffentlichen Geb\u00e4ude in Hessen durch eine Dauerbeflaggung ersetzt. Anl\u00e4sslich des 80-j\u00e4hrigen Bestehens des Landes Hessen bleiben seit dem 24. M\u00e4rz die Landesflagge, die Bundesflagge und die Europaflagge gehisst. Die Reihenfolge der Flaggen (mit Blick auf das Geb\u00e4ude, von links nach rechts) ist: Landesflagge (Landesdienstflagge), Bundesflagge, Europaflagge. Die Dauerbeflaggung endet bei Einbruch der Dunkelheit am Donnerstag (31. Dezember).<br \/>\nDie Beflaggung zum Gedenktag f\u00fcr die Opfer von Flucht, Vertreibung und Deportation sowie zum &#8222;Tag der Heimat&#8220; am Sonntag (20. September) findet sich in der Dauerbeflaggung wieder. An drei Tagen im September gibt es noch eine zus\u00e4tzliche Beflaggung am vierten Fahnenmast: Die Stadt Marburg beflaggt das Rathaus am Dienstag (1. September) zum Weltfriedenstag. Er wird auch &#8222;Antikriegstag&#8220; genannt.<br \/>\nAnl\u00e4sslich dieses Gedenktags wird das Rathaus von 7 Uhr bis zum Einbruch der Dunkelheit beflaggt. Der &#8222;Weltfriedenstag&#8220; geht auf die Novemberrevolution 1918\/19 zur\u00fcck. Damals riefen pazifistische Friedensorganisationen zur Erinnerung an das Grauen des Ersten Weltkriegs zu Massenkundgebungen auf. Der Gedenktag war zun\u00e4chst der 1. August und wurde nach dem Zweiten Weltkrieg auf den 1. September verlegt als Tag des Kriegsbeginns durch den deutschen \u00dcberfall auf Polen.<br \/>\nAnl\u00e4sslich des &#8222;Weltkindertags&#8220; am Sonntag (20. September) wird das Marburger Rathaus von 7 Uhr bis zum Einbruch der Dunkelheit beflaggt. Das Motto des diesj\u00e4hrigen &#8222;Weltkindertags&#8220; lautet &#8222;Starke Kinder, starke Zukunft!&#8220;. Unicef Deutschland und das Deutsche Kinderhilfswerk organisieren eine bundesweite Mitmach-Aktion, bei der Kinder und Jugendliche ihre Forderungen und Ideen zu Kinderrechten einreichen k\u00f6nnen.<br \/>\nDaraus wollen die Organisationen in Berlin zum &#8222;Weltkindertag&#8220; ein Monument f\u00fcr Demokratie nachbauen. Die Aktion soll Kindern und Jugendlichen die M\u00f6glichkeit bieten, die Bedeutung ihrer Rechte durch eigene Forderungen, Gedanken und Tr\u00e4ume auf kreative Weise zu unterstreichen. Gleichzeitig rufen Unicef und das Deutsche Kinderhilfswerk dazu auf, zum &#8222;Weltkindertag&#8220; eigene Aktionen ins Leben zu rufen. Anl\u00e4sslich des &#8222;Welttags der Bisexualit\u00e4t&#8220; &#8211; &#8222;Celebrate Bisexuality Day&#8220; &#8211;<br \/>\nam Mittwoch (23. September) wird das Marburger Rathaus von 7 Uhr bis zum Einbruch der Dunkelheit beflaggt. Seit 1999 gibt es den &#8222;Tag der Bisexualit\u00e4t&#8220;. Drei B\u00fcrgerrechtler*innen haben ihn in den Vereinigten Staaten von Amerika (USA) als &#8222;Celebrate Bisexuality Day&#8220; ins Leben gerufen. Der Tag soll darauf aufmerksam machen, dass Bisexualit\u00e4t neben Hetero- und Homosexualit\u00e4t eine eigenst\u00e4ndige sexuelle Orientierung ist.<\/p>\n<p>* pm: Stadt Marburg<\/p>\n","protected":false},"excerpt":{"rendered":"<p>Die Beflaggung der Universit\u00e4tsstadt Marburg im September 2026 umfasst drei Termine. Das hat die Stadt am Montag (31. August) bekanntgegeben.<\/p>\n","protected":false},"author":2,"featured_media":0,"comment_status":"closed","ping_status":"open","sticky":false,"template":"","format":"standard","meta":{"advanced_seo_description":"","spay_email":"","jetpack_publicize_message":"","jetpack_is_tweetstorm":false,"jetpack_publicize_feature_enabled":true},"categories":[2,4],"tags":[4224,3034,142],"jetpack_featured_media_url":"","jetpack_publicize_connections":[],"jetpack_sharing_enabled":true,"jetpack_shortlink":"https:\/\/wp.me\/p8mhvd-5ky","jetpack-related-posts":[{"id":19941,"url":"http:\/\/marburg.news\/?p=19941","url_meta":{"origin":20494,"position":0},"title":"Am Fahnenmast: Drei Termine neben Dauerbeflaggung","date":"27. April 2026","format":false,"excerpt":"F\u00fcnf Beflaggungstermine im Mai hat die Universit\u00e4tsstadt Marburg am Montag (27. April) angek\u00fcndigt. Dar\u00fcber hinaus gibt es bis zum Jahresende eine Dauerbeflaggung aller \u00f6ffentlichen Geb\u00e4ude in Hessen. Zu besonderen Anl\u00e4ssen wie Gedenk- oder Aktionstagen hisst die Universit\u00e4tsstadt Marburg an allen st\u00e4dtischen Geb\u00e4uden sowie dem historischen Rathaus die st\u00e4dtische Flagge. Damit\u2026","rel":"","context":"In &quot;Politik&quot;","img":{"alt_text":"","src":"","width":0,"height":0},"classes":[]},{"id":20386,"url":"http:\/\/marburg.news\/?p=20386","url_meta":{"origin":20494,"position":1},"title":"Am Rathaus: Flagg zeigen f\u00fcr Hiroshima und Nagasaki","date":"4. August 2026","format":false,"excerpt":"Die Beflaggung der Universit\u00e4tsstadt Marburg im August 2026 hat die Stadtverwaltung am Dienstag (4. August) bekanntgegeben. Sie umfasst zwei Termine. Die Universit\u00e4tsstadt Marburg hisst zu besonderen Anl\u00e4ssen wie Gedenk- oder Aktionstagen an allen st\u00e4dtischen Geb\u00e4uden sowie dem historischen Rathaus die st\u00e4dtische Flagge. Damit m\u00f6chte Marburg auf die Bedeutung der jeweiligen\u2026","rel":"","context":"In &quot;Politik&quot;","img":{"alt_text":"","src":"","width":0,"height":0},"classes":[]},{"id":18750,"url":"http:\/\/marburg.news\/?p=18750","url_meta":{"origin":20494,"position":2},"title":"Drei Gedenktage: Beflaggungstermine der Stadt im Oktober","date":"29. September 2025","format":false,"excerpt":"Die Beflaggungstermine im Oktober 2025 hat die Universit\u00e4tsstadt Marburg am Montag (29. September) bekanntgegeben. Drei Gedenktage sind dabei vorgesehen. Die Universit\u00e4tsstadt Marburg hisst zu besonderen Anl\u00e4ssen wie Gedenk- oder Aktionstagen an allen st\u00e4dtischen Geb\u00e4uden sowie dem historischen Rathaus die st\u00e4dtische Flagge. Damit m\u00f6chte Marburg auf die Bedeutung der jeweiligen Aktionstage\u2026","rel":"","context":"In &quot;Kultur&quot;","img":{"alt_text":"","src":"","width":0,"height":0},"classes":[]},{"id":19076,"url":"http:\/\/marburg.news\/?p=19076","url_meta":{"origin":20494,"position":3},"title":"Beflaggung: Verfassung, Behinderten- und Menschenrechte","date":"21. November 2025","format":false,"excerpt":"Die Beflaggungstermine ihrer \u00f6ffentlichen Geb\u00e4ude im Dezember 2025 hat die Stadt Marburg am Freitag (21. November) angek\u00fcndigt. Drei Anl\u00e4sse werden dabei gew\u00fcrdigt. Die Universit\u00e4tsstadt Marburg hisst zu besonderen Anl\u00e4ssen wie Gedenk- oder Aktionstagen an allen st\u00e4dtischen Geb\u00e4uden sowie dem historischen Rathaus die st\u00e4dtische Flagge. Damit m\u00f6chte Marburg auf die Bedeutung\u2026","rel":"","context":"In &quot;Politik&quot;","img":{"alt_text":"","src":"","width":0,"height":0},"classes":[]},{"id":20097,"url":"http:\/\/marburg.news\/?p=20097","url_meta":{"origin":20494,"position":4},"title":"Angegeben: Beflaggungstermine im Juni 2026","date":"29. Mai 2026","format":false,"excerpt":"Die Beflaggungstermine im Juni 2026 hat die Stadt Marburg am Freitag (29. Mai) bekanntgegeben. Vier Gedenktage werden dabei gew\u00fcrdigt. Die Universit\u00e4tsstadt Marburg hisst zu besonderen Anl\u00e4ssen wie Gedenk- oder Aktionstagen an allen st\u00e4dtischen Geb\u00e4uden sowie dem historischen Rathaus die st\u00e4dtische Flagge. Damit m\u00f6chte Marburg auf die Bedeutung der jeweiligen Aktionstage\u2026","rel":"","context":"In &quot;Politik&quot;","img":{"alt_text":"","src":"","width":0,"height":0},"classes":[]},{"id":14513,"url":"http:\/\/marburg.news\/?p=14513","url_meta":{"origin":20494,"position":5},"title":"An Gedenktagen: Beflaggung der Stadt im Dezember","date":"1. Dezember 2023","format":false,"excerpt":"Die Beflaggung der Universit\u00e4tsstadt Marburg im Dezember umfasst drei Termine. Gehisst wird die Flagge am Freitag (1. Dezember), Sonntag (3. Dezember) und Sonntag (10. Dezember). Die Universit\u00e4tsstadt Marburg hisst zu besonderen Anl\u00e4ssen wie Gedenk- oder Aktionstagen an allen st\u00e4dtischen Geb\u00e4uden sowie dem historischen Rathaus die st\u00e4dtische Flagge. Damit m\u00f6chte Marburg\u2026","rel":"","context":"In &quot;Politik&quot;","img":{"alt_text":"","src":"","width":0,"height":0},"classes":[]}],"_links":{"self":[{"href":"http:\/\/marburg.news\/index.php?rest_route=\/wp\/v2\/posts\/20494"}],"collection":[{"href":"http:\/\/marburg.news\/index.php?rest_route=\/wp\/v2\/posts"}],"about":[{"href":"http:\/\/marburg.news\/index.php?rest_route=\/wp\/v2\/types\/post"}],"author":[{"embeddable":true,"href":"http:\/\/marburg.news\/index.php?rest_route=\/wp\/v2\/users\/2"}],"replies":[{"embeddable":true,"href":"http:\/\/marburg.news\/index.php?rest_route=%2Fwp%2Fv2%2Fcomments&post=20494"}],"version-history":[{"count":0,"href":"http:\/\/marburg.news\/index.php?rest_route=\/wp\/v2\/posts\/20494\/revisions"}],"wp:attachment":[{"href":"http:\/\/marburg.news\/index.php?rest_route=%2Fwp%2Fv2%2Fmedia&parent=20494"}],"wp:term":[{"taxonomy":"category","embeddable":true,"href":"http:\/\/marburg.news\/index.php?rest_route=%2Fwp%2Fv2%2Fcategories&post=20494"},{"taxonomy":"post_tag","embeddable":true,"href":"http:\/\/marburg.news\/index.php?rest_route=%2Fwp%2Fv2%2Ftags&post=20494"}],"curies":[{"name":"wp","href":"https:\/\/api.w.org\/{rel}","templated":true}]}}