{"id":20137,"date":"2026-06-06T10:51:48","date_gmt":"2026-06-06T08:51:48","guid":{"rendered":"http:\/\/marburg.news\/?p=20137"},"modified":"2026-06-06T10:51:48","modified_gmt":"2026-06-06T08:51:48","slug":"paris-1940-die-buchhandlung-der-exilanten","status":"publish","type":"post","link":"http:\/\/marburg.news\/?p=20137","title":{"rendered":"Paris 1940: Die Buchhandlung der Exilanten"},"content":{"rendered":"<p>&#8222;Die Buchhandlung der Exilanten&#8220; in Paris ist Thema einer Buchvorstellung mit Uwe Neumahr. 1940 stand sie f\u00fcr Zuflucht und Widerstand. <!--more--><br \/>\nAdrienne Monnier und Sylvia Beach sind literarische Legenden. Mit ihren benachbarten Buchhandlungen haben sie \u00fcber Jahrzehnte das literarische Paris gepr\u00e4gt. Doch mit der deutschen Besatzung \u00e4ndert sich 1940 auch f\u00fcr sie alles.<br \/>\nAus der literarischen Oase im Herzen der Stadt wird ein Zufluchtsort f\u00fcr deutsch-j\u00fcdische Exilanten und ein Ort des Widerstands. Uwe Neumahr erz\u00e4hlt in seinem bewegenden Buch die Geschichte dieses gro\u00dfen Paares und ihrer Freunde. Die Lesung im Technologie- und Tagungszentrum (TTZ) Marburg beginnt am Freitag (12. Juni) um 19 Uhr.<\/p>\n<p>* pm: Kulturelle Aktion Marburg &#8222;Str\u00f6mungen&#8220;<\/p>\n","protected":false},"excerpt":{"rendered":"<p>&#8222;Die Buchhandlung der Exilanten&#8220; in Paris ist Thema einer Buchvorstellung mit Uwe Neumahr. 1940 stand sie f\u00fcr Zuflucht und Widerstand.<\/p>\n","protected":false},"author":2,"featured_media":0,"comment_status":"closed","ping_status":"open","sticky":false,"template":"","format":"standard","meta":{"advanced_seo_description":"","spay_email":"","jetpack_publicize_message":"","jetpack_is_tweetstorm":false,"jetpack_publicize_feature_enabled":true},"categories":[3,2],"tags":[5483,6540,1477],"jetpack_featured_media_url":"","jetpack_publicize_connections":[],"jetpack_sharing_enabled":true,"jetpack_shortlink":"https:\/\/wp.me\/p8mhvd-5eN","jetpack-related-posts":[{"id":2772,"url":"http:\/\/marburg.news\/?p=2772","url_meta":{"origin":20137,"position":0},"title":"Vorgelesen: Heimspiel f\u00fcr Nino Haratischwili im TaSch","date":"31. Oktober 2018","format":false,"excerpt":"\"F\u00fcr mich ist das hier heute ein Heimspiel\", sagte Nino Haratischwili. Im \"Gro\u00dfen TaSch\" las sie am Dienstag (30. Oktober) aus ihrem Roman \"Die Katze und der General\". \"Ungewohnt ist allerdings, hier auf der B\u00fchne zu sein\", fuhr die Bestseller-Autorin fort. \"Sechs Wochen lang habe ich unten gesessen.\" W\u00e4hrend dieser\u2026","rel":"","context":"In &quot;Kultur&quot;","img":{"alt_text":"","src":"","width":0,"height":0},"classes":[]},{"id":14375,"url":"http:\/\/marburg.news\/?p=14375","url_meta":{"origin":20137,"position":1},"title":"Bem\u00fchungen bemerken: Nicola Denis spricht \u00fcbers \u00dcbersetzen","date":"16. November 2023","format":false,"excerpt":"Nicola Denis sprach \u00fcber ihre Arbeit mit Franz\u00f6sisch-Deutsch \u00dcberseztungen. Ungef\u00e4hr 15 Leute kamen am Mittwoch (15. Oktober) ins TTZ um ihr zuzuh\u00f6ren.\u00a0 \u201cJedes Wort sitzt an seiner Stelle, an seinem Platz. Es ist kein Wort zu viel.\u201d sagte Denis \u00fcber Vuillards Werke die sie bisher \u00fcbersetzt hat. Das macht die\u2026","rel":"","context":"In &quot;Kultur&quot;","img":{"alt_text":"","src":"","width":0,"height":0},"classes":[]},{"id":14109,"url":"http:\/\/marburg.news\/?p=14109","url_meta":{"origin":20137,"position":2},"title":"Reitgasse: N\u00e4chtlicher Einbruch in Buchhandlung","date":"19. Oktober 2023","format":false,"excerpt":"Auf Bargeld hatten es Unbekannte beim Einbruch in eine Buchhandlung an der Reitgasse abgesehen. Am Mittwoch (18. Oktober) brachen sie die Nebeneingangst\u00fcr auf und drangen in die Gesch\u00e4ftsr\u00e4ume ein. Sie durchw\u00fchlten mehrere B\u00fcror\u00e4ume und lie\u00dfen Bargeld mitgehen. Wem sind die Einbrecher, die zwischen 4.05 und 6.30 Uhr am Werk waren\u2026","rel":"","context":"In &quot;Sonstiges&quot;","img":{"alt_text":"","src":"","width":0,"height":0},"classes":[]},{"id":11150,"url":"http:\/\/marburg.news\/?p=11150","url_meta":{"origin":20137,"position":3},"title":"Zum Volkstrauertag: Lesung zur Finissage von &#8222;Wounded&#8220;","date":"7. November 2022","format":false,"excerpt":"Zum Volkstrauertag hat die Stadt eine Lesung mit der Autorin Stefanie vor Schulte organisiert. Sie liest bei der Finissage f\u00fcr \"Wounded\" von Bryan Adams am Sonntag (13. November). Neue Wege geht die Stadt Marburg zum Volkstrauertag am Sonntag (13. November). Aus diesem Anlass hat sie bereits die international bekannte Ausstellung\u2026","rel":"","context":"In &quot;Kultur&quot;","img":{"alt_text":"","src":"","width":0,"height":0},"classes":[]},{"id":17783,"url":"http:\/\/marburg.news\/?p=17783","url_meta":{"origin":20137,"position":4},"title":"Zum Auszeichnen: Lutherst\u00e4dte w\u00fcrdigten Einsatz gegen Rechtsextremismus","date":"3. April 2025","format":false,"excerpt":"Mit dem Preis \"Das unerschrockene Wort\" hat der Bund der Lutherst\u00e4dte am Freitag (28. M\u00e4rz) Engagement gegen Rechtsextremismus gew\u00fcrdigt. Damit haben die 16 St\u00e4dte ein Zeichen f\u00fcr Demokratie gesetzt. F\u00fcr ihre Zivilcourage haben Heinz J\u00fcrgen Ostermann und Prof. Dr. Jens-Christian Wagner \"Das unerschrockene Wort\" erhalten. Der mit 10.000 Euro dotierte\u2026","rel":"","context":"In &quot;Politik&quot;","img":{"alt_text":"","src":"","width":0,"height":0},"classes":[]},{"id":8258,"url":"http:\/\/marburg.news\/?p=8258","url_meta":{"origin":20137,"position":5},"title":"Liebevoll Literatur: Stadtb\u00fccherei verleiht Gesamtausgabe von G\u00fcnter Grass","date":"29. November 2021","format":false,"excerpt":"Neuen Lesestoff zum Winter bietet die Stadtb\u00fccherei an. Sie verleiht eine Werkausgabe von G\u00fcnter Grass. Mit der \"Neuen G\u00f6ttinger Ausgabe in 24 B\u00e4nden\" gibt es erstmals eine bibliophil gestaltete, komplette Werkausgabe von G\u00fcnter Grass. Zum Teil wurde sie vom Autoren selbst korrigiert, intensiv ausgew\u00e4hlt und liebevoll gestaltet. Die Kundschaft der\u2026","rel":"","context":"In &quot;Bildung&quot;","img":{"alt_text":"","src":"","width":0,"height":0},"classes":[]}],"_links":{"self":[{"href":"http:\/\/marburg.news\/index.php?rest_route=\/wp\/v2\/posts\/20137"}],"collection":[{"href":"http:\/\/marburg.news\/index.php?rest_route=\/wp\/v2\/posts"}],"about":[{"href":"http:\/\/marburg.news\/index.php?rest_route=\/wp\/v2\/types\/post"}],"author":[{"embeddable":true,"href":"http:\/\/marburg.news\/index.php?rest_route=\/wp\/v2\/users\/2"}],"replies":[{"embeddable":true,"href":"http:\/\/marburg.news\/index.php?rest_route=%2Fwp%2Fv2%2Fcomments&post=20137"}],"version-history":[{"count":0,"href":"http:\/\/marburg.news\/index.php?rest_route=\/wp\/v2\/posts\/20137\/revisions"}],"wp:attachment":[{"href":"http:\/\/marburg.news\/index.php?rest_route=%2Fwp%2Fv2%2Fmedia&parent=20137"}],"wp:term":[{"taxonomy":"category","embeddable":true,"href":"http:\/\/marburg.news\/index.php?rest_route=%2Fwp%2Fv2%2Fcategories&post=20137"},{"taxonomy":"post_tag","embeddable":true,"href":"http:\/\/marburg.news\/index.php?rest_route=%2Fwp%2Fv2%2Ftags&post=20137"}],"curies":[{"name":"wp","href":"https:\/\/api.w.org\/{rel}","templated":true}]}}