{"id":19972,"date":"2026-05-01T10:10:00","date_gmt":"2026-05-01T08:10:00","guid":{"rendered":"http:\/\/marburg.news\/?p=19972"},"modified":"2026-05-01T10:10:00","modified_gmt":"2026-05-01T08:10:00","slug":"zum-1-mai-mehr-demokratie-heisst-mehr-soziale-gerechtigkeit-wagen","status":"publish","type":"post","link":"http:\/\/marburg.news\/?p=19972","title":{"rendered":"Zum 1. Mai: Mehr Demokratie hei\u00dft mehr Soziale Gerechtigkeit wagen"},"content":{"rendered":"<p>Demokratie bedarf der Sozialen Gerechtigkeit wie die Arbeitnehmerschaft des 1. Mai. Ohne grundlegende Gleichheit kann Demokratie nicht gedeihen. <!--more--><br \/>\n\u00dcbergro\u00dfer Reichtum gef\u00e4hrdet die Demokratie. Er \u00f6ffnet T\u00fcr und Tor f\u00fcr Korruption und Entscheidungen, die nicht dem Wohle aller, sondern dem Wohlergehen weniger Reichter verpflichtet sind. Die gerechte Verteilung des gesellschaftlichen Wohlstands schafft die Grundlage daf\u00fcr, dass alle sich dem Gemeinwesen verpflichtet f\u00fchlen und auch daf\u00fcr einstehen.<br \/>\nDoch die derzeitige Bundesregierung unter dem CDU-Kanzler Friedrich Merz legt die Axt an den Sozialstaat an. Damit gie\u00dft sie \u00d6l in den Feuereifer rassistischer Rechtspopulisten und st\u00e4rkt letztlich die AfD. Alle wesentlichen Wissenschaftlerinnen und Wissenschaftler warnen davor, populistische Parolen der AfD zu \u00fcbernehmen und zu glauben, damit k\u00f6nne man sie klein halten.<br \/>\nNotwendig w\u00e4re hingegen eine klare Absage der Politik an Antisemitismus und Rassismus, an Geschichtsrevisionismus und Deutscht\u00fcmelei sowie an Kulturfeindlichkeit und auch an neoliberale Sparpolitik. Wenn die Bundesregierung es f\u00fcr n\u00f6tig h\u00e4lt, die Bundeswehr aufzur\u00fcsten, dann darf sie das \u00fcbberhaupt nur unter der Voraussetzung, dass die notwendigen Gelder daf\u00fcr bei den Verm\u00f6gensmillion\u00e4ren und Milliard\u00e4ren eingesammelt werden. Schlie\u00dflich w\u00e4re es vor allem ihr Reichtum, der mit diesem Geld verteidigt w\u00fcrde.<br \/>\nLeider ist die &#8222;gute alte Tante SPD&#8220; heute weit von jener Sozialdemokratie entfernt, die mit der Parole &#8222;mehr Demokratie wagen&#8220; an die Macht gelangt ist. Leider besitzt die heutige SPD weder das R\u00fcckgrat eines Willy Brandt, der mit seinem Kniefall im Warschauer Ghetto der ganzen Welt \u00fcberaus eindrucksvoll seine Scham \u00fcber die Taten der nationalsozialistischen Gewaltherrschaft bekundet hat, noch die analytische Sch\u00e4rfe des Ketenrauchers Helmut Schmidt, der in jungen Jahren in Kreisen des antifaschistischen Widerstands verkehrte. Leider ist die SPD heute eine &#8222;Pendlerpartei&#8220;, wie der damalige SPD-Fraktionsvorsitzende Herbert Wehner 1972 bei der Debatte \u00fcber das Misstrauensvotum im Deutschen Bundestag die FDP wegen ihres r\u00fcckgratlosen Machtdrangs sp\u00f6ttisch bezeichnete.<br \/>\nFakt ist, dass Demokratie immer wieder von Neuem erk\u00e4mpft werden muss. Diesmal muss das vor allem durch Druck auf die Bundesregierung geschehen, damit nicht am Sozialstaat gespart wird, w\u00e4hrend die Verm\u00f6genden immer noch mehr Geld anh\u00e4ufen. Wichtig ist aber auch, dass allen Verantwortlichen in Politik und Parteien klar aufgezeigt wird, dass es nur eins gibt, was &#8222;alternativlos&#8220; ist: Das ist Menschlichkeit und soziale Gerechtigkeit im Alltag wie auch in der Politik, weil die Alternative dazu unertr\u00e4glich und m\u00f6glicherweise f\u00fcr mamche sogar auch t\u00f6dlich enden w\u00fcrde.<\/p>\n<p>* <a href=\"http:\/\/marburg.news\/team\/fjh\">Franz-Josef Hanke<\/a><\/p>\n","protected":false},"excerpt":{"rendered":"<p>Demokratie bedarf der Sozialen Gerechtigkeit wie die Arbeitnehmerschaft des 1. Mai. Ohne grundlegende Gleichheit kann Demokratie nicht gedeihen.<\/p>\n","protected":false},"author":2,"featured_media":0,"comment_status":"closed","ping_status":"open","sticky":false,"template":"","format":"standard","meta":{"advanced_seo_description":"","spay_email":"","jetpack_publicize_message":"","jetpack_is_tweetstorm":false,"jetpack_publicize_feature_enabled":true},"categories":[2,4],"tags":[271,3064,7516],"jetpack_featured_media_url":"","jetpack_publicize_connections":[],"jetpack_sharing_enabled":true,"jetpack_shortlink":"https:\/\/wp.me\/p8mhvd-5c8","jetpack-related-posts":[{"id":18992,"url":"http:\/\/marburg.news\/?p=18992","url_meta":{"origin":19972,"position":0},"title":"Am 9. November: Brennende Synagogen oder jubelnde Mauerspechte","date":"9. November 2025","format":false,"excerpt":"Der 9. November ist ein geschichtstr\u00e4chtiger Tag f\u00fcr Deutschland. Er steht f\u00fcr einen Tiefpunkt undgleichzeitig auch f\u00fcr einen H\u00f6hepunkt der Demokratie. Am 9. November 1938 z\u00fcndeten Nazis \u00fcberall in Deutschland Synagogen an und pl\u00fcnderten Gesch\u00e4fte vvon J\u00fcdinnen und Juden. Am 9. November 1989 fiel die Mauer und damit das unterdr\u00fcckerische\u2026","rel":"","context":"In &quot;Politik&quot;","img":{"alt_text":"","src":"","width":0,"height":0},"classes":[]},{"id":17442,"url":"http:\/\/marburg.news\/?p=17442","url_meta":{"origin":19972,"position":1},"title":"Im Capitol: Dokumentarfilm \u00fcber Ruth Bader Ginsburg","date":"4. Februar 2025","format":false,"excerpt":"Das \"Marburger Demokratie Kino\" zeigt \"RGB - Ein Leben f\u00fcr Gerechtigkeit\". Der Dokumentarfilm \u00fcber Ruth Bader Ginsburg ist am Montag (17. Februar) im Capitol zu sehen. Die n\u00e4chste Filmvorf\u00fchrung der Initiative \"Marburger Demokratie Kino\" steht an. Am Montag (17. Februar) um 19 Uhr zeigt das Filmkunsttheater \"Capitol\" den Dokumentarfilm \"RGB\u2026","rel":"","context":"In &quot;Kultur&quot;","img":{"alt_text":"","src":"","width":0,"height":0},"classes":[]},{"id":16010,"url":"http:\/\/marburg.news\/?p=16010","url_meta":{"origin":19972,"position":2},"title":"Demokratie: Schutzbed\u00fcrftig und sch\u00fctzenswert wie das Leben selbst","date":"21. Juli 2024","format":false,"excerpt":"Demokratie ist die beste Staatsform aller m\u00f6glichen. Gerade wegen ihrer Kostbarkeit ist sie aber auch immer in Gefahr. Demokratie ist die Luft, die die Menschen zum Atmen brauchen. Sie gew\u00e4hrt ihnen die Freiheit, in der allein sich jede und jeder mit all seinen und ihren Talenten entfalten kann. Ein Leben\u2026","rel":"","context":"In &quot;Politik&quot;","img":{"alt_text":"","src":"","width":0,"height":0},"classes":[]},{"id":14687,"url":"http:\/\/marburg.news\/?p=14687","url_meta":{"origin":19972,"position":3},"title":"Ausblick auf 2024: Mehr Demokratie wagen","date":"1. Januar 2024","format":false,"excerpt":"Rundum gut war das Jahr 2023 ganz gewiss nicht. 2024 kann nur besser werden. Das hoffen wohl alle Menschen in Marburg. Das Jahr 2023 war gepr\u00e4gt von Krisen, Konflikten, Kriegen und Katastrophen. Daraus ergeben sich zahlreiche Aufgaben und Herausforderungen f\u00fcr das Neue Jahr. Die wichtigste davon wird sein, der gesellschaftlichen\u2026","rel":"","context":"In &quot;Politik&quot;","img":{"alt_text":"","src":"","width":0,"height":0},"classes":[]},{"id":14829,"url":"http:\/\/marburg.news\/?p=14829","url_meta":{"origin":19972,"position":4},"title":"Mit Menschenrechten: HU verst\u00e4rkt Einsatz f\u00fcr Demokratie","date":"29. Januar 2024","format":false,"excerpt":"Verst\u00e4rken m\u00f6chte die Humanistische Union (HU) ihren Einsatz f\u00fcr gelebte Demokratie. Das ist das Ergebnis des HU-Neujahrsessens 2024 in Marburg. Bei ihrer Jahreshauptversammlung am Sonntag (28. Januar) best\u00e4tigte die Humanistische Union Marburg ihren Vorsitzenden Franz-Josef Hanke, seinen Stellvertreter Tronje D\u00f6hmer sowie den Beisitzer Matthias Schulz im Amt. Alle drei wurden\u2026","rel":"","context":"In &quot;Politik&quot;","img":{"alt_text":"","src":"","width":0,"height":0},"classes":[]},{"id":19962,"url":"http:\/\/marburg.news\/?p=19962","url_meta":{"origin":19972,"position":5},"title":"Umgegangen: Walk gegen Gewalt und Angst","date":"29. April 2026","format":false,"excerpt":"\"Gehen gegen Gewalt und Angst - Walk durch Marburg\" lautet der Titel einer Veranstaltung der AG Feminismus des Marburger Netzwerks f\u00fcr Demokratie und gegen Rechtsextremismus. Sie findet am Dienstag (12. Mai) um 16.30 und 18.30 Uhr statt. Um dem Thema Gewalt gegen Frauen und M\u00e4dchen mehr \u00d6ffentlichkeit zu schaffen, f\u00fchrt\u2026","rel":"","context":"In &quot;Soziales&quot;","img":{"alt_text":"","src":"","width":0,"height":0},"classes":[]}],"_links":{"self":[{"href":"http:\/\/marburg.news\/index.php?rest_route=\/wp\/v2\/posts\/19972"}],"collection":[{"href":"http:\/\/marburg.news\/index.php?rest_route=\/wp\/v2\/posts"}],"about":[{"href":"http:\/\/marburg.news\/index.php?rest_route=\/wp\/v2\/types\/post"}],"author":[{"embeddable":true,"href":"http:\/\/marburg.news\/index.php?rest_route=\/wp\/v2\/users\/2"}],"replies":[{"embeddable":true,"href":"http:\/\/marburg.news\/index.php?rest_route=%2Fwp%2Fv2%2Fcomments&post=19972"}],"version-history":[{"count":0,"href":"http:\/\/marburg.news\/index.php?rest_route=\/wp\/v2\/posts\/19972\/revisions"}],"wp:attachment":[{"href":"http:\/\/marburg.news\/index.php?rest_route=%2Fwp%2Fv2%2Fmedia&parent=19972"}],"wp:term":[{"taxonomy":"category","embeddable":true,"href":"http:\/\/marburg.news\/index.php?rest_route=%2Fwp%2Fv2%2Fcategories&post=19972"},{"taxonomy":"post_tag","embeddable":true,"href":"http:\/\/marburg.news\/index.php?rest_route=%2Fwp%2Fv2%2Ftags&post=19972"}],"curies":[{"name":"wp","href":"https:\/\/api.w.org\/{rel}","templated":true}]}}