{"id":19971,"date":"2026-04-30T15:50:00","date_gmt":"2026-04-30T13:50:00","guid":{"rendered":"http:\/\/marburg.news\/?p=19971"},"modified":"2026-04-30T15:50:00","modified_gmt":"2026-04-30T13:50:00","slug":"geortet-abends-fledermaeuse-beobachten","status":"publish","type":"post","link":"http:\/\/marburg.news\/?p=19971","title":{"rendered":"Geortet: Abends Flederm\u00e4use beobachten"},"content":{"rendered":"<p>Flederm\u00e4use erleben k\u00f6nnen Interessierte auch diesen Sommer wieder. Die Stadt l\u00e4dt zu vier gef\u00fchrten Abendexkursionen ein. <!--more--><br \/>\nAuch im Sommer 2026 bietet die Universit\u00e4tsstadt Marburg wieder gef\u00fchrte Fledermausexkursionen an. Fachkundige Exkursionsleiter*innen geben spannende Einblicke in die Lebensweise der Tiere und machen ihre sonst unh\u00f6rbaren Rufe mit speziellen Fledermausdetektoren h\u00f6rbar. Treffpunkt ist jeweils die Fledermaus-Informationstafel am Hirsefeldsteg auf der Seite der Jugendherberge.<br \/>\nDie Exkursionen finden immer samstags statt: Am Samstag (30. Mai) beginnt die Exkursion um 21 Uhr. Am Samstag (27. Juni) f\u00e4ngt sie erst um 21.30 Uhr an. Am Samstag (25. Juli) beginnt sie wieder um 21 Uhr und am Samstag (29. August) bereits um 20 Uhr.<br \/>\nDie Teilnahme ist kostenfrei, eine Anmeldung ist in der Regel nicht erforderlich. Gruppen ab acht Personen werden gebeten, sich vorab anzumelden. Bei schlechtem Wetter (Regen oder Gewitter) m\u00fcssen die Exkursionen leider entfallen.<\/p>\n<p>* pm: Stadt Marburg<\/p>\n","protected":false},"excerpt":{"rendered":"<p>Flederm\u00e4use erleben k\u00f6nnen Interessierte auch diesen Sommer wieder. Die Stadt l\u00e4dt zu vier gef\u00fchrten Abendexkursionen ein.<\/p>\n","protected":false},"author":2,"featured_media":0,"comment_status":"closed","ping_status":"open","sticky":false,"template":"","format":"standard","meta":{"advanced_seo_description":"","spay_email":"","jetpack_publicize_message":"","jetpack_is_tweetstorm":false,"jetpack_publicize_feature_enabled":true},"categories":[5],"tags":[7514,7515,745],"jetpack_featured_media_url":"","jetpack_publicize_connections":[],"jetpack_sharing_enabled":true,"jetpack_shortlink":"https:\/\/wp.me\/p8mhvd-5c7","jetpack-related-posts":[{"id":12498,"url":"http:\/\/marburg.news\/?p=12498","url_meta":{"origin":19971,"position":0},"title":"Ausgeflogen: Stadt bietet Fledermausexkursionen an","date":"3. Mai 2023","format":false,"excerpt":"Flederm\u00e4use entdecken k\u00f6nnen Interessierte im Sommer 2023. Die Stadt Marburg l\u00e4dt zu entsprechenden Exkursionen ein. Die Fledermausexkursionen der Universit\u00e4tsstadt Marburg sind ein beliebtes Angebot. Sie finden auch 2023 wieder statt. Die Teilnahme ist kostenlos und eine Anmeldung ist nicht erforderlich. Die F\u00fchrungen finden am Samstag (27. Mai) um 21 Uhr,\u2026","rel":"","context":"In &quot;Bildung&quot;","img":{"alt_text":"","src":"","width":0,"height":0},"classes":[]},{"id":15523,"url":"http:\/\/marburg.news\/?p=15523","url_meta":{"origin":19971,"position":1},"title":"Natur Beobachten: Stadt bietet Fledermausexkursionen an","date":"3. Mai 2024","format":false,"excerpt":"Die Stadt Marburg bietet kostenlose Fledermausexkursionen an. Sie finden an Samstagabenden im Sommer statt. Auch 2024 bietet die Universit\u00e4tsstadt Marburg wieder die beliebten Fledermausexkursionen an. Die Teilnahme ist kostenlos. Die F\u00fchrungen finden an vier verschiedenen Terminen statt. Das sind Samstag (25. Mai) um 21 Uhr, Samstag (29. Juni) um 21.30\u2026","rel":"","context":"In &quot;Bildung&quot;","img":{"alt_text":"","src":"","width":0,"height":0},"classes":[]},{"id":1132,"url":"http:\/\/marburg.news\/?p=1132","url_meta":{"origin":19971,"position":2},"title":"Im Tannh\u00e4user: Winterquartier f\u00fcr Flederm\u00e4use in altem Luftschutzstollen","date":"22. September 2017","format":false,"excerpt":"Flederm\u00e4use sollen auch weiterhin Unterschlupf im ehemaligen Luftschutzstollen \"Tannh\u00e4user\"finden. Zus\u00e4tzlich ist der Stollen in der kalten Jahreszeit auch ein ideales R\u00fcckzugsgebiet f\u00fcr Feuersalamander. \"Der Tannh\u00e4user-Stollen dient seit Jahrzehnten als Winterquartier f\u00fcr Flederm\u00e4use und andere Kleintiere\", erkl\u00e4rte B\u00fcrgermeister Dr. Franz Kahle am Freitag (22. September). \"Dass dieser R\u00fcckzugsraum erhalten werden konnte,\u2026","rel":"","context":"In &quot;Politik&quot;","img":{"alt_text":"","src":"","width":0,"height":0},"classes":[]},{"id":18767,"url":"http:\/\/marburg.news\/?p=18767","url_meta":{"origin":19971,"position":3},"title":"Im Stollen: RP fordert R\u00fccksicht auf Flederm\u00e4use","date":"30. September 2025","format":false,"excerpt":"Kaum ist es Herbst, beginnt f\u00fcr Flederm\u00e4use schon der Winterschlaf. Das Regierungspr\u00e4sidium Gie\u00dfen appelliert, alte Stollen und Gruben nicht zu betreten. Mittelhessen ist reich an alten Stollen und Gruben, in denen fr\u00fcher Eisenerz und andere Bodensch\u00e4tze gewonnen wurden. Dieser Altbergbau, aber auch Trinkwasserstollen, sind wichtiger Lebensraum und vor allem R\u00fcckzugsorte\u2026","rel":"","context":"In &quot;Bildung&quot;","img":{"alt_text":"","src":"","width":0,"height":0},"classes":[]},{"id":11121,"url":"http:\/\/marburg.news\/?p=11121","url_meta":{"origin":19971,"position":4},"title":"Fr\u00fchzeitige Planung: F\u00fcnfte Jahreszeit beginnt in Marburg","date":"4. November 2022","format":false,"excerpt":"Marburg startet wieder in die n\u00e4rrische Zeit. Den Auftakt machen die Karnevalsvereine am Freitag (11. November) um 19.11 Uhr im B\u00fcrgerhaus Cappel. Bis zum Aschermittwoch soll es dann n\u00e4rrisches Programm geben. Das haben die Marburger Karnevalsvereine mit dem Karnevalsdezernenten Dr. Thomas Spies vorgestellt. \u201eF\u00fcr den Marburger Karneval engagieren sich viele\u2026","rel":"","context":"In &quot;Kultur&quot;","img":{"alt_text":"","src":"","width":0,"height":0},"classes":[]},{"id":19005,"url":"http:\/\/marburg.news\/?p=19005","url_meta":{"origin":19971,"position":5},"title":"Vor der Karnevalszeit: Auch 2026 wieder ein &#8222;Rosenmontagsunzug&#8220;","date":"11. November 2025","format":false,"excerpt":"Die \"F\u00fcnfte Jahreszeit\" beginnt am 11.11. auch in Marburg. Die Narrenschar bietet auch dortein buntes Karnevalsprogramm. Engagiert, bunt und mit vielen T\u00e4nzen startet Marburg wieder in die \"F\u00fcnfte Jahreszeit\". Der Karneval beginnt am Dienstag (11. November) um 19.11 Uhr im B\u00fcrgerhaus Cappel. Die Marburger Vereine stellen ihr vielf\u00e4ltiges Programm f\u00fcr\u2026","rel":"","context":"In &quot;Kultur&quot;","img":{"alt_text":"","src":"","width":0,"height":0},"classes":[]}],"_links":{"self":[{"href":"http:\/\/marburg.news\/index.php?rest_route=\/wp\/v2\/posts\/19971"}],"collection":[{"href":"http:\/\/marburg.news\/index.php?rest_route=\/wp\/v2\/posts"}],"about":[{"href":"http:\/\/marburg.news\/index.php?rest_route=\/wp\/v2\/types\/post"}],"author":[{"embeddable":true,"href":"http:\/\/marburg.news\/index.php?rest_route=\/wp\/v2\/users\/2"}],"replies":[{"embeddable":true,"href":"http:\/\/marburg.news\/index.php?rest_route=%2Fwp%2Fv2%2Fcomments&post=19971"}],"version-history":[{"count":0,"href":"http:\/\/marburg.news\/index.php?rest_route=\/wp\/v2\/posts\/19971\/revisions"}],"wp:attachment":[{"href":"http:\/\/marburg.news\/index.php?rest_route=%2Fwp%2Fv2%2Fmedia&parent=19971"}],"wp:term":[{"taxonomy":"category","embeddable":true,"href":"http:\/\/marburg.news\/index.php?rest_route=%2Fwp%2Fv2%2Fcategories&post=19971"},{"taxonomy":"post_tag","embeddable":true,"href":"http:\/\/marburg.news\/index.php?rest_route=%2Fwp%2Fv2%2Ftags&post=19971"}],"curies":[{"name":"wp","href":"https:\/\/api.w.org\/{rel}","templated":true}]}}