{"id":19968,"date":"2026-04-30T14:40:00","date_gmt":"2026-04-30T12:40:00","guid":{"rendered":"http:\/\/marburg.news\/?p=19968"},"modified":"2026-04-30T14:40:00","modified_gmt":"2026-04-30T12:40:00","slug":"gestorben-maehroboter-gefaehrden-kleintiere-im-garten","status":"publish","type":"post","link":"http:\/\/marburg.news\/?p=19968","title":{"rendered":"Gestorben: M\u00e4hroboter gef\u00e4hrden Kleintiere im Garten"},"content":{"rendered":"<p>M\u00e4hroboter darf man in Marburg nur tags\u00fcber laufen lassen. Das n\u00e4chtliche Betriebsverbot dient dem Schutz von Igeln und Kleintieren. <!--more--><br \/>\nIgel und andere Kleintiere werden seit einigen Jahren vermehrt nachts von M\u00e4hrobotern &#8211; oft auch t\u00f6dlich- verletzt. Um sie zu sch\u00fctzen, hat die Untere Naturschutzbeh\u00f6rde (UNB) der Stadt Marburg eine Allgemeinverf\u00fcgung erlassen: Nachts d\u00fcrfen im gesamten Stadtgebiet keine M\u00e4hroboter in Betrieb sein.<br \/>\nDenn Igel und heimische Amphibien wie Fr\u00f6sche und Salamander sind besonders gesch\u00fctzte Arten. Sie d\u00fcrfen nicht verletzt oder get\u00f6tet werden. Die Allgemeinverf\u00fcgung zum Verbot des n\u00e4chtlichen Betriebs von M\u00e4hrobotern im Gebiet der Stadt Marburg wurde Ende 2025 vom Magistrat beschlossen und bekannt gemacht.<br \/>\nDas Verbot gilt ab einer halben Stunde vor Sonnenuntergang bis eine halbe Stunde nach Sonnenaufgang. Ziel ist der Schutz von Igeln und anderen kleinen Wildtieren wie zum Beispiel Amphibien, M\u00e4usen und Kr\u00f6ten. Da nun die M\u00e4h-Saison wieder gestartet ist, macht die Stadt Marburg noch einmal darauf aufmerksam, wie wichtig private G\u00e4rten f\u00fcr den Schutz von bedrohten Arten sind. Die Anzahl von Igeln ist in den vergangenen Jahren bereits merklich zur\u00fcckgegangen.<\/p>\n<p>* pm: Stadt Marburg<\/p>\n","protected":false},"excerpt":{"rendered":"<p>M\u00e4hroboter darf man in Marburg nur tags\u00fcber laufen lassen. Das n\u00e4chtliche Betriebsverbot dient dem Schutz von Igeln und Kleintieren.<\/p>\n","protected":false},"author":2,"featured_media":0,"comment_status":"closed","ping_status":"open","sticky":false,"template":"","format":"standard","meta":{"advanced_seo_description":"","spay_email":"","jetpack_publicize_message":"","jetpack_is_tweetstorm":false,"jetpack_publicize_feature_enabled":true},"categories":[4],"tags":[6351,7512,4127],"jetpack_featured_media_url":"","jetpack_publicize_connections":[],"jetpack_sharing_enabled":true,"jetpack_shortlink":"https:\/\/wp.me\/p8mhvd-5c4","jetpack-related-posts":[{"id":19160,"url":"http:\/\/marburg.news\/?p=19160","url_meta":{"origin":19968,"position":0},"title":"Ausgesetzt: Neue Allgemeinverf\u00fcgung lockert Schutzma\u00dfnahmen gegen Vogelgrippe","date":"5. Dezember 2025","format":false,"excerpt":"Der Kreis passt seine Schutzma\u00dfnahmen gegen die Gefl\u00fcgelpest an. Das ist seine Reaktion auf das aktuelle Infektionsgeschehen. Mit einer neuen Allgemeinverf\u00fcgung reagiert der Landkreis Marburg-Biedenkopf auf die aktuelle Gefl\u00fcgelpest-Situation. Da seit Anfang November keine positiven F\u00e4lle im Landkreis nachgewiesen wurden, passt die zust\u00e4ndige Veterin\u00e4rbeh\u00f6rde des Kreises die Sicherheitsma\u00dfnahmen an und\u2026","rel":"","context":"In &quot;Soziales&quot;","img":{"alt_text":"","src":"","width":0,"height":0},"classes":[]},{"id":8751,"url":"http:\/\/marburg.news\/?p=8751","url_meta":{"origin":19968,"position":1},"title":"G\u00e4rtnerische Entwicklungshilfe: Hecken und Str\u00e4ucher bis Ende Februar zur\u00fcckschneiden","date":"9. Februar 2022","format":false,"excerpt":"Hecken und Str\u00e4ucher darf man nur noch bis Ende Februar zur\u00fcckschneiden.Das soll Lebensr\u00e4ume von Tieren und ihren Nachwuchs sch\u00fctzen. Bei sch\u00f6nem Wetter werkeln viele Menschen gerne in ihren G\u00e4rten. Str\u00e4ucher, B\u00fcsche und Hecken sollten jedoch schon vor dem Fr\u00fchjahr in Form gebracht werden. Denn wenn die Brutsaison ab M\u00e4rz startet,\u2026","rel":"","context":"In &quot;Politik&quot;","img":{"alt_text":"","src":"","width":0,"height":0},"classes":[]},{"id":11645,"url":"http:\/\/marburg.news\/?p=11645","url_meta":{"origin":19968,"position":2},"title":"Auftakt des Jahres: R\u00fcckschnitt bis Ende Februar","date":"10. Januar 2023","format":false,"excerpt":"Hecken und Str\u00e4ucher sollte man bis Ende Februar zur\u00fcckschneiden. So kann man Lebensr\u00e4ume von Tieren sch\u00fctzen. Geh\u00f6lze bieten in der Brutsaison vielen Tierarten einen idealen Ort f\u00fcr den Nestbau. Daher erinnert die Stadt Marburg alle Grundst\u00fcckseigent\u00fcmer und Firmen, die mit der Grundst\u00fcckspflege beauftragt sind, daran, dass notwendige Geh\u00f6lzr\u00fcckschnitte nur noch\u2026","rel":"","context":"In &quot;Soziales&quot;","img":{"alt_text":"","src":"","width":0,"height":0},"classes":[]},{"id":16686,"url":"http:\/\/marburg.news\/?p=16686","url_meta":{"origin":19968,"position":3},"title":"Herbst-Hecken: Str\u00e4ucher schneiden schon vor dem Fr\u00fchjahr","date":"21. Oktober 2024","format":false,"excerpt":"Hecken und Str\u00e4ucher sollte man im Herbst und Winter schneiden. Darauf hat die Stadt am Montag (21. Oktober) hingewiesen. Viele Menschen werkeln gerne mit den ersten warmen Sonnenstrahlen im Fr\u00fchjahr in ihrem Garten. Hecken und Str\u00e4ucher sollten jedoch bereits im Herbst und Winter zur\u00fcckgeschnitten werden. Denn ab M\u00e4rz startet die\u2026","rel":"","context":"In &quot;Soziales&quot;","img":{"alt_text":"","src":"","width":0,"height":0},"classes":[]},{"id":4877,"url":"http:\/\/marburg.news\/?p=4877","url_meta":{"origin":19968,"position":4},"title":"Von Angst getrieben: Fr\u00fcndt rechtfertigte Verbot von Hamsterk\u00e4ufen","date":"23. M\u00e4rz 2020","format":false,"excerpt":"Auf 65 erh\u00f6ht hat sich Im Landkreis Marburg-Biedenkopf die Zahl der Infektionen mit dem Coronavirus. Nur ein Betroffener wird station\u00e4r im Krankenhaus behandelt. Alle anderen befinden sich in h\u00e4uslicher Isolierung. Dar\u00fcber hinaus erl\u00e4uterte der Kreis am Montag (23. M\u00e4rz) Details der j\u00fcngsten Allgemeinverf\u00fcgung und k\u00fcndigte eine Umstellung der Busfahrpl\u00e4ne an.\u2026","rel":"","context":"In &quot;Politik&quot;","img":{"alt_text":"","src":"","width":0,"height":0},"classes":[]},{"id":5352,"url":"http:\/\/marburg.news\/?p=5352","url_meta":{"origin":19968,"position":5},"title":"Auf dem Friedhof: Kleintiertreppen sollen Artenschutz verbessern","date":"3. Juli 2020","format":false,"excerpt":"Mit \"Kleintiertreppen\" m\u00f6chte die Stadt auf dem Friedhof den Artenschutz verbessern. Das hat sie am Freitag (3. Juli) erkl\u00e4rt. Friedh\u00f6fe dienen vielen Lebewesen als wichtiger Lebensraum im dichtbesiedelten innerst\u00e4dtischen Bereich. Kleintiere, wie Eichh\u00f6rnchen, Bienen oder V\u00f6gel nutzen besonders im Sommer die Wasserquellen auf Friedh\u00f6fen. Sogenannte \"Kleintiertreppen\" helfen nun den kleinen\u2026","rel":"","context":"In &quot;Politik&quot;","img":{"alt_text":"","src":"","width":0,"height":0},"classes":[]}],"_links":{"self":[{"href":"http:\/\/marburg.news\/index.php?rest_route=\/wp\/v2\/posts\/19968"}],"collection":[{"href":"http:\/\/marburg.news\/index.php?rest_route=\/wp\/v2\/posts"}],"about":[{"href":"http:\/\/marburg.news\/index.php?rest_route=\/wp\/v2\/types\/post"}],"author":[{"embeddable":true,"href":"http:\/\/marburg.news\/index.php?rest_route=\/wp\/v2\/users\/2"}],"replies":[{"embeddable":true,"href":"http:\/\/marburg.news\/index.php?rest_route=%2Fwp%2Fv2%2Fcomments&post=19968"}],"version-history":[{"count":0,"href":"http:\/\/marburg.news\/index.php?rest_route=\/wp\/v2\/posts\/19968\/revisions"}],"wp:attachment":[{"href":"http:\/\/marburg.news\/index.php?rest_route=%2Fwp%2Fv2%2Fmedia&parent=19968"}],"wp:term":[{"taxonomy":"category","embeddable":true,"href":"http:\/\/marburg.news\/index.php?rest_route=%2Fwp%2Fv2%2Fcategories&post=19968"},{"taxonomy":"post_tag","embeddable":true,"href":"http:\/\/marburg.news\/index.php?rest_route=%2Fwp%2Fv2%2Ftags&post=19968"}],"curies":[{"name":"wp","href":"https:\/\/api.w.org\/{rel}","templated":true}]}}