{"id":19967,"date":"2026-04-30T10:59:03","date_gmt":"2026-04-30T08:59:03","guid":{"rendered":"http:\/\/marburg.news\/?p=19967"},"modified":"2026-04-30T10:59:03","modified_gmt":"2026-04-30T08:59:03","slug":"gesunken-zahlen-zu-erwerbslosigkeit-im-landkreis","status":"publish","type":"post","link":"http:\/\/marburg.news\/?p=19967","title":{"rendered":"Gesunken: Zahlen zu Erwerbslosigkeit im Landkreis"},"content":{"rendered":"<p>Die Zahl der Erwerbslosen ist im April um 2,9 Prozent gesunken. Das besagt die aktuelle Monatsbilanz des KreisJobCenters (KJC). <!--more--><br \/>\nGesunken ist im April die Zahl der arbeitslosen Menschen, die im Landkreis Grundsicherung nach dem Zweiten Sozialgesetzbuch (SGB II) beziehen. Das KreisJobCenter (KJC) des Landkreises Marburg-Biedenkopf meldete am Donnerstag (30. April) 3.898 erwerbsf\u00e4hige Leistungsberechtigte, die als arbeitslos registriert sind. Das ist ein R\u00fcckgang von 118 Personen oder 2,9 Prozent gegen\u00fcber dem <a href=\"http:\/\/marburg.news\/?p=19809\">Vormonat M\u00e4rz 2026<\/a>.<br \/>\nIm Vergleich mit dem April 2025 ist ein R\u00fcckgang der Arbeitslosen in der Zust\u00e4ndigkeit des KreisJobCenters um 157 Personen oder 3,9 Prozent zu verzeichnen. Die Quote der arbeitslosen Grundsicherungsempf\u00e4nger an den zivilen Erwerbspersonen liegt im April bei 2,8 Prozent. Im gleichen Vorjahresmonat lag die Quote bei 3,0 Prozent.<br \/>\n!W\u00e4hrend die Zahl der Arbeitslosen in unserem Landkreis im April um 2,9 Prozent gesenkt werden konnte, l\u00e4sst der ersehnte wirtschaftliche Aufschwung dennoch weiter auf sich warten&#8220;, erkl\u00e4rte der Erste Kreisbeigeordnete Peter Neidel. &#8222;Die Auswirkungen des Konflikts im Nahen Osten machen sich an vielen Stellen bemerkbar und hemmen die wirtschaftliche Entwicklung zunehmend. Zuletzt k\u00fcrzte die Bundesregierung das prognostizierte Wirtschaftswachstum f\u00fcr 2026 in ihrer Fr\u00fchjahrprojektion auf 0,5 Prozent.&#8220;<br \/>\nDie Zahl der Bedarfsgemeinschaften (BGs) lag Ende April 2026 bei 6.723. Damit sank sie im Vergleich zum Vormonat um 39 BGs beziehungsweise 0,6 Prozent. Verglichen mit dem gleichen Vorjahresmonat war das ein R\u00fcckgang um 219 Bedarfsgemeinschaften oder 3,2 Prozent. Die Zahl der erwerbsf\u00e4higen Leistungsberechtigten fiel auf 9.069 Personen und damit im Vergleich zum Vormonat um 65 Personen beziehungsweise 0,7 Prozent. Gegen\u00fcber dem gleichen Vorjahresmonat ist ein R\u00fcckgang um 265 Personen oder 2,8 Prozent zu verzeichnen.<br \/>\nBei den Angaben zu den Bedarfsgemeinschaften und erwerbsf\u00e4higen Leistungsberechtigten handelt es sich um einen zum Stichtag 13. April 2026 ermittelten vorl\u00e4ufigen Bestand und nicht um eine offizielle Statistik. Der endg\u00fcltige Bestand f\u00fcr den Berichtsmonat April wird von der Bundesagentur f\u00fcr Arbeit (BA) nach einer Wartezeit von drei Monaten festgeschrieben.<\/p>\n<p>* pm: Landkreis Marburg-Biedenkopf<\/p>\n","protected":false},"excerpt":{"rendered":"<p>Die Zahl der Erwerbslosen ist im April um 2,9 Prozent gesunken. Das besagt die aktuelle Monatsbilanz des KreisJobCenters (KJC).<\/p>\n","protected":false},"author":2,"featured_media":0,"comment_status":"closed","ping_status":"open","sticky":false,"template":"","format":"standard","meta":{"advanced_seo_description":"","spay_email":"","jetpack_publicize_message":"","jetpack_is_tweetstorm":false,"jetpack_publicize_feature_enabled":true},"categories":[2,4],"tags":[1612,21,22],"jetpack_featured_media_url":"","jetpack_publicize_connections":[],"jetpack_sharing_enabled":true,"jetpack_shortlink":"https:\/\/wp.me\/p8mhvd-5c3","jetpack-related-posts":[{"id":18761,"url":"http:\/\/marburg.news\/?p=18761","url_meta":{"origin":19967,"position":0},"title":"Im September: Erwerbslosigkeit im Kreis auf Tiefststand gesunken","date":"30. September 2025","format":false,"excerpt":"Die Zahl der Erwerbslosen ist im im September gesunken. Das besagt die aktuelle Monatsbilanz des KreisJobCenters (KJC). Weiter gesunken ist im September die Zahl der arbeitslosen Menschen, die Grundsicherung nach dem Sozialgesetzbuch (SGB) II beziehen. Das KreisJobCenter (KJC) des Landkreises Marburg-Biedenkopf meldete am Dienstag (30. September) in seiner Monatsbilanz 3.850\u2026","rel":"","context":"In &quot;Politik&quot;","img":{"alt_text":"","src":"","width":0,"height":0},"classes":[]},{"id":17745,"url":"http:\/\/marburg.news\/?p=17745","url_meta":{"origin":19967,"position":1},"title":"Zur\u00fcckgegangen: Zahl der Erwerbslosen leicht gesunken","date":"28. M\u00e4rz 2025","format":false,"excerpt":"Die Zahl der Erwerbslosen ist im M\u00e4rz um 1,5 Prozent gesunken. Das besagt die aktuelle Monatsbilanz des KreisJobCenters (KJC). Gesunken ist im M\u00e4rz 2025 die Zahl der arbeitslosen Menschen, die Grundsicherung nach dem Zweiten Sozialgesetzbuch (SGB II) beziehen. Das KreisJobCenter (KJC) des Landkreises Marburg-Biedenkopf meldet in seiner aktuellen Statistik 4.093\u2026","rel":"","context":"In &quot;Soziales&quot;","img":{"alt_text":"","src":"","width":0,"height":0},"classes":[]},{"id":17909,"url":"http:\/\/marburg.news\/?p=17909","url_meta":{"origin":19967,"position":2},"title":"Leicht gesunken: Erwerbslosenzahl im Landkreis laut KJC","date":"30. April 2025","format":false,"excerpt":"Die Zahl der Erwerbslosen ist im April leicht gesunken. Das besagt die aktuelle Monatsbilanz des KreisJobCenters (KJC). Erneut leicht gesunken ist im April 2025 die Zahl der arbeitslosen Menschen, die im Landkreis Grundsicherung nach dem Zweiten Sozialgesetzbuch (SGB II) beziehen. Das KreisJobCenter (KJC) des Landkreises Marburg-Biedenkopf meldet in seiner aktuellen\u2026","rel":"","context":"In &quot;Soziales&quot;","img":{"alt_text":"","src":"","width":0,"height":0},"classes":[]},{"id":18611,"url":"http:\/\/marburg.news\/?p=18611","url_meta":{"origin":19967,"position":3},"title":"Auf Arbeitsmarkt: KJC meldet leicht gesunkene Erwerbslosigkeit","date":"29. August 2025","format":false,"excerpt":"Die Zahl der Erwerbslosen ist im August um 1,5 Prozent gesunken. Das besagt die aktuelle Monatsbilanz des KreisJobCenters (KJC). Leicht gesunken ist im August 2025 die Zahl der arbeitslosen Menschen, die Grundsicherung nach dem Zweiten Sozialgesetzbuch (SGB) II beziehen. Das KreisJobCenter (KJC) des Landkreises Marburg-Biedenkopf meldet in seiner aktuellen Statistik\u2026","rel":"","context":"In &quot;Politik&quot;","img":{"alt_text":"","src":"","width":0,"height":0},"classes":[]},{"id":14696,"url":"http:\/\/marburg.news\/?p=14696","url_meta":{"origin":19967,"position":4},"title":"Gesunken: KJC verk\u00fcndete Erwerbslosenzahl von Dezember 2023","date":"3. Januar 2024","format":false,"excerpt":"Die Zahl der Erwerbslosen ist im Dezember um 3,5 Prozent gesunken. Das besagt die aktuelle Monatsbilanz des KreisJobCenters (KJC). Gesunken ist im Dezember 2023 die Zahl der arbeitslosen Menschen, die Grundsicherung nach dem Zweiten Sozialgesetzbuch (SGB II) beziehen. Das KreisJobCenter (KJC) des Landkreises Marburg-Biedenkopf meldet in seiner aktuellen Statistik 4.001\u2026","rel":"","context":"In &quot;Soziales&quot;","img":{"alt_text":"","src":"","width":0,"height":0},"classes":[]},{"id":17263,"url":"http:\/\/marburg.news\/?p=17263","url_meta":{"origin":19967,"position":5},"title":"Gesunken: KJC ver\u00f6ffentlichte Monatsstatistik f\u00fcr Dezember 2024","date":"3. Januar 2025","format":false,"excerpt":"Die Erwerbslosenzahl ist im Dezember um 1,1 Prozent gesunken. Das besagt die aktuelle Monatsbilanz des KreisJobCenters (KJC). Gesunken ist im Dezember 2024 die Zahl der arbeitslosen Menschen, die Grundsicherung nach dem Zweiten Sozialgesetzbuch (SGB II) beziehen. Das KreisJobCenter (KJC) des Landkreises Marburg-Biedenkopf meldet in seiner aktuellen Statistik 4.072 erwerbsf\u00e4hige Leistungsberechtigte,\u2026","rel":"","context":"In &quot;Soziales&quot;","img":{"alt_text":"","src":"","width":0,"height":0},"classes":[]}],"_links":{"self":[{"href":"http:\/\/marburg.news\/index.php?rest_route=\/wp\/v2\/posts\/19967"}],"collection":[{"href":"http:\/\/marburg.news\/index.php?rest_route=\/wp\/v2\/posts"}],"about":[{"href":"http:\/\/marburg.news\/index.php?rest_route=\/wp\/v2\/types\/post"}],"author":[{"embeddable":true,"href":"http:\/\/marburg.news\/index.php?rest_route=\/wp\/v2\/users\/2"}],"replies":[{"embeddable":true,"href":"http:\/\/marburg.news\/index.php?rest_route=%2Fwp%2Fv2%2Fcomments&post=19967"}],"version-history":[{"count":0,"href":"http:\/\/marburg.news\/index.php?rest_route=\/wp\/v2\/posts\/19967\/revisions"}],"wp:attachment":[{"href":"http:\/\/marburg.news\/index.php?rest_route=%2Fwp%2Fv2%2Fmedia&parent=19967"}],"wp:term":[{"taxonomy":"category","embeddable":true,"href":"http:\/\/marburg.news\/index.php?rest_route=%2Fwp%2Fv2%2Fcategories&post=19967"},{"taxonomy":"post_tag","embeddable":true,"href":"http:\/\/marburg.news\/index.php?rest_route=%2Fwp%2Fv2%2Ftags&post=19967"}],"curies":[{"name":"wp","href":"https:\/\/api.w.org\/{rel}","templated":true}]}}