{"id":19963,"date":"2026-04-29T16:45:00","date_gmt":"2026-04-29T14:45:00","guid":{"rendered":"http:\/\/marburg.news\/?p=19963"},"modified":"2026-04-29T16:45:00","modified_gmt":"2026-04-29T14:45:00","slug":"umgedacht-unis-kooperieren-in-europaeischem-rahmen","status":"publish","type":"post","link":"http:\/\/marburg.news\/?p=19963","title":{"rendered":"Umgedacht: Unis kooperieren in europ\u00e4ischem Rahmen"},"content":{"rendered":"<p>Ihre strategische Partnerschaft vertiefen die Philipps-Universit\u00e4t Marburg unddie Universit\u00e0 della Calabria in &#8222;EUPeace&#8220;. Ein Delegationsbesuch hat neue Impulse f\u00fcr gemeinsame Forschung, Lehre und internationale Vernetzung gebracht. <!--more--><br \/>\nZwei Tage lang standen an der Philipps-Universit\u00e4t Marburg Fach- und Strategiegespr\u00e4che mit einer hochrangigen Delegation der Universit\u00e0 della Calabria im Mittelpunkt. Unter der Leitung von Vizepr\u00e4sidentin Prof. Dr. Evelyn Korn &#8211; zugleich Chair des Governing Board der Universit\u00e4tsallianz &#8222;EUPeace&#8220; &#8211; und dem Marburger Vizepr\u00e4sidenten Prof. Dr. Gert Bange sowie Rektor Prof. Gianluigi Greco bot der Besuch eine wichtige Gelegenheit, unter direkter Einbindung von Hochschulleitung und Fachvertreter*innen zukunftsweisende Kooperationen voranzutreiben.<br \/>\n&#8222;Es ist befl\u00fcgelnd zu sehen, wie der pers\u00f6nliche Austausch unter Wissenschaftler*innen unsere schon lange vertrauensvolle Kooperation auf ein neues Niveau gehoben hat&#8220;, berichtete Korn. &#8222;Wir sind mit den gemeinsamen EUPeace-Ideen gestartet und schnell zu einem angeregten Fachaustausch gelangt. Innerhalb weniger Stunden haben wir Synergien in verschiedenen Bereichen identifiziert und haben konkrete gemeinsame Forschungs- und Lehrprojekte formuliert und greifbar werden lassen.&#8220;<br \/>\nIm direkten Austausch mit Vertreterinnen und Vertretern aus sechs Marburger Fachbereichen erhielten die G\u00e4ste aus Kalabrien vertiefte Einblicke in die Forschungsinfrastrukturen der Marburger Universit\u00e4t. In fachlichen Arbeitsgespr\u00e4chen konnten konkrete Kooperationsideen weiterentwickelt werden. Das geschah unter anderem in den Materialwissenschaften und den Gender Studies. Diskutiert wurden beispielsweise die gemeinsame Entwicklung von Studieng\u00e4ngen, die \u00d6ffnung von Lehrveranstaltungen f\u00fcr Studierende der Partneruniversit\u00e4ten sowie die gemeinsame Einwerbung von Drittmitteln. Erg\u00e4nzend dazu fand ein Austausch mit den Marburger &#8222;EUPeace&#8220;-Delegierten der Fachbereiche statt, der die lokale Einbettung der Allianzstrukturen an beiden Universit\u00e4ten in den Blick nahm.<br \/>\nDer Besuch hat die Grundlage f\u00fcr eine intensivierte Zusammenarbeit gelegt und zugleich neue Perspektiven er\u00f6ffnet: Neben der St\u00e4rkung bestehender Kooperationen wurden gezielt neue Themenfelder identifiziert, die das gemeinsame Forschungs- und Lehrportfolio im Rahmen von &#8222;EUPeace&#8220; erweitern. Die Philipps-Universit\u00e4t Marburg freut sich darauf, diese Impulse gemeinsam mit der Universit\u00e0 della Calabria weiterzuentwickeln und die europ\u00e4ische Zusammenarbeit innerhalb der Allianz nachhaltig auszubauen. Zudem diente der Besuch der Vorbereitung weiterer gemeinsamer Aktivit\u00e4ten &#8211; auch mit Blick auf die &#8222;EUPeace Conference&#8220;, die im September 2026 von der Universit\u00e0 della Calabria ausgerichtet wird und sich dem Thema &#8222;Global warming and its impact: Connections with emerging conflicts, migrations, and health issues&#8220; widmet.<br \/>\n&#8222;EUPeace&#8220; vereint neun Institutionen in sieben europ\u00e4ischen L\u00e4ndern. Das Ziel der Hochschulallianz ist, die europ\u00e4ische Hochschullandschaft und Zivilgesellschaft aktiv mitzugestalten, um Frieden, Gerechtigkeit und inklusive gesellschaftliche Transformation zu f\u00f6rdern. Die Allianz umfasst alle Wissenschaften und Fachgebiete, von den Geistes- und Sozialwissenschaften \u00fcber die Natur- und Lebenswissenschaften bis hin zum Ingenieurwesen.<br \/>\nSie verfolgt drei zentrale Ziele: Das sind die feste Verankerung von &#8222;EUPeace&#8220; im Lehrangebot und als pr\u00e4genden Rahmen f\u00fcr studentische Erfahrungen; den Ausbau der Allianz als Raum f\u00fcr interdisziplin\u00e4re internationale Forschung mit starker gesellschaftlicher Wirkung; und ihre St\u00e4rkung als langfristige und nachhaltige Kooperation der Partnerinstitutionen. Mitgliedsuniversit\u00e4ten von &#8222;EUPeace&#8220; sind die Philipps-Universit\u00e4t Marburg, die Justus-Liebig-Universit\u00e4t Gie\u00dfen, die Universit\u00e9 de Limoges in Frankreich, die Universit\u00e0 della Calabria in Italien, die Universidad Pontificia Comillas in Spanien, die Z\u00e1padocesk\u00e1 univerzita v Plzni in Tschechien, die Sveuciliste u Mostaru in Bosnien und Herzegowina, die \u00c7ukurova \u00dcniversitesi in der T\u00fcrkei sowie die Univerzitet u Sarajevu in Bosnien und Herzegowina.<\/p>\n<p>* pm: Philipps-Universit\u00e4t Marburg<\/p>\n","protected":false},"excerpt":{"rendered":"<p>Ihre strategische Partnerschaft vertiefen die Philipps-Universit\u00e4t Marburg unddie Universit\u00e0 della Calabria in &#8222;EUPeace&#8220;. Ein Delegationsbesuch hat neue Impulse f\u00fcr gemeinsame Forschung, Lehre und internationale Vernetzung gebracht.<\/p>\n","protected":false},"author":2,"featured_media":0,"comment_status":"closed","ping_status":"open","sticky":false,"template":"","format":"standard","meta":{"advanced_seo_description":"","spay_email":"","jetpack_publicize_message":"","jetpack_is_tweetstorm":false,"jetpack_publicize_feature_enabled":true},"categories":[5],"tags":[169,1653,716],"jetpack_featured_media_url":"","jetpack_publicize_connections":[],"jetpack_sharing_enabled":true,"jetpack_shortlink":"https:\/\/wp.me\/p8mhvd-5bZ","jetpack-related-posts":[{"id":14930,"url":"http:\/\/marburg.news\/?p=14930","url_meta":{"origin":19963,"position":0},"title":"Neues Netzwerk: 300 Teilnehmende bei Online-Treffen","date":"14. Februar 2024","format":false,"excerpt":"Ein Netzwerktreffen der europ\u00e4ischen Hochschul-Allianz \"EUPeace\" hat am Dienstag (13. Februar) stattgefunden. Rund 300 Teilnehmende aus den neun Partneruniversit\u00e4ten tauschten sich bei diesem Online-Treffen aus. Rund 300 Vertreterinnen und Vertreter aus Forschung, Lehre und Verwaltung der neun Universit\u00e4ten der \"EUPeace Allianz\" trafen sich am Dienstag (13. Februar) online zum ersten\u2026","rel":"","context":"In &quot;Bildung&quot;","img":{"alt_text":"","src":"","width":0,"height":0},"classes":[]},{"id":13123,"url":"http:\/\/marburg.news\/?p=13123","url_meta":{"origin":19963,"position":1},"title":"nanzen f\u00fcr Forschung: 14,4 Millionen f\u00fcr europ\u00e4isches Netzwerk","date":"3. Juli 2023","format":false,"excerpt":"Die Europ\u00e4ische Hochschulallianz EUPeace erh\u00e4lt eine hohe F\u00f6rderung. Die Philipps-Universit\u00e4t hat die Federf\u00fchrung der \"European University for Peace, Justice, and Inclusive Societies\". Die Allianz \"EUPeace\" erh\u00e4lt f\u00fcr die kommenden vier Jahre eine F\u00f6rderung der Europ\u00e4ischen Kommission von 14,4 Millionen Euro. Das Netzwerk, das die Philipps-Universit\u00e4t im engen Schulterschluss mit der\u2026","rel":"","context":"In &quot;Bildung&quot;","img":{"alt_text":"","src":"","width":0,"height":0},"classes":[]},{"id":17767,"url":"http:\/\/marburg.news\/?p=17767","url_meta":{"origin":19963,"position":2},"title":"Gro\u00dfe Gedanken: Marburg beim EUPeace-Dialogtreffen in Br\u00fcssel","date":"1. April 2025","format":false,"excerpt":"Ein \"EUPeace-Dialogtreffen\" brachte 40 Akteur*innen in Br\u00fcssel zusammen. Die Philipps-Universit\u00e4t Marburg setzte dabei Impulse. Mehr als 40 Teilnehmerinnen und Teilnehmer kamen beim \"EUPeace\"-Dialogevent \"St\u00e4rkung europ\u00e4ischer Werte\" zusammen, das von der Partnerregion Pilsen in Br\u00fcssel ausgerichtet wurde. Als zentrales Ergebnis der Diskussionen formulierten die Teilnehmenden die Botschaft: \"Akademische Freiheit ist nicht\u2026","rel":"","context":"In &quot;Bildung&quot;","img":{"alt_text":"","src":"","width":0,"height":0},"classes":[]},{"id":19341,"url":"http:\/\/marburg.news\/?p=19341","url_meta":{"origin":19963,"position":3},"title":"Impulsgeber: Uni Marburg bringt Europa voran","date":"14. Januar 2026","format":false,"excerpt":"\"Europ\u00e4ische Hochschulallianzen st\u00e4rken\" hei\u00dft eine Konferenz am Mittwoch (14. Dezember) in Br\u00fcssel. Die Marburger stellten Uni-Vizepr\u00e4sidentin Prof. Dr. Evelyn Korn und die studentische Vizepr\u00e4sidentin Lara Zie\u00df die Hochschulallianz \"EUPeace\" vor. \"EUPeace\" besteht aus neun Institutionen in sieben \u00fcber Europa verteilten L\u00e4ndern. Die Mission der Hochschulallianz ist es, Menschen F\u00e4higkeiten, Wissen\u2026","rel":"","context":"In &quot;Bildung&quot;","img":{"alt_text":"","src":"","width":0,"height":0},"classes":[]},{"id":11231,"url":"http:\/\/marburg.news\/?p=11231","url_meta":{"origin":19963,"position":4},"title":"Friedliches Europa: Diskussion mit irischer Generalkonsulin","date":"17. November 2022","format":false,"excerpt":"Die Irische Generalkonsulin in Frankfurt nimmt bei einer Podiumsdiskussion \u00fcber Europa teil. Die Veranstaltung \"Europe at a Crossroads\" findet am Montag (21. November) in der Universit\u00e4tsbibliothek statt. Die Philipps-Universit\u00e4t und das Generalkonsulat von Irland laden zu einer Podiumsdiskussion \u00fcber \"Europe at a Crossroads - German and Irish Reflections on Peace,\u2026","rel":"","context":"In &quot;Bildung&quot;","img":{"alt_text":"","src":"","width":0,"height":0},"classes":[]},{"id":7344,"url":"http:\/\/marburg.news\/?p=7344","url_meta":{"origin":19963,"position":5},"title":"Wahl mitgemacht: Thomas Mauss wird neuer Uni-Pr\u00e4sident","date":"6. Juli 2021","format":false,"excerpt":"Prof. Dr. Thomas Nauss wird neuer Pr\u00e4sident der Philipps-Universit\u00e4t. Seine Amtszeit beginnt am 18. Februar 2022. Im vierten Wahlgang erhielt Mauss 22 der 33 g\u00fcltigen Stimmen von insgesamt 34 stimmberechtigten Mitgliedern der Wahlversammlung. Die Wahl fand am Dienstag (6. Juli) im Vortragsraum der Universit\u00e4tsbibliothek statt. F\u00fcr die \u00d6ffentlichkeit war die\u2026","rel":"","context":"In &quot;Bildung&quot;","img":{"alt_text":"","src":"","width":0,"height":0},"classes":[]}],"_links":{"self":[{"href":"http:\/\/marburg.news\/index.php?rest_route=\/wp\/v2\/posts\/19963"}],"collection":[{"href":"http:\/\/marburg.news\/index.php?rest_route=\/wp\/v2\/posts"}],"about":[{"href":"http:\/\/marburg.news\/index.php?rest_route=\/wp\/v2\/types\/post"}],"author":[{"embeddable":true,"href":"http:\/\/marburg.news\/index.php?rest_route=\/wp\/v2\/users\/2"}],"replies":[{"embeddable":true,"href":"http:\/\/marburg.news\/index.php?rest_route=%2Fwp%2Fv2%2Fcomments&post=19963"}],"version-history":[{"count":0,"href":"http:\/\/marburg.news\/index.php?rest_route=\/wp\/v2\/posts\/19963\/revisions"}],"wp:attachment":[{"href":"http:\/\/marburg.news\/index.php?rest_route=%2Fwp%2Fv2%2Fmedia&parent=19963"}],"wp:term":[{"taxonomy":"category","embeddable":true,"href":"http:\/\/marburg.news\/index.php?rest_route=%2Fwp%2Fv2%2Fcategories&post=19963"},{"taxonomy":"post_tag","embeddable":true,"href":"http:\/\/marburg.news\/index.php?rest_route=%2Fwp%2Fv2%2Ftags&post=19963"}],"curies":[{"name":"wp","href":"https:\/\/api.w.org\/{rel}","templated":true}]}}