{"id":19962,"date":"2026-04-29T13:50:00","date_gmt":"2026-04-29T11:50:00","guid":{"rendered":"http:\/\/marburg.news\/?p=19962"},"modified":"2026-04-29T13:50:00","modified_gmt":"2026-04-29T11:50:00","slug":"umgegangen-walk-gegen-gewalt-und-angst","status":"publish","type":"post","link":"http:\/\/marburg.news\/?p=19962","title":{"rendered":"Umgegangen: Walk gegen Gewalt und Angst"},"content":{"rendered":"<p>&#8222;Gehen gegen Gewalt und Angst &#8211; Walk durch Marburg&#8220; lautet der Titel einer Veranstaltung der AG Feminismus des Marburger Netzwerks f\u00fcr Demokratie und gegen Rechtsextremismus. Sie findet am Dienstag (12. Mai) um 16.30 und 18.30 Uhr statt. <!--more--><br \/>\nUm dem Thema Gewalt gegen Frauen und M\u00e4dchen mehr \u00d6ffentlichkeit zu schaffen, f\u00fchrt die AG Feminismus des Marburger Netzwerks f\u00fcr Demokratie und gegen Rechtsextremismus die Veranstaltung &#8222;Gehen gegen Gewalt und Angst&#8220; durch. Diese Aktion hat zum Ziel aufzur\u00e4umen mit dem weit verbreiteten Glauben: &#8222;Frau nachts alleine Drau\u00dfen = Gefahr!&#8220; Die allergr\u00f6\u00dfte Gefahr f\u00fcr Frauen Opfer von Gewalt zu werden ist die partnerschaftliche Gewalt.<br \/>\n&#8222;Bei dieser Aktion gehen wir mit interessierten Frauen verschiedene Stationen in der Stadt ab (vom EPH \u00fcber den Elisabeth-Blochmannplatz bis zum Kaffeek\u00e4stchen), informieren und empowern und gemeinsam&#8220;, k\u00fcndigte die Arbeitsgruppe an. Programmpunkte sind unter anderem eine historische Einordnung von Frauen im \u00f6ffentlichen Raum sowie Zahlen, Daten und Fakten versus innere Muster, Strategien und Empowerment f\u00fcr das individuelle Sicherheitsgef\u00fchl. Bei dieser Veranstaltung sind alle Menschen willkommen, die sich als Frauen verstehen oder von ihrer Umgebung als Frauen wahrgenommen werden und dadurch Diskriminierung erfahren. Eine Anmeldung ist nicht n\u00f6tig.<br \/>\nDer Rundgang startet am Erwin-Piscator-Haus und enden nach etwa eineinhalb Stunden beim &#8222;Kaffeek\u00e4stchen&#8220; am Unteren Rudolphsplatz. Referierende: eine Kooperation mit dem Golden Z Club von ZONTA Marburg, Wildwasser Marburg und WENDO Marburg Veranstalterin ist die AG Feminismus des Marburger Netzwerks f\u00fcr Demokratie und gegen Rechtsextremismus.<\/p>\n<p>* pm: Marburger Netzwerk f\u00fcr Demokratie und gegen Rechtsextremismus<\/p>\n","protected":false},"excerpt":{"rendered":"<p>&#8222;Gehen gegen Gewalt und Angst &#8211; Walk durch Marburg&#8220; lautet der Titel einer Veranstaltung der AG Feminismus des Marburger Netzwerks f\u00fcr Demokratie und gegen Rechtsextremismus. Sie findet am Dienstag (12. Mai) um 16.30 und 18.30 Uhr statt.<\/p>\n","protected":false},"author":2,"featured_media":0,"comment_status":"closed","ping_status":"open","sticky":false,"template":"","format":"standard","meta":{"advanced_seo_description":"","spay_email":"","jetpack_publicize_message":"","jetpack_is_tweetstorm":false,"jetpack_publicize_feature_enabled":true},"categories":[4],"tags":[128,129,5303],"jetpack_featured_media_url":"","jetpack_publicize_connections":[],"jetpack_sharing_enabled":true,"jetpack_shortlink":"https:\/\/wp.me\/p8mhvd-5bY","jetpack-related-posts":[{"id":18891,"url":"http:\/\/marburg.news\/?p=18891","url_meta":{"origin":19962,"position":0},"title":"Gegen Gewalt: Zahlreiche Aktionen im November und Dezember","date":"24. Oktober 2025","format":false,"excerpt":"Mit verschiedenen Aktionen im November und Dezember setzen Stadt und Landkreis sowie zahlreiche Organisationen ein Zeichen gegen Gewalt gegen Frauen. Anlass ist der \"Internationale Tag zur Beseitigung von Gewalt gegen Frauen\" am 25. November. \"Im Rahmen des Aktionstags zur Beseitigung der Gewalt gegen Frauen und M\u00e4dchen m\u00f6chten wir auf die\u2026","rel":"","context":"In &quot;Soziales&quot;","img":{"alt_text":"","src":"","width":0,"height":0},"classes":[]},{"id":8741,"url":"http:\/\/marburg.news\/?p=8741","url_meta":{"origin":19962,"position":1},"title":"F\u00fcr freie Frauen: Tanzdemo gegen Gewalt am 14. Februar","date":"8. Februar 2022","format":false,"excerpt":"\"One Billion Rising 2022\" ist der Titel einer Tanz-Demo gegen Gewalt am Montag (14. Februar). Sie findet beim Gymnasium Philippinum an der Leopold-Lucas-Stra\u00dfe statt. Gemeinsam ein Zeichen gegen Gewalt an Frauen und M\u00e4dchen setzen soll die weltweite Aktion \"One Billion Rising\" am Montag (14. Februar). Die Universit\u00e4tsstadt Marburg ruft zusammen\u2026","rel":"","context":"In &quot;Politik&quot;","img":{"alt_text":"","src":"","width":0,"height":0},"classes":[]},{"id":11217,"url":"http:\/\/marburg.news\/?p=11217","url_meta":{"origin":19962,"position":2},"title":"Gleichheit gegen Gewalt: Aktionswochen in Stadt und Kreis","date":"15. November 2022","format":false,"excerpt":"Viele Aktionen zum Internationalen Tag zur Beseitigung von Gewalt gegen Frauen fordern auf, Farbe zu bekennen. Die Kampagne steht unter dem Motto \"Nein zu Gewalt gegen Frauen\". Mit verschiedenen Aktionen im November und Dezember setzen der Landkreis Marburg-Biedenkopf, die Universit\u00e4tsstadt Marburg und zahlreiche Organisationen ein Zeichen gegen Gewalt gegen Frauen.\u2026","rel":"","context":"In &quot;Politik&quot;","img":{"alt_text":"","src":"","width":0,"height":0},"classes":[]},{"id":14510,"url":"http:\/\/marburg.news\/?p=14510","url_meta":{"origin":19962,"position":3},"title":"Maximale Ablehnung: Nein zu Gewalt gegen Frauen und M\u00e4dchen","date":"30. November 2023","format":false,"excerpt":"Dutzende bekannten am Samstag (25. November) beim EPH Farbe. Ihr Motto war \"Nein zu Gewalt gegen Frauen und M\u00e4dchen\". Zahlreiche Menschen kamen am \"Internationalen Tag zur Beseitigung von Gewalt gegen Frauen\" mit orangefarbener Jacke, Weste, Schal oder M\u00fctze zum Erwin-Piscator-Haus (EPH). Mit der Kundgebung am Samstag (25. November) startete der\u2026","rel":"","context":"In &quot;Soziales&quot;","img":{"alt_text":"","src":"","width":0,"height":0},"classes":[]},{"id":11275,"url":"http:\/\/marburg.news\/?p=11275","url_meta":{"origin":19962,"position":4},"title":"Eine eigene Fahne: Stadt setzt Zeichen gegen Gewalt","date":"23. November 2022","format":false,"excerpt":"Mit einer eigenen Fahne setzt die Stadt Marburg ein Zeichen gegen Gewalt gegen Frauen. Au\u00dferdem gibt es am Donnerstag (8. Dezember) eine Lesung und Podiumsdiskussion zu Frauenmorden. Die Stadt Marburg engagiert sich intensiv mit verschiedenen Projekten gegen Gewalt gegen Frauen. Zum diesj\u00e4hrigen Internationalen Tag gegen Gewalt gegen Frauen wird dabei\u2026","rel":"","context":"In &quot;Politik&quot;","img":{"alt_text":"","src":"","width":0,"height":0},"classes":[]},{"id":14368,"url":"http:\/\/marburg.news\/?p=14368","url_meta":{"origin":19962,"position":5},"title":"Farbe bekennen: Gewalt gegen Frauen und M\u00e4dchen eine Absage erteilen","date":"16. November 2023","format":false,"excerpt":"Am Samstag (25. November) besteht wieder die M\u00f6glichkeit, mit der Kampagnenfarbe Orange ein Zeichen gegen Gewalt gegen Frauen und M\u00e4dchen zu setzen. Der Internationale Tag zur Beseitigung von Gewalt gegen Frauen macht auf dieses weit verbreitete, gesellschaftliche Problem aufmerksam. \u201eWir erteilen jeder Form von Gewalt gegen\u00fcber allen Menschen eine klare\u2026","rel":"","context":"In &quot;Politik&quot;","img":{"alt_text":"","src":"","width":0,"height":0},"classes":[]}],"_links":{"self":[{"href":"http:\/\/marburg.news\/index.php?rest_route=\/wp\/v2\/posts\/19962"}],"collection":[{"href":"http:\/\/marburg.news\/index.php?rest_route=\/wp\/v2\/posts"}],"about":[{"href":"http:\/\/marburg.news\/index.php?rest_route=\/wp\/v2\/types\/post"}],"author":[{"embeddable":true,"href":"http:\/\/marburg.news\/index.php?rest_route=\/wp\/v2\/users\/2"}],"replies":[{"embeddable":true,"href":"http:\/\/marburg.news\/index.php?rest_route=%2Fwp%2Fv2%2Fcomments&post=19962"}],"version-history":[{"count":0,"href":"http:\/\/marburg.news\/index.php?rest_route=\/wp\/v2\/posts\/19962\/revisions"}],"wp:attachment":[{"href":"http:\/\/marburg.news\/index.php?rest_route=%2Fwp%2Fv2%2Fmedia&parent=19962"}],"wp:term":[{"taxonomy":"category","embeddable":true,"href":"http:\/\/marburg.news\/index.php?rest_route=%2Fwp%2Fv2%2Fcategories&post=19962"},{"taxonomy":"post_tag","embeddable":true,"href":"http:\/\/marburg.news\/index.php?rest_route=%2Fwp%2Fv2%2Ftags&post=19962"}],"curies":[{"name":"wp","href":"https:\/\/api.w.org\/{rel}","templated":true}]}}