{"id":19961,"date":"2026-04-29T13:45:00","date_gmt":"2026-04-29T11:45:00","guid":{"rendered":"http:\/\/marburg.news\/?p=19961"},"modified":"2026-04-29T13:45:00","modified_gmt":"2026-04-29T11:45:00","slug":"umgeschaut-portraitausstellung-zu-40-jahren-gleichstellungsarbeit","status":"publish","type":"post","link":"http:\/\/marburg.news\/?p=19961","title":{"rendered":"Umgeschaut: Portraitausstellung zu 40 Jahren Gleichstellungsarbeit"},"content":{"rendered":"<p>Eine Portrait-Ausstellung w\u00fcrdigt 40 Jahre Engagement f\u00fcr Gleichstellung. Die Ausstellungser\u00f6ffnung findet am Montag (4. Mai) im Kreishaus statt. <!--more--><br \/>\nDer Landkreis Marburg-Biedenkopf l\u00e4dt f\u00fcr Montag (4. Mai) um 18 Uhr, zur Er\u00f6ffnung der Portrait-Ausstellung &#8222;Gemeinsam. Vielf\u00e4ltig. Sichtbar. 40 Jahre Frauen- und Gleichstellungsarbeit im Landkreis Marburg-Biedenkopf&#8220; ein. Die Veranstaltung findet im Foyer des Landratsamts &#8222;Im Lichtenholz&#8220; 60 statt. Die Teilnahme ist kostenlos.<br \/>\nDie Ausstellung w\u00fcrdigt 40 Menschen, die sich in den vergangenen Jahrzehnten f\u00fcr Frauenrechte, die Gleichstellung der Geschlechter und Teilhabe im Landkreis eingesetzt haben und sich weiterhin einsetzen. Sie kommen aus unterschiedlichen Bereichen. Darunter sind Politik, Verwaltung, Gewaltschutz, Vereine, Kultur, Sport, Wissenschaft und Wirtschaft.<br \/>\nNeben den Fotografien sind kurze Zitate der Portraitierten zu lesen, in denen sie ihre Motivation und ihre Perspektiven beschreiben. So wird nicht nur die Vielfalt der Gleichstellungsarbeit sichtbar, sondern auch, wie entscheidend Engagement, Ausdauer und Zusammenarbeit f\u00fcr gesellschaftlichen Fortschritt sind. Die Portraits hat gr\u00f6\u00dftenteils der Fotograf Georg Kronenberg aufgenommen. Die Fotos wurden erstmals im Rahmen des Jubil\u00e4umsfestes des Kommunalen Frauen- und Gleichstellungsb\u00fcros im April 2026 pr\u00e4sentiert. Mit der Ausstellung im Kreishaus bleiben sie nun \u00fcber mehrere Wochen sichtbar und laden Besuchende dazu ein, sich mit der Geschichte und Zukunft der Frauen- und Gleichstellungsarbeit im Landkreis auseinanderzusetzen.<br \/>\nLandrat Jens Womelsdorf er\u00f6ffnet die Ausstellung, anschlie\u00dfend f\u00fchrt Leonie Behn-Salzmann vom Kommunalen Frauen- und Gleichstellungsb\u00fcro in die Ausstellung ein. Die Er\u00f6ffnung wird begleitet durch das Duo der Musikschule &#8222;Harmonie Kunterbunt &#8211; Schule f\u00fcr Musik und Bewegung&#8220; aus Marburg-Schr\u00f6ck. Das Duo besteht aus Irene Oberosler und Angelika Haag-Lill.<br \/>\nOrganisiert hat die Ausstellung das Kommunale Frauen- und Gleichstellungsb\u00fcro des Landkreises Marburg-Biedenkopf. Die Ausstellung kann anschlie\u00dfend bis zum 27. Mai w\u00e4hrend der \u00d6ffnungszeiten der Kreisverwaltung, von Montag bis Donnerstag von 8 bis 16 Uhr sowie freitags von 8 bis 14 Uhr, kostenlos besichtigt werden.<\/p>\n<p>* pm: Landkreis Marburg-Biedenkopf<\/p>\n","protected":false},"excerpt":{"rendered":"<p>Eine Portrait-Ausstellung w\u00fcrdigt 40 Jahre Engagement f\u00fcr Gleichstellung. Die Ausstellungser\u00f6ffnung findet am Montag (4. Mai) im Kreishaus statt.<\/p>\n","protected":false},"author":2,"featured_media":0,"comment_status":"closed","ping_status":"open","sticky":false,"template":"","format":"standard","meta":{"advanced_seo_description":"","spay_email":"","jetpack_publicize_message":"","jetpack_is_tweetstorm":false,"jetpack_publicize_feature_enabled":true},"categories":[3,2,4],"tags":[216,868,487],"jetpack_featured_media_url":"","jetpack_publicize_connections":[],"jetpack_sharing_enabled":true,"jetpack_shortlink":"https:\/\/wp.me\/p8mhvd-5bX","jetpack-related-posts":[{"id":19458,"url":"http:\/\/marburg.news\/?p=19458","url_meta":{"origin":19961,"position":0},"title":"Ausstellung gegen Ausgrenzung: &#8222;M\u00fctter des Grundgesetzes&#8220; im Kreishaus","date":"4. Februar 2026","format":false,"excerpt":"Der Landkreis erinnert an Frauen, die die bundesdeutsche Demokratie gepr\u00e4gt haben. Eine Ausstellung im Kreishaus pr\u00e4sentiert \"M\u00fctter des Grundgesetzes\". Mit der Ausstellung \"M\u00fctter des Grundgesetzes\" w\u00fcrdigt die Kreisverwaltung Marburg-Biedenkopf die Frauen, die ma\u00dfgeblich an der Entstehung des Grundgesetzes beteiligt waren. Ihr Einsatz wirkt bis heute nach. Die Ausstellung ist vom\u2026","rel":"","context":"In &quot;Politik&quot;","img":{"alt_text":"","src":"","width":0,"height":0},"classes":[]},{"id":19566,"url":"http:\/\/marburg.news\/?p=19566","url_meta":{"origin":19961,"position":1},"title":"Gleichstellungslage: Aktionswochen zum Internationalen Frauentag 2026","date":"17. Februar 2026","format":false,"excerpt":"Zum Internationalen Frauentag 2026 feiern Stadt und Kreis das 40-j\u00e4hrige Bestehen ihrer Gleichstellungsb\u00fcros. Dazu veranstalten sie gemeinsame Aktionswochen. Rund um den internationalen Frauentag am 8. M\u00e4rz laden der Landkreis Marburg-Biedenkopf und die Stadt Marburg zu Aktionswochen mit Ausstellungen, Lesungen, Diskussionen, Workshops und kulturellen Glanzlichtern ein. Eines der wichtigen Themen ist\u2026","rel":"","context":"In &quot;Politik&quot;","img":{"alt_text":"","src":"","width":0,"height":0},"classes":[]},{"id":19071,"url":"http:\/\/marburg.news\/?p=19071","url_meta":{"origin":19961,"position":2},"title":"Mitreden und mitgestalten: Vernetzungstreffen f\u00fcr Frauen- und Gleichstellungsbeauftragte","date":"20. November 2025","format":false,"excerpt":"Wie kann man Frauen- und Gleichstellungsarbeit zukunftssicher gestalten? Ein Vernetzungstreffen im Marburger Landratsamt hat den wichtigen Austausch dar\u00fcber erm\u00f6glicht. Was sind die aktuellen Herausforderungen in der Frauen- und Gleichstellungsarbeit? Wie l\u00e4sst sich diese zukunftssicher gestalten? Diese Fragen standen im Mittelpunkt des diesj\u00e4hrigen Vernetzungstreffens der lokalen Frauen- und Gleichstellungsbeauftragten im Landkreis\u2026","rel":"","context":"In &quot;Politik&quot;","img":{"alt_text":"","src":"","width":0,"height":0},"classes":[]},{"id":18981,"url":"http:\/\/marburg.news\/?p=18981","url_meta":{"origin":19961,"position":3},"title":"Menschenbild im Mittelpunkt: Ausstellungser\u00f6ffnung am 10. November im Kreishaus","date":"6. November 2025","format":false,"excerpt":"Die Vernissage zur Ausstellung \"Menschenbild Behinderter gestern und heute\" findet am Montag (10. November) um 17 Uhr statt. Das hat Bernd G\u00f6keler am Donnerstag (6. November) angek\u00fcndigt. Erfreulicherweise ist es gelungen die Ausstellung der Arbeitsgruppe \"Menschenbild Behinderter gestern und heute\" ins Landratsamt zur Pr\u00e4sentation zu bringen. Damit schlie\u00dft sich der\u2026","rel":"","context":"In &quot;Politik&quot;","img":{"alt_text":"","src":"","width":0,"height":0},"classes":[]},{"id":19662,"url":"http:\/\/marburg.news\/?p=19662","url_meta":{"origin":19961,"position":4},"title":"F\u00fcr Frauen: Susanne Selbert sprach im Kreishaus","date":"5. M\u00e4rz 2026","format":false,"excerpt":"Susanne Selbert ist Enkelin einer der Frauen, die Demokratie gepr\u00e4gt haben. Zur Er\u00f6ffnung der Ausstellung \"M\u00fctter des Grundgesetzes\" sprach sie am Freitag (13. Februar) im Landratsamt. Noch bis einschlie\u00dflich Freitag (13. M\u00e4rz) ist im Foyer des Marburger Kreishauses (Im Lichtenholz 60) die Plakat-Ausstellung \"M\u00fctter des Grundgesetzes\" zu sehen. Sie w\u00fcrdigt\u2026","rel":"","context":"In &quot;Politik&quot;","img":{"alt_text":"","src":"","width":0,"height":0},"classes":[]},{"id":15843,"url":"http:\/\/marburg.news\/?p=15843","url_meta":{"origin":19961,"position":5},"title":"Landkreis lockt: Ausstellung bringt das Jahr 1974 zur\u00fcck","date":"20. Juni 2024","format":false,"excerpt":"Eine Ausstellung bringt das Jahr 1974 wieder ins Landratsamt. Sie findet im Rahmen des Kreisjubil\u00e4ums statt. Die Ausstellung \"Zeitsprung ins Jahr 1974\" pr\u00e4sentiert der Landkreis Marburg-Biedenkopf ab Dienstag (25. Juni). Sie steht im Zusammenhang mit dem Kreisjubil\u00e4um, Interessierte k\u00f6nnen die Ausstellung bis Mitte September im Foyer des Kreishauses in Marburg-Cappel\u2026","rel":"","context":"In &quot;Kultur&quot;","img":{"alt_text":"","src":"","width":0,"height":0},"classes":[]}],"_links":{"self":[{"href":"http:\/\/marburg.news\/index.php?rest_route=\/wp\/v2\/posts\/19961"}],"collection":[{"href":"http:\/\/marburg.news\/index.php?rest_route=\/wp\/v2\/posts"}],"about":[{"href":"http:\/\/marburg.news\/index.php?rest_route=\/wp\/v2\/types\/post"}],"author":[{"embeddable":true,"href":"http:\/\/marburg.news\/index.php?rest_route=\/wp\/v2\/users\/2"}],"replies":[{"embeddable":true,"href":"http:\/\/marburg.news\/index.php?rest_route=%2Fwp%2Fv2%2Fcomments&post=19961"}],"version-history":[{"count":0,"href":"http:\/\/marburg.news\/index.php?rest_route=\/wp\/v2\/posts\/19961\/revisions"}],"wp:attachment":[{"href":"http:\/\/marburg.news\/index.php?rest_route=%2Fwp%2Fv2%2Fmedia&parent=19961"}],"wp:term":[{"taxonomy":"category","embeddable":true,"href":"http:\/\/marburg.news\/index.php?rest_route=%2Fwp%2Fv2%2Fcategories&post=19961"},{"taxonomy":"post_tag","embeddable":true,"href":"http:\/\/marburg.news\/index.php?rest_route=%2Fwp%2Fv2%2Ftags&post=19961"}],"curies":[{"name":"wp","href":"https:\/\/api.w.org\/{rel}","templated":true}]}}