{"id":19954,"date":"2026-04-28T16:40:00","date_gmt":"2026-04-28T14:40:00","guid":{"rendered":"http:\/\/marburg.news\/?p=19954"},"modified":"2026-04-29T13:52:22","modified_gmt":"2026-04-29T11:52:22","slug":"neue-demo-ver-di-setzt-sich-fuer-behinderte-ein","status":"publish","type":"post","link":"http:\/\/marburg.news\/?p=19954","title":{"rendered":"Neue Demo: ver.di setzt sich f\u00fcr Behinderte ein"},"content":{"rendered":"<p>Zum Europ\u00e4ischen Protesttag am5. Mai demonstriert ver.di in Marburg. Ab 16.30 Uhr wehrt sich die Gewerkschaft gegen K\u00fcrzungen bei der Teilhabe. <!--more--><br \/>\nJeder Mensch hat das Recht, ein selbstbestimmtes Leben zu f\u00fchren &#8211; ob mit oder ohne Behinderung. Doch die Kosten der Teilhabe werden immer mehr infrage gestellt. In der Eingliederungshilfe drohen dramatische K\u00fcrzungen.<br \/>\n&#8222;Dagegen wehren wir uns&#8220;. schreibt die Vereinte Dienstleistungsgewerkschaft (ver.di) in ihrem Demonstrationsaufruf. &#8222;Wir lassen nicht zu, dass auf Kosten von Menschen mit Assistenzbedarf gespart wird &#8211; und nicht auf Kosten der Besch\u00e4ftigten.&#8220;<br \/>\nDie Kommission zur Sozialstaatsreform der Bundesregierung hat klipp und klar zur Aufgabe erkl\u00e4rt, die steigenden Ausgaben f\u00fcr die Eingliederungshilfe zeitnah zu begrenzen. Dazu geh\u00f6rt explizit die Ansage, die Personalkosten zu senken. Per Gesetz ist bislang geregelt, dass die Bezahlung nach Tarif &#8222;nicht als unwirtschaftlich&#8220; abgelehnt werden kann. Diese Regelung soll aufgeweicht werden. Damit h\u00e4tten Kostentr\u00e4ger eine Handhabe, bestimmte Tarifvertr\u00e4ge nicht mehr vollst\u00e4ndig zu refinanzieren.<br \/>\n&#8222;Wir haben in der pers\u00f6nlichen Assistenz und der Schulbegleitung bei einigen Tr\u00e4gern gerade erst m\u00fchsam eine faire Bezahlung erk\u00e4mpft&#8220;, schreibt ver.di. &#8222;Geraten unsere Tarifl\u00f6hne in Gefahr, leiden darunter nicht nur die Besch\u00e4ftigten, sondern auch die Menschen mit Behinderung.&#8220; Zudem sei das Risiko gro\u00df, dass Leistungen eingeschr\u00e4nkt werden. Zum Beispiel das Wunsch-<br \/>\nund Wahlrecht, selbst dar\u00fcber zu entscheiden: Wo m\u00f6chte ich wohnen? In einem Heim oder in den eigenen vier W\u00e4nden? Selbstbestimmt leben zu k\u00f6nnen, ist kein Nice-to-have, sondern ein Menschenrecht.<br \/>\nKommunen d\u00fcrfen mit den Kosten nicht allein gelassen werden. Sonst droht laut ver.di &#8222;in Zeiten knapper Kassen alles kaputtgemacht zu werden, wof\u00fcr wir uns seit Jahrzehnten einsetzen: die Teilhabe von Menschen mit Behinderungen sowie gute Arbeitsbedingungen und faire Bezahlung f\u00fcr die Besch\u00e4ftigten. Gemeinsam machen wir uns stark f\u00fcr Inklusion.&#8220;<br \/>\nAuch in Hessen steigt seit Jahren der Druck auf Betriebe, die Teilhabeleistungen anbieten. Der durch mangelnde Refinanzierung des Landeswohlfahrtsverbandes als Kostentr\u00e4ger der Eingliederungshilfe entstandene Kostendruck f\u00fchrt schon jetzt dazu, dass Leistungen und Angebote der Tr\u00e4ger der Behindertenhilfe infrage stehen. Deshalb ist ver.di in Hessen bereits im letzten Jahr in Kassel und Wiesbaden mit mehreren Hundert Besch\u00e4ftigten und Menschen mit Behinderung auf die Stra\u00dfe gegangen, um sich gemeinsam gegen K\u00fcrzungen und damit gegen Einschr\u00e4nkungen der gesetzlich festgeschriebenen Rechte von Menschen mit Behinderung zu wehren.<br \/>\nAm 5. Mai als dem europ\u00e4ischen Protesttag f\u00fcr die Gleichstellung von Menschen mit Behinderung m\u00f6chte ver.di mit einer Demo in Marburg die Forderungen nach einer guten Refinanzierung der Eingliederungshilfe und guten, tarifvertraglich geregelten Arbeitsbedingungen f\u00fcr Besch\u00e4ftigte bei Tr\u00e4gern der Behindertenhilfe, Teilhabe- und Inklusionsdiensten unterstreichen. ver.di ruft alle Besch\u00e4ftigten sowie Menschen mit und ohne Behinderung in Marburg und Hessen auf, auf die Stra\u00dfe zu gehen, denn: &#8222;Sozialstaatsk\u00fcrzungen gehen uns alle an!&#8220;<\/p>\n<p>* pm: Vereinte Dienstleistungsgewerkschaft Marburg<\/p>\n","protected":false},"excerpt":{"rendered":"<p>Zum Europ\u00e4ischen Protesttag am5. Mai demonstriert ver.di in Marburg. Ab 16.30 Uhr wehrt sich die Gewerkschaft gegen K\u00fcrzungen bei der Teilhabe.<\/p>\n","protected":false},"author":2,"featured_media":0,"comment_status":"closed","ping_status":"open","sticky":false,"template":"","format":"standard","meta":{"advanced_seo_description":"","spay_email":"","jetpack_publicize_message":"","jetpack_is_tweetstorm":false,"jetpack_publicize_feature_enabled":true},"categories":[2,4],"tags":[70,2488,869],"jetpack_featured_media_url":"","jetpack_publicize_connections":[],"jetpack_sharing_enabled":true,"jetpack_shortlink":"https:\/\/wp.me\/p8mhvd-5bQ","jetpack-related-posts":[{"id":19866,"url":"http:\/\/marburg.news\/?p=19866","url_meta":{"origin":19954,"position":0},"title":"Sprechende Parole: Teilhabe ist Menschenrecht","date":"13. April 2026","format":false,"excerpt":"Eine Petition der Lebenshilfe soll K\u00fcrzungen bei der Eingliederungshilfe verhindern. Bis Montag (31. Mai) kann man sie unterzeichnen. Im Rahmen der Lebenshilfe-Kampagne \"Teilhabe ist Menschenrecht\" sammelt Ulla Schmidt Unterschriften. Bis Montag (25. Mai) sollen mindestens 30.000 Menschen unterzeichnen. Die Bundesvereinigung Lebenshilfe bef\u00fcrchtet, dass der - in Deutschland immer weiter steigende\u2026","rel":"","context":"In &quot;Politik&quot;","img":{"alt_text":"","src":"","width":0,"height":0},"classes":[]},{"id":19594,"url":"http:\/\/marburg.news\/?p=19594","url_meta":{"origin":19954,"position":1},"title":"Verwehrt: Teilhabe ist Menschenrecht","date":"23. Februar 2026","format":false,"excerpt":"Die Lebenshilfe startet eine bundesweite Kampagne gegen K\u00fcrzungen bei der Eingliederungshilfe. Ihr Motto lautet \"Teilhabe ist Menschenrecht\". Die Kommunen klagen immer lauter \u00fcber leere Kassen. Fast t\u00e4glich kommen neue, unzumutbare Sparvorschl\u00e4ge. Seit sogar Bundeskanzler Friedrich Merz die Kosten der Eingliederungshilfe kritisiert hat, w\u00e4chst die Angst bei Menschen mit Behinderung und\u2026","rel":"","context":"In &quot;Politik&quot;","img":{"alt_text":"","src":"","width":0,"height":0},"classes":[]},{"id":18677,"url":"http:\/\/marburg.news\/?p=18677","url_meta":{"origin":19954,"position":2},"title":"Zumeist zugeh\u00f6rig: H\u00e4nde weg von der Eingliederungshilfe","date":"10. September 2025","format":false,"excerpt":"\"H\u00e4nde weg von der Eingliederungshilfe!\". Unter diesem Motto fordert die Bundesvereinigung Lebenshilfe (BVLH) von der Bundesregierung ein klares Bekenntnis zur uneingeschr\u00e4nkten Teilhabe behinderter Menschen. Angesichts des drohenden Sozialabbaus fordert die - 1958 in Marburg gegr\u00fcndete - Lebenshilfe ein klares Bekenntnis der Bundesregierung zur uneingeschr\u00e4nkten Teilhabe von Menschen mit Behinderung. Auf\u2026","rel":"","context":"In &quot;Politik&quot;","img":{"alt_text":"","src":"","width":0,"height":0},"classes":[]},{"id":19112,"url":"http:\/\/marburg.news\/?p=19112","url_meta":{"origin":19954,"position":3},"title":"Menschenw\u00fcrde missachten: Fachverb\u00e4nde warnen vor K\u00fcrzungen bei Eingliederungshilfe","date":"27. November 2025","format":false,"excerpt":"Die Fachverb\u00e4nde f\u00fcr Menschen mit Behinderung warnen vor K\u00fcrzungen bei der Eingliederungshilfe. Teilhabe ist unverzichtbar. Die Fachverb\u00e4nde f\u00fcr Menschen mit Behinderung halten fest: Das Recht auf Teilhabe und die Verwirklichung von Menschenrechten d\u00fcrfen nicht beschnitten werden! Auf ihrer Konferenz am Mittwoch (26. Dezember) in Berlin haben die Fachverb\u00e4nde das Positions-papier\u2026","rel":"","context":"In &quot;Politik&quot;","img":{"alt_text":"","src":"","width":0,"height":0},"classes":[]},{"id":19931,"url":"http:\/\/marburg.news\/?p=19931","url_meta":{"origin":19954,"position":4},"title":"Umf\u00e4nglich: Demo gegen Sozialk\u00fcrzungen am 5. Mai","date":"23. April 2026","format":false,"excerpt":"Zum Europ\u00e4ischen Protesttag zur Gleichstellung von Menschen mit Behinderung am 5. Mai ruft ver.di Hessen zur Demonstration in Marburg auf. Um 16.30 Uhr beginnt der Demonstrationszug am Hauptbahnhof. Die Strecke ist zirka 3,2 Kilometer lang. Sie sollte barrierefrei sein und kann aber bei Bedarf (f\u00fcr Menschen, denen sie zu lang\u2026","rel":"","context":"In &quot;Politik&quot;","img":{"alt_text":"","src":"","width":0,"height":0},"classes":[]},{"id":19168,"url":"http:\/\/marburg.news\/?p=19168","url_meta":{"origin":19954,"position":5},"title":"Geschlossene Gesellschaft: Teilhabe ist Menschenrecht","date":"8. Dezember 2025","format":false,"excerpt":"Teilhabe ist Menschenrecht. Das bekr\u00e4ftigte die Bundesvereinigung Lebenshilfe (BVLH) anl\u00e4sslich des Internationalen \"Tags der Menschenrechte\" am 10. Dezember. Die Bundesvereinigung Lebenshilfe warnte am Montag (8. Dezember) davor, bei der Eingliederungshilfe f\u00fcr Menschen mit Behinderung zu sparen. \"Die Eingliederungshilfe erm\u00f6glicht Teilhabe; und Teilhabe ist Menschenrecht\", betonte die BVLH-Vorsitzende Ulla Schmidt. Angesichts\u2026","rel":"","context":"In &quot;Politik&quot;","img":{"alt_text":"","src":"","width":0,"height":0},"classes":[]}],"_links":{"self":[{"href":"http:\/\/marburg.news\/index.php?rest_route=\/wp\/v2\/posts\/19954"}],"collection":[{"href":"http:\/\/marburg.news\/index.php?rest_route=\/wp\/v2\/posts"}],"about":[{"href":"http:\/\/marburg.news\/index.php?rest_route=\/wp\/v2\/types\/post"}],"author":[{"embeddable":true,"href":"http:\/\/marburg.news\/index.php?rest_route=\/wp\/v2\/users\/2"}],"replies":[{"embeddable":true,"href":"http:\/\/marburg.news\/index.php?rest_route=%2Fwp%2Fv2%2Fcomments&post=19954"}],"version-history":[{"count":1,"href":"http:\/\/marburg.news\/index.php?rest_route=\/wp\/v2\/posts\/19954\/revisions"}],"predecessor-version":[{"id":19959,"href":"http:\/\/marburg.news\/index.php?rest_route=\/wp\/v2\/posts\/19954\/revisions\/19959"}],"wp:attachment":[{"href":"http:\/\/marburg.news\/index.php?rest_route=%2Fwp%2Fv2%2Fmedia&parent=19954"}],"wp:term":[{"taxonomy":"category","embeddable":true,"href":"http:\/\/marburg.news\/index.php?rest_route=%2Fwp%2Fv2%2Fcategories&post=19954"},{"taxonomy":"post_tag","embeddable":true,"href":"http:\/\/marburg.news\/index.php?rest_route=%2Fwp%2Fv2%2Ftags&post=19954"}],"curies":[{"name":"wp","href":"https:\/\/api.w.org\/{rel}","templated":true}]}}