{"id":19953,"date":"2026-04-28T16:15:00","date_gmt":"2026-04-28T14:15:00","guid":{"rendered":"http:\/\/marburg.news\/?p=19953"},"modified":"2026-04-28T16:15:00","modified_gmt":"2026-04-28T14:15:00","slug":"neuer-aktionstermin-jana-trommer-setzt-sich-am-15-mai-wieder-auf-die-strasse","status":"publish","type":"post","link":"http:\/\/marburg.news\/?p=19953","title":{"rendered":"Neuer Aktionstermin: Jana Trommer setzt sich am 15. Mai wieder auf die Stra\u00dfe"},"content":{"rendered":"<p>Nach dreiw\u00f6chiger Pause widersetzt sich Jana Trommer wieder der Allt\u00e4glichkeit des Klimawandels. Ihre n\u00e4chste &#8222;Kunstaktion&#8220; will die Marburger Psychologin am Freitag (15. Mai) durchf\u00fchren. <!--more--><br \/>\nVon 16.45 bis 17 Uhr m\u00f6chte Jana Trommer auf der Gutenbergstra\u00dfe beim Fu\u00dfg\u00e4nger\u00fcbergang an der Universit\u00e4tsstra\u00dfe eine &#8222;Kunstaktion&#8220; durchf\u00fchren. Damit symbolisiert sie die St\u00f6rungen durch die Klimakrise und weist auf die Gefahren durch fehlenden Klimaschutz hin. Zugleich fordert sie von der Regie\u00adrung, ernsthafte Schutzma\u00dfnahmen durch Klimaschutz zu ergreifen.<br \/>\n&#8222;Ich werde dann die Stra\u00dfe \u00fcber eine gr\u00fcne Fu\u00dfg\u00e4ngerampel betreten und die Fahrbahn nicht wieder verlassen&#8220;, k\u00fcndigte Trommer an. &#8222;Ich werde meine H\u00e4nde wei\u00df einf\u00e4rben und \u00fcber meinen Kopf halten. Ich symbolisiere damit meine Hilflosigkeit gegen\u00fcber ausbleibenden Klimaschutz und meine Trauer \u00fcber alle Verluste von Leben und Vielfalt durch die Klimakrise.&#8220;<\/p>\n<p>* pm: Jana Trommer, Marburg<\/p>\n","protected":false},"excerpt":{"rendered":"<p>Nach dreiw\u00f6chiger Pause widersetzt sich Jana Trommer wieder der Allt\u00e4glichkeit des Klimawandels. Ihre n\u00e4chste &#8222;Kunstaktion&#8220; will die Marburger Psychologin am Freitag (15. Mai) durchf\u00fchren.<\/p>\n","protected":false},"author":2,"featured_media":0,"comment_status":"closed","ping_status":"open","sticky":false,"template":"","format":"standard","meta":{"advanced_seo_description":"","spay_email":"","jetpack_publicize_message":"","jetpack_is_tweetstorm":false,"jetpack_publicize_feature_enabled":true},"categories":[3,2,4],"tags":[5169,506,252],"jetpack_featured_media_url":"","jetpack_publicize_connections":[],"jetpack_sharing_enabled":true,"jetpack_shortlink":"https:\/\/wp.me\/p8mhvd-5bP","jetpack-related-posts":[{"id":19124,"url":"http:\/\/marburg.news\/?p=19124","url_meta":{"origin":19953,"position":0},"title":"Kunst f\u00fcrs Klima: Jana Trommer setzt sich vor die Elisabethkirche","date":"1. Dezember 2025","format":false,"excerpt":"Ihre allw\u00f6chentliche \"Kunstaktion\" f\u00fcr Klimaschutz m\u00f6chte Jana Trommer diesmal vor der Elisabethkirche durchf\u00fchren. Das hat die Psychologin am Montag (1. Dezember) angek\u00fcndigt. Ihre Aktionsank\u00fcndigung entspricht inhaltlich wieder einmal den vorherigen Verlautbarungen: \"Am Freitag (5. Dezember) von 16 bis 16.15 Uhr werde ich in Marburg an der Elisabethkirche - Fu\u00dfg\u00e4nger\u00fcbergang Elisabethstra\u00dfe\u2026","rel":"","context":"In &quot;Kultur&quot;","img":{"alt_text":"","src":"","width":0,"height":0},"classes":[]},{"id":19360,"url":"http:\/\/marburg.news\/?p=19360","url_meta":{"origin":19953,"position":1},"title":"Kunstaktion: Jana Trommer sitzt erneut im Pilgrimstein","date":"19. Januar 2026","format":false,"excerpt":"Auch ihre n\u00e4chste \"Kunstaktion\" f\u00fcr Klimaschutz m\u00f6chte Jana Trommer wieder im Pilgrimstein durchf\u00fchren. Das hat sie am Montag (19. Januar) angek\u00fcndigt. \"Am Freitag (23. Januar) von 16.30 bis 16.45 Uhr werde ich in Marburg am Pilgrimstein - Fu\u00dfg\u00e4nger\u00fcbergang an der Einhornapotheke - eine Kunstaktion durchf\u00fchren, mit der ich die St\u00f6rungen\u2026","rel":"","context":"In &quot;Kultur&quot;","img":{"alt_text":"","src":"","width":0,"height":0},"classes":[]},{"id":19677,"url":"http:\/\/marburg.news\/?p=19677","url_meta":{"origin":19953,"position":2},"title":"Gegen Gleichg\u00fcltigkeit: Jana Trommer sitzt diemsal im S\u00fcdviertel","date":"9. M\u00e4rz 2026","format":false,"excerpt":"Jana Trommer macht weiter. Ihre n\u00e4chste \"Kunstaktion\" hat sie f\u00fcr Freitag (13. M\u00e4rz) angek\u00fcndigt. Diesmal m\u00f6chte Jana Trommer ihre allw\u00f6chentliche \"Kunstaktion\" f\u00fcr Klimaschutz auf der Frankfurter Stra\u00dfe beim Fu\u00dfg\u00e4nger\u00fcbergang \"Auf der Weide\" durchf\u00fchren. Mit ihrer Aktion am Freitag (13. M\u00e4rz) von 16.30 bis 16.45 Uhr m\u00f6chte die Marburger Psychologin wieder\u2026","rel":"","context":"In &quot;Kultur&quot;","img":{"alt_text":"","src":"","width":0,"height":0},"classes":[]},{"id":19166,"url":"http:\/\/marburg.news\/?p=19166","url_meta":{"origin":19953,"position":3},"title":"Auf der Biegenstra\u00dfe: Trommer widersetzt sich und setzt sich wieder","date":"7. Dezember 2025","format":false,"excerpt":"Ihre n\u00e4chste \"Kunstaktion\" m\u00f6chte Jana Trommer am Freitag (12. Dezember) von 16 bis 16.15 Uhr auf der Biegenstra\u00dfe durchf\u00fchren. Erneut protestiert die Marburger Psychologin damit gegen mangelnden Klimaschutz in Deutschland. Beim Fu\u00dfg\u00e4nger\u00fcbergang an der Einm\u00fcndung der Wolffstra\u00dfe will Jana Trommer die St\u00f6rungen durch die Klimakrise symbolisieren und zugleich auf die\u2026","rel":"","context":"In &quot;Kultur&quot;","img":{"alt_text":"","src":"","width":0,"height":0},"classes":[]},{"id":19495,"url":"http:\/\/marburg.news\/?p=19495","url_meta":{"origin":19953,"position":4},"title":"Aktionsank\u00fcndigung: Jana Trommer setzt sich auf die Gutenbergstra\u00dfe","date":"9. Februar 2026","format":false,"excerpt":"Ihre n\u00e4chste \u00f6ffentliche Aktions-Ank\u00fcndigung hat die Psychologin Jana Trommer am Montag (9. Februar) verschickt. Stattfinden soll sie am Freitag (13. Februar). Von 16.30 bis 16.45 Uhr werde sie auf der Gutenbergstra\u00dfe beim Fu\u00dfg\u00e4nger\u00fcbergang an der Ecke zur Universit\u00e4tsstra\u00dfe eine \"Kunstaktion\" durchf\u00fchren. Damit wolle sie die St\u00f6rungen durch die Klimakrise symbolisieren\u2026","rel":"","context":"In &quot;Kultur&quot;","img":{"alt_text":"","src":"","width":0,"height":0},"classes":[]},{"id":19761,"url":"http:\/\/marburg.news\/?p=19761","url_meta":{"origin":19953,"position":5},"title":"Im Krisenfall: Jana Trommer sitzt unweit der CDU","date":"23. M\u00e4rz 2026","format":false,"excerpt":"Ihre n\u00e4chste \"Kunstaktion\" f\u00fcr Klimaschutz richtet Jana Trommer direkt an die CDU. Daf\u00fcr hat sie sich eine passende Kreuzung in Marburg ausgesucht. In H\u00f6rweite des CDU-B\u00fcros m\u00f6chte Jana Trommer am Freitag (27. M\u00e4rz) von 16.30 bis 16.45 Uhr auf der Gisselberger Stra\u00dfe beim Fu\u00dfg\u00e4nger\u00fcbergang an der Ecke zur Frankfurter Stra\u00dfe\u2026","rel":"","context":"In &quot;Politik&quot;","img":{"alt_text":"","src":"","width":0,"height":0},"classes":[]}],"_links":{"self":[{"href":"http:\/\/marburg.news\/index.php?rest_route=\/wp\/v2\/posts\/19953"}],"collection":[{"href":"http:\/\/marburg.news\/index.php?rest_route=\/wp\/v2\/posts"}],"about":[{"href":"http:\/\/marburg.news\/index.php?rest_route=\/wp\/v2\/types\/post"}],"author":[{"embeddable":true,"href":"http:\/\/marburg.news\/index.php?rest_route=\/wp\/v2\/users\/2"}],"replies":[{"embeddable":true,"href":"http:\/\/marburg.news\/index.php?rest_route=%2Fwp%2Fv2%2Fcomments&post=19953"}],"version-history":[{"count":0,"href":"http:\/\/marburg.news\/index.php?rest_route=\/wp\/v2\/posts\/19953\/revisions"}],"wp:attachment":[{"href":"http:\/\/marburg.news\/index.php?rest_route=%2Fwp%2Fv2%2Fmedia&parent=19953"}],"wp:term":[{"taxonomy":"category","embeddable":true,"href":"http:\/\/marburg.news\/index.php?rest_route=%2Fwp%2Fv2%2Fcategories&post=19953"},{"taxonomy":"post_tag","embeddable":true,"href":"http:\/\/marburg.news\/index.php?rest_route=%2Fwp%2Fv2%2Ftags&post=19953"}],"curies":[{"name":"wp","href":"https:\/\/api.w.org\/{rel}","templated":true}]}}