{"id":19952,"date":"2026-04-28T16:10:00","date_gmt":"2026-04-28T14:10:00","guid":{"rendered":"http:\/\/marburg.news\/?p=19952"},"modified":"2026-04-28T16:10:00","modified_gmt":"2026-04-28T14:10:00","slug":"neuer-vortrag-bananen-und-ihre-anbaubedingungen","status":"publish","type":"post","link":"http:\/\/marburg.news\/?p=19952","title":{"rendered":"Neuer Vortrag: Bananen und ihre Anbaubedingungen"},"content":{"rendered":"<p>Um eine wahrhaft globale Frucht geht es im n\u00e4chsten Vortrag der Reihe &#8222;Lebensmittel &#8211; was essen wir mit?&#8220; am Dienstag (5. Mai) im Weltladen. Das Thema lautet &#8222;Bananen &#8211; Konsequenzen hier und f\u00fcr die Produzent*inen&#8220;. <!--more--><br \/>\nJede und jeder Deutsche isst um die zw\u00f6lf Kilogramm Bananen pro Jahr. Das sind zirka 1 Million Tonnen. Diese unvorstellbare Menge ist mehr als ein Drittel der Bananen aus Costa Rica zum Beispiel.<br \/>\nMindestens 54 Pestizidapplikationen pro Jahr sind \u00fcblich bei konventionellen Bananen. Das hei\u00dft, die Arbeiter*innen in den Plantagen werden normalerweise mitbehandelt, dazumal sie meist auch in unmittelbarer N\u00e4he wohnen. Die gesundheitlichen Auswirkungen auf die Menschen vor Ort sind erheblich. Die R\u00fcckst\u00e4nde in den Bananen bei uns relativ gering. Wer konventionelle Bananen hier kauft, nimmt die Sch\u00e4den dort in Kauf.<br \/>\nDer Vortrag &#8222;Bananen &#8211; Konsequenzen hier und f\u00fcr die Produzent*innen&#8220; findet am Dienstag (5. Mai) von 19 bis 21 UUhr im Weltladen Marburg am Markt statt. Er ist Teil der Veranstaltungsreihe &#8222;Lebensmittel &#8211; Was essen wir mit?&#8220;.<\/p>\n<p>* pm: Initiattive Solidarische Welt, Marburg<\/p>\n","protected":false},"excerpt":{"rendered":"<p>Um eine wahrhaft globale Frucht geht es im n\u00e4chsten Vortrag der Reihe &#8222;Lebensmittel &#8211; was essen wir mit?&#8220; am Dienstag (5. Mai) im Weltladen. Das Thema lautet &#8222;Bananen &#8211; Konsequenzen hier und f\u00fcr die Produzent*inen&#8220;.<\/p>\n","protected":false},"author":2,"featured_media":0,"comment_status":"closed","ping_status":"open","sticky":false,"template":"","format":"standard","meta":{"advanced_seo_description":"","spay_email":"","jetpack_publicize_message":"","jetpack_is_tweetstorm":false,"jetpack_publicize_feature_enabled":true},"categories":[4],"tags":[7508,4131,179],"jetpack_featured_media_url":"","jetpack_publicize_connections":[],"jetpack_sharing_enabled":true,"jetpack_shortlink":"https:\/\/wp.me\/p8mhvd-5bO","jetpack-related-posts":[{"id":15952,"url":"http:\/\/marburg.news\/?p=15952","url_meta":{"origin":19952,"position":0},"title":"Die drohende Katastrophe: Umgang mit Wasser in Zeiten der Klimakrise","date":"9. Juli 2024","format":false,"excerpt":"Zur letzten Veranstaltung der Reihe \"Wasser in Zeiten der Klimakrise\" l\u00e4dt der Weltladen f\u00fcr Dienstag (11. Juli) ein. Michaela Meurer von der Philipps-Universit\u00e4t berichtet dar\u00fcber, welche Strategien lokale Bev\u00f6lkerungen im brasilianischen Amazonas und in Mosambik im Alltag f\u00fcr den Umgang mit der Klimakrise entwickeln. \"Allt\u00e4gliche Strategien der Klimawandel-Resilienz in Brasilien\u2026","rel":"","context":"In &quot;Politik&quot;","img":{"alt_text":"","src":"","width":0,"height":0},"classes":[]},{"id":15923,"url":"http:\/\/marburg.news\/?p=15923","url_meta":{"origin":19952,"position":1},"title":"B\u00fchne frei: Zur Spielzeiter\u00f6ffnung im September","date":"3. Juli 2024","format":false,"excerpt":"Drei Premieren pr\u00e4sentiert das Hessische Landestheater Marburg (HLTM) zur n\u00e4chsten Spielzeiter\u00f6ffnung. Die Spielzeit steht unter dem Motto \"Widerstand & Liebe\". Die Spielzeit 2024\/2025 startet am Samstag (21. September) mit der Er\u00f6ffnungsinszenierung \"Johann*a - stell Dir vor, es ist Krieg und (k)eine*r geht hin!\" unter der Regie von Miriam Ibrahim im\u2026","rel":"","context":"In &quot;Kultur&quot;","img":{"alt_text":"","src":"","width":0,"height":0},"classes":[]},{"id":16956,"url":"http:\/\/marburg.news\/?p=16956","url_meta":{"origin":19952,"position":2},"title":"Amazonien erkl\u00e4ren 2024: Vortrag von Michaela Meurer im Weltladen","date":"24. November 2024","format":false,"excerpt":"\"Amazonien - Klischees und Wirklichkeit\" hei\u00dft ein Vortrag von Michaela Meurer. Die Umweltanthropologin wird darin Vorstellungen und Klischees von Amazonien m\u00e4chtig durcheinanderwirbeln. Michaela Meurer spricht am Donnerstag (28. November) im Marburger Weltladen. Los geht es um 20 Uhr. Nicht erst seit der - sich zuspitzenden - Klimakrise steht das Amazonasgebiet\u2026","rel":"","context":"In &quot;Politik&quot;","img":{"alt_text":"","src":"","width":0,"height":0},"classes":[]},{"id":6138,"url":"http:\/\/marburg.news\/?p=6138","url_meta":{"origin":19952,"position":3},"title":"Handeln und wandeln: Marburger Weltladen feiert faires Jubil\u00e4um","date":"7. Dezember 2020","format":false,"excerpt":"Auf 40 Jahre Engagement f\u00fcr Fairen Handel schaut der Weltladen Marburg zur\u00fcck. \"Jute statt Plastik\" und Solidarit\u00e4tskaffee aus Nicaragua geh\u00f6ren zu den Gr\u00fcndungsmythen der Weltladenbewegung. Sie pr\u00e4gten die Zeit, als der Weltladen in Marburg 1980 seine T\u00fcren \u00f6ffnete. Da die Feierlichkeiten im Jahr 2020 wegen der Corona-Pandemie nicht stattfinden konnten,\u2026","rel":"","context":"In &quot;Politik&quot;","img":{"alt_text":"","src":"","width":0,"height":0},"classes":[]},{"id":15897,"url":"http:\/\/marburg.news\/?p=15897","url_meta":{"origin":19952,"position":4},"title":"\u00d6kologische Reise: Wasserprojekte f\u00fcr Klimaresilienz im globalen S\u00fcden","date":"29. Juni 2024","format":false,"excerpt":"\"Wasserprojekte f\u00fcr Klimaresilienz im globalen S\u00fcden\" sind Thema eines Vortrags am Donnerstag (4. Juli) um 20 Uhr. Damit setzt der Marburger Weltladen seine Reihe zu \"Wasser in Zeiten der Klimakrise\" fort. Chris Schmetz von Terra Tech Marburg stellt Wasser-Projekte im Globalen S\u00fcden f\u00fcr eine st\u00e4rkere Resilienz gegen die Krise vor.\u2026","rel":"","context":"In &quot;Politik&quot;","img":{"alt_text":"","src":"","width":0,"height":0},"classes":[]},{"id":18059,"url":"http:\/\/marburg.news\/?p=18059","url_meta":{"origin":19952,"position":5},"title":"Uganda unter uns: Weltladen veranstaltet Vortrag \u00fcber Jugend in Afrika","date":"24. Mai 2025","format":false,"excerpt":"\"Uganda - Jugend im Wandel\" ist der Titel eines Vortrags von Prof. Dr. Julia Vorh\u00f6lter. Stattfinden soll er am Dienstag (4. Juni) um 20 Uhr im Weltladen am Markt. Am Dienstag (4. Juni) um 20 Uhr spricht Prof. Dr. Julia Vorh\u00f6lter im Weltladen Marburg \u00fcber Leben, Lieben und Leiden von\u2026","rel":"","context":"In &quot;Bildung&quot;","img":{"alt_text":"","src":"","width":0,"height":0},"classes":[]}],"_links":{"self":[{"href":"http:\/\/marburg.news\/index.php?rest_route=\/wp\/v2\/posts\/19952"}],"collection":[{"href":"http:\/\/marburg.news\/index.php?rest_route=\/wp\/v2\/posts"}],"about":[{"href":"http:\/\/marburg.news\/index.php?rest_route=\/wp\/v2\/types\/post"}],"author":[{"embeddable":true,"href":"http:\/\/marburg.news\/index.php?rest_route=\/wp\/v2\/users\/2"}],"replies":[{"embeddable":true,"href":"http:\/\/marburg.news\/index.php?rest_route=%2Fwp%2Fv2%2Fcomments&post=19952"}],"version-history":[{"count":0,"href":"http:\/\/marburg.news\/index.php?rest_route=\/wp\/v2\/posts\/19952\/revisions"}],"wp:attachment":[{"href":"http:\/\/marburg.news\/index.php?rest_route=%2Fwp%2Fv2%2Fmedia&parent=19952"}],"wp:term":[{"taxonomy":"category","embeddable":true,"href":"http:\/\/marburg.news\/index.php?rest_route=%2Fwp%2Fv2%2Fcategories&post=19952"},{"taxonomy":"post_tag","embeddable":true,"href":"http:\/\/marburg.news\/index.php?rest_route=%2Fwp%2Fv2%2Ftags&post=19952"}],"curies":[{"name":"wp","href":"https:\/\/api.w.org\/{rel}","templated":true}]}}