{"id":19951,"date":"2026-04-28T15:45:00","date_gmt":"2026-04-28T13:45:00","guid":{"rendered":"http:\/\/marburg.news\/?p=19951"},"modified":"2026-04-28T15:45:00","modified_gmt":"2026-04-28T13:45:00","slug":"neue-schliessung-reparatur-der-toilettenanlage-am-suedbahnhof","status":"publish","type":"post","link":"http:\/\/marburg.news\/?p=19951","title":{"rendered":"Neue Schlie\u00dfung: Reparatur der Toilettenanlage am S\u00fcdbahnhof"},"content":{"rendered":"<p>Die WC-Anlage am S\u00fcdbahnhof wird vor\u00fcbergehend geschlossen. Die Trinkwasser-Versorgungsleitung wird repariert. <!--more--><br \/>\nDie Trinkwasser-Versorgungsleitung an der Toilettenanlage am S\u00fcdbahnhof ist besch\u00e4digt. Daher ist eine Instandsetzung erforderlich. Aus diesem Grund bleibt die WC-Anlage bis zum Abschluss der Arbeiten f\u00fcr die \u00d6ffentlichkeit geschlossen.<\/p>\n<p>* pm: Stadt Marburg<\/p>\n","protected":false},"excerpt":{"rendered":"<p>Die WC-Anlage am S\u00fcdbahnhof wird vor\u00fcbergehend geschlossen. Die Trinkwasser-Versorgungsleitung wird repariert.<\/p>\n","protected":false},"author":2,"featured_media":0,"comment_status":"closed","ping_status":"open","sticky":false,"template":"","format":"standard","meta":{"advanced_seo_description":"","spay_email":"","jetpack_publicize_message":"","jetpack_is_tweetstorm":false,"jetpack_publicize_feature_enabled":true},"categories":[4],"tags":[1744,2651,1996],"jetpack_featured_media_url":"","jetpack_publicize_connections":[],"jetpack_sharing_enabled":true,"jetpack_shortlink":"https:\/\/wp.me\/p8mhvd-5bN","jetpack-related-posts":[{"id":13700,"url":"http:\/\/marburg.news\/?p=13700","url_meta":{"origin":19951,"position":0},"title":"Feuer frei: Toiletten im Sch\u00fclerpark geschlossen","date":"25. August 2023","format":false,"excerpt":"Ein Brand hat die WC-Anlage im Sch\u00fclerpark besch\u00e4digt. Darum bleibt sie vorerst geschlossen. Die Toiletten im Sch\u00fclerpark sind bis auf Weiteres geschlossen. Grund daf\u00fcr ist ein Brand am Dienstag (22. August). Die WC-Anlage muss nun grundsaniert werden. Wie lange diese Arbeiten dauern, kann nicht mit Sicherheit vorausgesagt werden. Der Fachdienst\u2026","rel":"","context":"In &quot;Soziales&quot;","img":{"alt_text":"","src":"","width":0,"height":0},"classes":[]},{"id":19184,"url":"http:\/\/marburg.news\/?p=19184","url_meta":{"origin":19951,"position":1},"title":"Sperrungen beim S\u00fcdbahnhof: Umleitungen f\u00fcr Autos und Linienbusse","date":"10. Dezember 2025","format":false,"excerpt":"Wegen der Erneuerung eines Wasseranschlusses muss die Zeppelinstra\u00dfe ab der Hausnummer 17a bis zur Kreuzung Konrad-Adenauer-Br\u00fccke von Montag (15. Dezember) bis voraussichtlich Freitag (19. Dezember) halbseitig gesperrt werden. Gleichzeitig wird auch die Cappeler Stra\u00dfe gesperrt. Der Verkehr in Richtung S\u00fcdbahnhof wird vor\u00fcbergehend \u00fcber die Cappeler Stra\u00dfe und die Frauenbergstra\u00dfe umgeleitet.\u2026","rel":"","context":"In &quot;Soziales&quot;","img":{"alt_text":"","src":"","width":0,"height":0},"classes":[]},{"id":5474,"url":"http:\/\/marburg.news\/?p=5474","url_meta":{"origin":19951,"position":2},"title":"Zweite Station: B\u00fcrgerbeteiligung bei barrierefreiem Bahnhofsumbau","date":"29. Juli 2020","format":false,"excerpt":"Die Modernisierung und barrierefreie Erschlie\u00dfung des S\u00fcdbahnhofs steht bevor. Wegen der Corona-Pandemie f\u00fchrt die Bahn die fr\u00fche \u00d6ffentlichkeitsbeteiligung f\u00fcr dieses Projekt erstmals im Onlineverfahren durch. Gemeinsam mit der Stadt geschieht das auf deren Beteiligungsplattform MarburgMachtMit. Tr\u00e4ger des Bauverfahrens sind neben der Deutschen Bahn AG (DB AG) auch der Rhein-Main-Verkehrsverbund (RMV)\u2026","rel":"","context":"In &quot;Politik&quot;","img":{"alt_text":"","src":"","width":0,"height":0},"classes":[]},{"id":14247,"url":"http:\/\/marburg.news\/?p=14247","url_meta":{"origin":19951,"position":3},"title":"Nachhaltig verkehrssicher: Tempor\u00e4re Stra\u00dfensperrung am 9. November","date":"2. November 2023","format":false,"excerpt":"Eine Vollsperrung der Universit\u00e4tsstra\u00dfe zwischen Gutenbergstra\u00dfe und Rudolphsplatz am Donnerstag (9. November) hat die Stadt angek\u00fcndigt. Grund daf\u00fcr ist die Besinnungsstunde im \"Garten des Gedenkens\". Anl\u00e4sslich der Besinnungsstunde im \"Garten des Gedenkens\" am Donnerstag (9. November) wird die Universit\u00e4tsstra\u00dfe in dem Bereich zwischen der Gutenbergstra\u00dfe und dem Rudolphsplatz von 18.15\u2026","rel":"","context":"In &quot;Sonstiges&quot;","img":{"alt_text":"","src":"","width":0,"height":0},"classes":[]},{"id":14951,"url":"http:\/\/marburg.news\/?p=14951","url_meta":{"origin":19951,"position":4},"title":"Geh\u00f6lz trifft Verkehr: Umleitung zwischen Marburg und Gisselberg","date":"15. Februar 2024","format":false,"excerpt":"Eine Umleitung wegen Geh\u00f6lzarbeiten an der Gie\u00dfener Stra\u00dfe hat die Stadt am Donnerstag (15. Februar) angek\u00fcndigt. Sie erfolgen zwischen Marburg und Gisselberg. Umfangreiche Geh\u00f6lzarbeiten gibt es ab Montag (19. Februar) am Steilhang an der Gie\u00dfener Stra\u00dfe zwischen Marburg und Gisselberg. Betroffen davon ist auch der Fu\u00df- und Radweg. Die Gie\u00dfener\u2026","rel":"","context":"In &quot;Sonstiges&quot;","img":{"alt_text":"","src":"","width":0,"height":0},"classes":[]},{"id":10614,"url":"http:\/\/marburg.news\/?p=10614","url_meta":{"origin":19951,"position":5},"title":"Ideen aus Stadtteilen: 5.000 Euro f\u00fcr Gebiet Hansenhaus\/S\u00fcdbahnhof","date":"13. September 2022","format":false,"excerpt":"Die Stadt sucht Ideen f\u00fcr B\u00fcrgerprojekte im Gebiet Hansenhaus und S\u00fcdbahnhof. Bis Sonntag (25. September) kann man dabei mitmachen. Mit dem Stadtteilfonds f\u00f6rdert die Stadt Marburg Projektideen von B\u00fcrgerinnen und B\u00fcrgern. Nun werden Ideen f\u00fcr das Gebiet Hansenhaus und S\u00fcdbahnhof gesucht, f\u00fcr deren Umsetzung bis zu 5.000 Euro zur Verf\u00fcgung\u2026","rel":"","context":"In &quot;Politik&quot;","img":{"alt_text":"","src":"","width":0,"height":0},"classes":[]}],"_links":{"self":[{"href":"http:\/\/marburg.news\/index.php?rest_route=\/wp\/v2\/posts\/19951"}],"collection":[{"href":"http:\/\/marburg.news\/index.php?rest_route=\/wp\/v2\/posts"}],"about":[{"href":"http:\/\/marburg.news\/index.php?rest_route=\/wp\/v2\/types\/post"}],"author":[{"embeddable":true,"href":"http:\/\/marburg.news\/index.php?rest_route=\/wp\/v2\/users\/2"}],"replies":[{"embeddable":true,"href":"http:\/\/marburg.news\/index.php?rest_route=%2Fwp%2Fv2%2Fcomments&post=19951"}],"version-history":[{"count":0,"href":"http:\/\/marburg.news\/index.php?rest_route=\/wp\/v2\/posts\/19951\/revisions"}],"wp:attachment":[{"href":"http:\/\/marburg.news\/index.php?rest_route=%2Fwp%2Fv2%2Fmedia&parent=19951"}],"wp:term":[{"taxonomy":"category","embeddable":true,"href":"http:\/\/marburg.news\/index.php?rest_route=%2Fwp%2Fv2%2Fcategories&post=19951"},{"taxonomy":"post_tag","embeddable":true,"href":"http:\/\/marburg.news\/index.php?rest_route=%2Fwp%2Fv2%2Ftags&post=19951"}],"curies":[{"name":"wp","href":"https:\/\/api.w.org\/{rel}","templated":true}]}}