{"id":19947,"date":"2026-04-27T16:50:00","date_gmt":"2026-04-27T14:50:00","guid":{"rendered":"http:\/\/marburg.news\/?p=19947"},"modified":"2026-04-27T16:50:00","modified_gmt":"2026-04-27T14:50:00","slug":"am-teilhaberecht-inklusion-darf-kein-sparmodell-werden","status":"publish","type":"post","link":"http:\/\/marburg.news\/?p=19947","title":{"rendered":"Am Teilhaberecht: Inklusion darf kein Sparmodell werden"},"content":{"rendered":"<p>Inklusion darf kein Sparmodell werden. Davor hat die Lebenshilfe in einer Bundestagsanh\u00f6rung gewarnt. <!--more--><br \/>\nDie Rechte von Kindern und Jugendlichen mit Behinderung d\u00fcrfen nicht zugunsten pauschaler L\u00f6sungen und Kostend\u00e4mpfungseffekten geschw\u00e4cht werden. Das hat die Bundesvereinigung Lebenshilfe am Montag (27. April) gefordert. Kinder und Jugendliche mit Behinderung und ihre Familien warten schon sehr lange auf die nun greifbare Reform der Kinder- und Jugendhilfe. Durch diese Reform sollen endlich die Jugend\u00e4mter f\u00fcr die Eingliederungshilfe aller Kinder mit Behinderungen zust\u00e4ndig werden.<br \/>\nDiese Strukturreform k\u00f6nnte die Weichen f\u00fcr mehr Inklusion und Teilhabe stellen, gerade weil erstmals eine inklusive Infrastruktur auf den Weg gebracht werden soll. Leider droht sie nun jedoch zum Sparinstrument zulasten von Kindern und Jugendlichen mit Behinderung zu werden. Dem muss dringend Einhalt geboten werden.<br \/>\nIn der Verb\u00e4ndeanh\u00f6rung im Familienministerium fordert die Bundesvereinigung Lebenshilfe unter anderem deutliche Nachbesserungen an der geplanten Einf\u00fchrung einer infrastrukturellen Bildungsassistenz. Kinder und Jugendliche, die Schulassistenz ben\u00f6tigen, d\u00fcrfen auch in Zukunft nicht pauschal auf Infrastrukturangebote verwiesen werden. Das Recht auf individuelle Unterst\u00fctzung muss bestehen bleiben und auch durchsetzbar sein, wenn sie erforderlich ist.<br \/>\nDar\u00fcber hinaus bef\u00fcrchtet die Lebenshilfe, dass unter dem Spardiktat der Jugend\u00e4mter und mangels rechtlicher Absicherung notwendige individuelle Schulassistenzen, inklusive Freizeit- und Ferienangebote oder andere ambulante Hilfen wegfallen k\u00f6nnten. Die BVLH-Vorsitzende Ulla Schmidt stellte klar: &#8222;Die Reform der Kinder und Jugendhilfe muss unbedingt die Bedarfe der Kinder zuvorderst im Blick haben. Sie muss ihre Rechte st\u00e4rken und bed\u00fcrftige Familien entlasten und sch\u00fctzen. Sie kann nicht als prim\u00e4res Ziel Kostend\u00e4mpfung verfolgen. Wer an Kindern mit Behinderung spart, spart an den Schw\u00e4chsten der Gesellschaft. Das ist unertr\u00e4glich!&#8220;<br \/>\nDaher richtet die Lebenshilfe einen klaren Appell an den Gesetzgeber: Die Reform muss die Rechte von Kindern und Jugendlichen mit Behinderung st\u00e4rken &#8211; nicht relativieren. Ma\u00dfstab m\u00fcssen echte Teilhabe und bedarfsgerechte, einklagbare Leistungen sein.<br \/>\nDas &#8211; eine Woche zuvor bekannt gewordene &#8211; sogenannte &#8222;Vorschlagsbuch&#8220; aus dem Bundeskanzleramt ist ein alarmierendes Signal. Ausgerechnet bei der Kinder- und Jugendhilfe sowie der Eingliederungshilfe f\u00fcr Menschen mit Behinderung sollen zur Haushaltskonsolidierung drastische K\u00fcrzungen von \u00fcber 8,6 Milliarden Euro erfolgen. Gegen diese Vorschl\u00e4ge gibt es breiten Protest.<br \/>\nUnter anderem erfolgt er in Form einer Petition beim Deutschen Bundestag unter dem Titel &#8222;Keine K\u00fcrzungen bei der Eingliederungshilfe&#8220;. Viele Verb\u00e4nde unterst\u00fctzen diese Petition. Die detaillierte Stellungnahme der Bundesvereinigung Lebenshilfe zum Referentenentwurf eines Ersten Gesetzes zur Strukturreform der Kinder- und Jugendhilfe des Bundesministeriums f\u00fcr Bildung, Familie, Senioren, Frauen und Jugend (Erstes Kinder- und Jugendhilfestrukturreformgesetz &#8211; 1. KJHSRG) ist auf <a href=\"http:\/\/www.lebenshilfe.de\">www.lebenshilfe.de<\/a> abrufbar.<\/p>\n<p>* pm: Bundesvereinigung Lebenshilfe, Marburg<\/p>\n","protected":false},"excerpt":{"rendered":"<p>Inklusion darf kein Sparmodell werden. Davor hat die Lebenshilfe in einer Bundestagsanh\u00f6rung gewarnt.<\/p>\n","protected":false},"author":2,"featured_media":0,"comment_status":"closed","ping_status":"open","sticky":false,"template":"","format":"standard","meta":{"advanced_seo_description":"","spay_email":"","jetpack_publicize_message":"","jetpack_is_tweetstorm":false,"jetpack_publicize_feature_enabled":true},"categories":[2,4],"tags":[70,59,7505],"jetpack_featured_media_url":"","jetpack_publicize_connections":[],"jetpack_sharing_enabled":true,"jetpack_shortlink":"https:\/\/wp.me\/p8mhvd-5bJ","jetpack-related-posts":[{"id":15257,"url":"http:\/\/marburg.news\/?p=15257","url_meta":{"origin":19947,"position":0},"title":"Inklusion im Inland: Lebenshilfe zu 15 Jahren Behindertenrechtskonvention","date":"21. M\u00e4rz 2024","format":false,"excerpt":"Deutschland muss viel mehr f\u00fcr die Inklusion tun. Das fordert die Lebenshilfe zum 15. Jahrestag der UN-Behindertenrechtskonvention (UN BRK) am 26. M\u00e4rz. Am Dienstag (26. M\u00e4rz) ist es 15 Jahre her, dass die UN-Behindertenrechtskonvention in Deutschland rechtskr\u00e4ftig wurde. Dazu erkl\u00e4rte die Lebenshilfe-Bundesvorsitzende Ulla Schmidt: \"Leider m\u00fcssen wir als Lebenshilfe feststellen:\u2026","rel":"","context":"In &quot;Politik&quot;","img":{"alt_text":"","src":"","width":0,"height":0},"classes":[]},{"id":15867,"url":"http:\/\/marburg.news\/?p=15867","url_meta":{"origin":19947,"position":1},"title":"Leben und Lebenshilfe: Deutschland muss endlich inklusiver werden","date":"25. Juni 2024","format":false,"excerpt":"\"Deutschland muss endlich inklusiver werden!\" Das hat die Lebenshilfe am Dienstag (25. Juni) gefordert. 30 Jahre nach Verankerung des Benachteiligungsverbots f\u00fcr Menschen mit Behinderung im Grundgesetz (GG) zog die BVLH-Bundesvorsitzende Ulla Schmidt eine ern\u00fcchternde Bilanz. Am 30. Juni 1994 hat der Deutsche Bundestag beschlossen, den Satz \"Niemand darf wegen seiner\u2026","rel":"","context":"In &quot;Soziales&quot;","img":{"alt_text":"","src":"","width":0,"height":0},"classes":[]},{"id":1599,"url":"http:\/\/marburg.news\/?p=1599","url_meta":{"origin":19947,"position":2},"title":"Behinderte und Nichtbehinderte: Lebenshilfe startet mit Video in ihr Geburtstagsjahr","date":"25. Januar 2018","format":false,"excerpt":"Menschen mit und ohne Behinderung tanzen ausgelassen durch die Stra\u00dfen und stecken alle mit ihrer Lebensfreude an. Als vor 60 Jahren in Marburg die Lebenshilfe gegr\u00fcndet wurde, h\u00e4tten sich Eltern von Kindern mit Behinderung das nicht tr\u00e4umen lassen. \"Hey, Welt!\" hei\u00dft das dreimin\u00fctige Musikvideo, das die Lebenshilfe zu ihrem Jubil\u00e4um\u2026","rel":"","context":"In &quot;Soziales&quot;","img":{"alt_text":"","src":"","width":0,"height":0},"classes":[]},{"id":13915,"url":"http:\/\/marburg.news\/?p=13915","url_meta":{"origin":19947,"position":3},"title":"Bobby bekommen: Medienpreis f\u00fcr Shari und Andr\u00e9 Dietz","date":"30. September 2023","format":false,"excerpt":"Die Lebenshilfe-Vorsitzende Ulla Schmidt hat am Freitag (29. September) den Medienpreis \"BOBBY\" an Shari und Andr\u00e9 Dietz \u00fcberreicht. Das geschah bei der Mitgliederversammlung der Lebenshilfe in Marburg. \"Dank Familie Dietz wird sichtbar, wie fundamental wichtig Inklusion f\u00fcr die Gesellschaft ist, wie wir alle davon profitieren k\u00f6nnen\" sagte Ulla Schmidt. Die\u2026","rel":"","context":"In &quot;Kultur&quot;","img":{"alt_text":"","src":"","width":0,"height":0},"classes":[]},{"id":19168,"url":"http:\/\/marburg.news\/?p=19168","url_meta":{"origin":19947,"position":4},"title":"Geschlossene Gesellschaft: Teilhabe ist Menschenrecht","date":"8. Dezember 2025","format":false,"excerpt":"Teilhabe ist Menschenrecht. Das bekr\u00e4ftigte die Bundesvereinigung Lebenshilfe (BVLH) anl\u00e4sslich des Internationalen \"Tags der Menschenrechte\" am 10. Dezember. Die Bundesvereinigung Lebenshilfe warnte am Montag (8. Dezember) davor, bei der Eingliederungshilfe f\u00fcr Menschen mit Behinderung zu sparen. \"Die Eingliederungshilfe erm\u00f6glicht Teilhabe; und Teilhabe ist Menschenrecht\", betonte die BVLH-Vorsitzende Ulla Schmidt. Angesichts\u2026","rel":"","context":"In &quot;Politik&quot;","img":{"alt_text":"","src":"","width":0,"height":0},"classes":[]},{"id":90,"url":"http:\/\/marburg.news\/?p=90","url_meta":{"origin":19947,"position":5},"title":"Unterst\u00fctzung im Streit: Lebenshilfe w\u00fcrdigte Verdienste von Ursula Mutters","date":"22. Januar 2017","format":false,"excerpt":"F\u00fcr ihre au\u00dferordentlichen Verdienste um die Anerkennung und Gleichberechtigung von Menschen mit Behinderung erhielt Ursula Mutters am Sonntag (22. Januar) die Goldene Ehrennadel der Lebenshilfe. Die Ehrung der 90-j\u00e4hrigen Ehefrau des Lebenshilfe-Gr\u00fcnders aus Marburg-Wehrshausen fand anl\u00e4sslich einer festlichen Geburtstags-Matin\u00e9e im Andenken an ihren Mann Tom Mutters statt, der im letzten\u2026","rel":"","context":"In &quot;Soziales&quot;","img":{"alt_text":"","src":"","width":0,"height":0},"classes":[]}],"_links":{"self":[{"href":"http:\/\/marburg.news\/index.php?rest_route=\/wp\/v2\/posts\/19947"}],"collection":[{"href":"http:\/\/marburg.news\/index.php?rest_route=\/wp\/v2\/posts"}],"about":[{"href":"http:\/\/marburg.news\/index.php?rest_route=\/wp\/v2\/types\/post"}],"author":[{"embeddable":true,"href":"http:\/\/marburg.news\/index.php?rest_route=\/wp\/v2\/users\/2"}],"replies":[{"embeddable":true,"href":"http:\/\/marburg.news\/index.php?rest_route=%2Fwp%2Fv2%2Fcomments&post=19947"}],"version-history":[{"count":0,"href":"http:\/\/marburg.news\/index.php?rest_route=\/wp\/v2\/posts\/19947\/revisions"}],"wp:attachment":[{"href":"http:\/\/marburg.news\/index.php?rest_route=%2Fwp%2Fv2%2Fmedia&parent=19947"}],"wp:term":[{"taxonomy":"category","embeddable":true,"href":"http:\/\/marburg.news\/index.php?rest_route=%2Fwp%2Fv2%2Fcategories&post=19947"},{"taxonomy":"post_tag","embeddable":true,"href":"http:\/\/marburg.news\/index.php?rest_route=%2Fwp%2Fv2%2Ftags&post=19947"}],"curies":[{"name":"wp","href":"https:\/\/api.w.org\/{rel}","templated":true}]}}