{"id":19946,"date":"2026-04-27T16:45:00","date_gmt":"2026-04-27T14:45:00","guid":{"rendered":"http:\/\/marburg.news\/?p=19946"},"modified":"2026-04-27T16:45:00","modified_gmt":"2026-04-27T14:45:00","slug":"im-stadtwald-inklusiver-hochseilgarten-begeisterte-familien","status":"publish","type":"post","link":"http:\/\/marburg.news\/?p=19946","title":{"rendered":"Im Stadtwald: Inklusiver Hochseilgarten begeisterte Familien"},"content":{"rendered":"<p>Ein inklusives Gruppenangebot wurde am Samstag (25. April) im Stadtwald er\u00f6ffnet. Beim &#8222;Tag der offenen T\u00fcr&#8220; hat der neue Hochseilgarten viele Anwesende begeistert <!--more--><br \/>\nViele Familien haben den &#8222;Tag der offenen T\u00fcr&#8220; auf dem Freizeitgel\u00e4nde im Stadtwald genutzt und den neuen inklusiven Hochseilgarten ausprobiert. Er\u00f6ffnet wurde das neue Gruppenangebot der Jugendf\u00f6rderung am Samstag (25. April) von Oberb\u00fcrgermeister Dr. Thomas Spies. Die Sonne strahlte, die Bl\u00e4tter rauschten sanft im Wind und ein Specht werkelte h\u00f6rbar an einem Baum. Neben den Ger\u00e4uschen der Natur waren auf dem Freizeitgel\u00e4nde im Stadtwald am Wochenende vor allem freudige Rufe, ein wiederholendes &#8222;Klick&#8220; und das Surren von Karabinerhaken entlang von Seilen zu h\u00f6ren. Anlass war die Er\u00f6ffnung des neuen inklusiven und multifunktionalen Hochseilgartens.<br \/>\n&#8222;Das Freizeitgel\u00e4nde im Stadtwald ist ein ganz besonderer Platz in Marburg, weil er Kindern und Jugendlichen einen Erlebnisort innerhalb der Natur bietet&#8220;, sagte Oberb\u00fcrgermeister Dr. Thomas Spies zur Er\u00f6ffnung des neuen Hochseilgartens. &#8222;Der neue Hochseilgarten ist f\u00fcr alle nutzbar. Teilnehmende, insbesondere Kinder und Jugendliche, k\u00f6nnen hier an den Herausforderungen wachsen. Wer einmal oben gewesen ist, wei\u00df, dass man danach unten ver\u00e4ndert wieder ankommt. Es ist ein wirklich tolles Projekt, f\u00fcr das ich mich bei allen Beteiligten bedanke.&#8220;<br \/>\nViele Familien haben den Tag der offenen T\u00fcr genutzt, um den Hochseilgarten auszuprobieren und das Freizeitgel\u00e4nde im Stadtwald zu erkunden. Neben der Hauptattraktion gab es mehrere Mitmach-Angebote von Wikinger-Schach \u00fcber Corn-Hole bis hin zu Bogenschie\u00dfen und Disc-Golf-Parcours. Daneben war auch der Verein Slackline Mittelhessen vor Ort. W\u00e4hrend die Profis auf der Highline trainierten, waren mehrere Slacklines in Bodenn\u00e4he zum Ausprobieren f\u00fcr alle gespannt.<br \/>\n&#8222;In der Jugendf\u00f6rderung haben wir bereits viele inklusive Angebote und arbeiten daran, diese stetig zu verbessern und weiter auszubauen&#8220;, berichtete Lars Kietz von der Jugendf\u00f6rderung der Stadt Marburg. &#8222;F\u00fcr den neuen Hochseilgarten haben wir uns vielseitig informiert und beraten lassen.&#8220;<br \/>\nSowohl die Deutsche Blindenstudienanstalt (BliStA) als auch der Verein zur F\u00f6rderung der Inklusion behinderter Menschen (fib) wurden einbezogen sowie die Arbeitsgruppe &#8222;Hochinklusiv&#8220; der ERCA (European Rope Course Association). Die Stadt Marburg hat die ALEA GmbH mit dem Bau beauftragt. Insgesamt hat die Universit\u00e4tsstadt 272.000 Euro in den Hochseilgarten investiert. F\u00fcr die Ausbildung des Personals hat die Stadt eine F\u00f6rderung durch das Hessische Ministerium f\u00fcr Soziales und Integration von 10.000 Euro erhalten.<br \/>\nDer rund sechs Meter hohe Hochseilgarten im Stadtwald eignet sich f\u00fcr Menschen mit und ohne k\u00f6rperliche oder geistige Beeintr\u00e4chtigungen. Er bietet verschiedene Herausforderungen, die eigenst\u00e4ndig oder im Rahmen einer Team-Aufgabe gemeistert werden. Auch Rollstuhlfahrer*innen k\u00f6nnen den Hochseilgarten nutzen. Hinauf geht es sowohl \u00fcber eine Rampe als auch \u00fcber Seilaufz\u00fcge. Wer eine gr\u00f6\u00dfere Herausforderung sucht, nutzt die Kletterwand oder das Kletternetz.<br \/>\nF\u00fcr den Weg nach unten gibt es sogar noch mehr M\u00f6glichkeiten. Neben Rampe, Seilzug und Klettern k\u00f6nnen sich Teilnehmende eine sehr steile Rampe r\u00fcckw\u00e4rts runterlassen oder mit der Seilrutsche runterfahren. Beide Varianten sind auch im Rollstuhl m\u00f6glich. F\u00fcr Menschen mit Muskelschw\u00e4che gibt es eine Gewichtsreduktions-Anlage, die so die Bewegung erleichtert. Daneben gibt es ein Tastmodell f\u00fcr Menschen mit Sehbeeintr\u00e4chtigung. Zudem sind weitere taktile Elemente geplant.<br \/>\n&#8222;Das war eine wirklich sch\u00f6ne Erfahrung heute&#8220;, schw\u00e4rmte Gerd, der gemeinsam mit seiner Familie die Er\u00f6ffnung besuchte. &#8222;Es hat sich einfach und allt\u00e4glich angef\u00fchlt. Unser Sohn hatte Spa\u00df und konnte selbst auch aktiv werden. Das ist toll, dass man hier das Gef\u00fchl hat, wirklich einfach mitmachen zu k\u00f6nnen, auch ohne, dass es daf\u00fcr viel braucht.&#8220; Sein Sohn Edmund sitzt im Rollstuhl. Edmund hat den Hochseilgarten als eines der ersten Kinder w\u00e4hrend der Er\u00f6ffnung ausprobiert.<br \/>\nDer Hochseilgarten steht Gruppen aus Schule, Vereinen, Aus- und Weiterbildung sowie der Jugend- und Behindertenhilfe zur Verf\u00fcgung. Ziel ist dabei, allen Teilnehmenden au\u00dferallt\u00e4gliche, bewegungsorientierte und gemeinschaftliche Erlebnisse zu erm\u00f6glichen. Der Hochseilgarten kann sowohl in p\u00e4dagogisch begleiteten Settings (Marburger Abenteuerprojekt) als auch in der bewegungs- und abenteuerorientierten Freizeitgestaltung genutzt werden. Die Begleitung der Gruppen erfolgt durch qualifizierte und erfahrene Teamer*innen. Mehr Infos dazu finden sich unter <a href=\"http:\/\/www.hausderjugend-marburg.de\/marburger-abenteuer-projekt-map\/\">www.hausderjugend-marburg.de\/marburger-abenteuer-projekt-map\/<\/a>.<br \/>\nBereits seit 2000 ist ein teamorientierter Hochseilgarten Teil des Angebots im Rahmen des &#8222;Marburger Abenteuerprojekts&#8220; (MAP). Dabei begleitet die Jugendf\u00f6rderung der Stadt Marburg unterschiedliche Gruppen aus Schule, Jugend- und Behindertenhilfe sowie Aus- und Weiterbildung. Ziel ist dabei, mit abenteuer- und erlebnisp\u00e4dagogischen Methoden herausfordernde Situationen gemeinsam anzugehen und so pers\u00f6nliche Kompetenzen im individuellen sowie gruppenbezogenen Lernprozess zu f\u00f6rdern.<br \/>\nDie Stadt f\u00f6rdert seit Jahren Inklusion. Das geschieht auch am Freizeitgel\u00e4nde im Stadtwald. Um das Angebot auszuweiten und inklusiver zu gestalten, wurde der Hochseilgarten neu konzipiert. Teilhabe f\u00fcr alle Menschen zu erm\u00f6glichen, ist zudem Bestandteil der UN-Behindertenrechtskonvention (UNBRK) sowie des Kinder- und Jugendst\u00e4rkungsgesetzes (KJSG). Nach dem KJSG m\u00fcssen alle Angebote der Jugendarbeit f\u00fcr junge Menschen mit Behinderung zug\u00e4nglich sein.<\/p>\n<p>* pm: Stadt Marburg<\/p>\n","protected":false},"excerpt":{"rendered":"<p>Ein inklusives Gruppenangebot wurde am Samstag (25. April) im Stadtwald er\u00f6ffnet. Beim &#8222;Tag der offenen T\u00fcr&#8220; hat der neue Hochseilgarten viele Anwesende begeistert<\/p>\n","protected":false},"author":2,"featured_media":0,"comment_status":"closed","ping_status":"open","sticky":false,"template":"","format":"standard","meta":{"advanced_seo_description":"","spay_email":"","jetpack_publicize_message":"","jetpack_is_tweetstorm":false,"jetpack_publicize_feature_enabled":true},"categories":[4,7],"tags":[70,7473,59],"jetpack_featured_media_url":"","jetpack_publicize_connections":[],"jetpack_sharing_enabled":true,"jetpack_shortlink":"https:\/\/wp.me\/p8mhvd-5bI","jetpack-related-posts":[{"id":19889,"url":"http:\/\/marburg.news\/?p=19889","url_meta":{"origin":19946,"position":0},"title":"Inklusiv: Tag der Offenen T\u00fcr im Hochseilgarten","date":"17. April 2026","format":false,"excerpt":"Anl\u00e4sslich der Er\u00f6ffnung des inklusiven und multifunktionalen Hochseilgartens l\u00e4dt die Stadt Marburg zu einem \"Tag der offenen T\u00fcr\" auf das Freizeitgel\u00e4nde im Stadtwald ein. An diesem Tag besteht Gelegenheit, den Hochseilgarten auszuprobieren. Zudem gibt es verschiedene Sport- und Bewegungsangebote auf dem Freizeitgel\u00e4nde. B\u00fcrgermeisterin Nadine Bernshausen l\u00e4dt zur Er\u00f6ffnung des neuen\u2026","rel":"","context":"In &quot;Soziales&quot;","img":{"alt_text":"","src":"","width":0,"height":0},"classes":[]},{"id":11457,"url":"http:\/\/marburg.news\/?p=11457","url_meta":{"origin":19946,"position":1},"title":"Selbst gebaut: Neue Kletteranlage im Stadtwald","date":"14. Dezember 2022","format":false,"excerpt":"Einen Kletterparcours haben Kinder auf dem Freizeitgel\u00e4nde im Stadtwald gebaut. Damit ist es um eine Attraktion reicher. Auf dem Freizeitgel\u00e4nde im Stadtwald gibt es einen neuen Parcours: Auf schwingenden Holzelementen k\u00f6nnen Balance und Motorik ge\u00fcbt werden. Gebaut wurde der Parcours von Kindern im Rahmen eines Projekts an f\u00fcnf Tagen in\u2026","rel":"","context":"In &quot;Bildung&quot;","img":{"alt_text":"","src":"","width":0,"height":0},"classes":[]},{"id":7133,"url":"http:\/\/marburg.news\/?p=7133","url_meta":{"origin":19946,"position":2},"title":"Freizeitgel\u00e4nde frei: Stadt \u00f6ffnet Gel\u00e4nde f\u00fcr Familien","date":"31. Mai 2021","format":false,"excerpt":"Das Freizeitgel\u00e4nde im Stadtwald \u00f6ffnet f\u00fcr Marburger B\u00fcrger und Familien. Dort k\u00f6nnen sie zusammensein mit Infektionsschutzregeln. Das Wetter wird sch\u00f6ner. Das zieht Marburgs Bev\u00f6lkerung an die frische Luft. Aus Infektionsschutzgr\u00fcnden ist das sinnvoll, denn drau\u00dfen ist das Ansteckungsrisiko mit Covid 19 deutlich geringer als in Innenr\u00e4umen. Daher gibt es insbesondere\u2026","rel":"","context":"In &quot;Gute Nachricht&quot;","img":{"alt_text":"","src":"","width":0,"height":0},"classes":[]},{"id":816,"url":"http:\/\/marburg.news\/?p=816","url_meta":{"origin":19946,"position":3},"title":"Geschraubt und geh\u00e4mmert: Elf Pharmaserv-Azubis arbeiteten auf Freizeitgel\u00e4nde","date":"5. Juli 2017","format":false,"excerpt":"Elf Auszubildende von Pharmaserv haben eine Woche lang auf dem Freizeitgel\u00e4nde der Universit\u00e4tsstadt Marburg im Stadtwald geh\u00e4mmert, gebohrt, geschraubt, gezimmert und Leitungen gelegt. Das taten sie ehrenamtlich im Rahmen ihres j\u00e4hrlichen Praxisprojekts. \"Ich freue mich sehr dar\u00fcber, dass die Auszubildenden diesen tollen Beitrag zum Ausbau unseres Gel\u00e4ndes geleistet haben\", sagte\u2026","rel":"","context":"In &quot;Soziales&quot;","img":{"alt_text":"","src":"","width":0,"height":0},"classes":[]},{"id":12463,"url":"http:\/\/marburg.news\/?p=12463","url_meta":{"origin":19946,"position":4},"title":"Neue Terrasse: Jugendliche leisteten Sozialstunden ab","date":"27. April 2023","format":false,"excerpt":"Eine neu Terrasse wurde im Stadtwald er\u00f6ffnet. Entstanden ist sie als Ferienprojekt von Jugendlichen. Zehn Jugendliche haben unter fachkundiger Anleitung neue Sitzpl\u00e4tze auf dem Freizeitgel\u00e4nde im Stadtwald gebaut. Mit Arbeitsstunden, die sie aufgrund von Jugendstrafverfahren ableisten mussten, haben sie einen echten Mehrwert f\u00fcr das Gel\u00e4nde geschaffen und einen sinnvollen Beitrag\u2026","rel":"","context":"In &quot;Soziales&quot;","img":{"alt_text":"","src":"","width":0,"height":0},"classes":[]},{"id":11506,"url":"http:\/\/marburg.news\/?p=11506","url_meta":{"origin":19946,"position":5},"title":"JuF\u00f6-Programm: 2023 wird bunt und vielf\u00e4ltig","date":"22. Dezember 2022","format":false,"excerpt":"Das Jahresprogramm der Jugendf\u00f6rderung ist online. 2023 wird bunt und vielf\u00e4ltig. Das neue Jahresprogramm der Jugendf\u00f6rderung der Universit\u00e4tsstadt Marburg h\u00e4lt auch 2023 wieder zahlreiche Angebote f\u00fcr Kinder und Jugendliche bereit. Sie k\u00f6nnen kochen, basteln, Ausfl\u00fcge unternehmen, Abenteuertage erleben oder an der Inklusionsfreizeit teilnehmen: Eine \u00dcbersicht aller Angebote findet sich online\u2026","rel":"","context":"In &quot;Kultur&quot;","img":{"alt_text":"","src":"","width":0,"height":0},"classes":[]}],"_links":{"self":[{"href":"http:\/\/marburg.news\/index.php?rest_route=\/wp\/v2\/posts\/19946"}],"collection":[{"href":"http:\/\/marburg.news\/index.php?rest_route=\/wp\/v2\/posts"}],"about":[{"href":"http:\/\/marburg.news\/index.php?rest_route=\/wp\/v2\/types\/post"}],"author":[{"embeddable":true,"href":"http:\/\/marburg.news\/index.php?rest_route=\/wp\/v2\/users\/2"}],"replies":[{"embeddable":true,"href":"http:\/\/marburg.news\/index.php?rest_route=%2Fwp%2Fv2%2Fcomments&post=19946"}],"version-history":[{"count":0,"href":"http:\/\/marburg.news\/index.php?rest_route=\/wp\/v2\/posts\/19946\/revisions"}],"wp:attachment":[{"href":"http:\/\/marburg.news\/index.php?rest_route=%2Fwp%2Fv2%2Fmedia&parent=19946"}],"wp:term":[{"taxonomy":"category","embeddable":true,"href":"http:\/\/marburg.news\/index.php?rest_route=%2Fwp%2Fv2%2Fcategories&post=19946"},{"taxonomy":"post_tag","embeddable":true,"href":"http:\/\/marburg.news\/index.php?rest_route=%2Fwp%2Fv2%2Ftags&post=19946"}],"curies":[{"name":"wp","href":"https:\/\/api.w.org\/{rel}","templated":true}]}}