{"id":19943,"date":"2026-04-27T10:40:00","date_gmt":"2026-04-27T08:40:00","guid":{"rendered":"http:\/\/marburg.news\/?p=19943"},"modified":"2026-04-27T10:40:00","modified_gmt":"2026-04-27T08:40:00","slug":"am-fahrradlenker-kilometer-sammeln-beim-stadtradeln","status":"publish","type":"post","link":"http:\/\/marburg.news\/?p=19943","title":{"rendered":"Am Fahrradlenker: Kilometer sammeln beim Stadtradeln"},"content":{"rendered":"<p>Gemeinsam auf dem Rad Kilometer sammeln k\u00f6nnen Fahrradfans beim &#8222;Stadtradeln&#8220; vom 3. bis 23. Mai. Tun k\u00f6nnen sie das beim Einkaufen, auf dem Weg zur Arbeit oder in der Freizeit. <!--more--><br \/>\nWer Wege auf dem Fahrrad zur\u00fccklegt, kann das ab Sonntag (3. Mai) 21 Tage lang f\u00fcr die bundesweite Aktion &#8222;Stadtradeln&#8220; nutzen und Kilometer f\u00fcr die eigene Kommune sammeln. Die Stadt Marburg beteiligt sich wieder am &#8222;Stadtradeln&#8220; und l\u00e4dt zum Mitmachen ein. Beim Stadtradeln k\u00f6nnen alle f\u00fcr Marburg antreten, die in der Universit\u00e4tsstadt wohnen oder arbeiten, einem Marburger Verein angeh\u00f6ren oder eine Schule beziehungsweise Hochschule in Marburg besuchen.<br \/>\nDie Anmeldung erfolgt online. Teilnehmende k\u00f6nnen bestehenden Teams beitreten oder eigene Gruppen gr\u00fcnden &#8211; bereits ab zwei Personen ist ein Team m\u00f6glich. Alternativ steht ein &#8222;offenes Team&#8220; zur Verf\u00fcgung.<br \/>\nW\u00e4hrend des dreiw\u00f6chigen Aktionszeitraums von Sonntag (3. Mai) bis Samstag (23. Mai) werden alle geradelten Kilometer erfasst. Das geschieht entweder online im Kilometerbuch oder \u00fcber die &#8222;Stadtradeln&#8220;-App. Dabei spielt es keine Rolle, wo die Kilometer zur\u00fcckgelegt werden. Ausgezeichnet werden im Anschluss wieder die aktivsten Kommunen und Teams.<br \/>\nDas Ziel der Kampagne ist, m\u00f6glichst viele Menschen f\u00fcr das Fahrradfahren im Alltag zu begeistern und so die Kohlendioxid-Emissionen f\u00fcr den Klimaschutz zu verringern. Gemeinsam aktiv zu sein und Spa\u00df zu haben geh\u00f6ren ebenfalls dazu. Das Begleitprogramm mit Aktionen und Radtouren ist online zu finden auf der &#8222;Stadtradeln&#8220;-Seite des Landkreises Marburg-Biedenkopf unter <a href=\"http:\/\/www.stadtradeln.de\/landkreis-marburg-biedenkopf\">www.stadtradeln.de\/landkreis-marburg-biedenkopf<\/a>. Die Registrierung f\u00fcr die Stadt Marburg erfolgt entweder online \u00fcber <a href=\"http:\/\/www.stadtradeln.de\/marburg\">www.stadtradeln.de\/marburg<\/a> oder \u00fcber die &#8222;Stadtradeln&#8220;-App.<\/p>\n<p>* pm: Stadt Marburg<\/p>\n","protected":false},"excerpt":{"rendered":"<p>Gemeinsam auf dem Rad Kilometer sammeln k\u00f6nnen Fahrradfans beim &#8222;Stadtradeln&#8220; vom 3. bis 23. Mai. Tun k\u00f6nnen sie das beim Einkaufen, auf dem Weg zur Arbeit oder in der Freizeit.<\/p>\n","protected":false},"author":2,"featured_media":0,"comment_status":"closed","ping_status":"open","sticky":false,"template":"","format":"standard","meta":{"advanced_seo_description":"","spay_email":"","jetpack_publicize_message":"","jetpack_is_tweetstorm":false,"jetpack_publicize_feature_enabled":true},"categories":[7],"tags":[259,506,1383],"jetpack_featured_media_url":"","jetpack_publicize_connections":[],"jetpack_sharing_enabled":true,"jetpack_shortlink":"https:\/\/wp.me\/p8mhvd-5bF","jetpack-related-posts":[{"id":15759,"url":"http:\/\/marburg.news\/?p=15759","url_meta":{"origin":19943,"position":0},"title":"Radeln und sammeln: Stadt ruft zur Teilnahme an Klima-Kampagne auf","date":"7. Juni 2024","format":false,"excerpt":"Beim Marburger \"Stadtradeln 2024\" k\u00f6nnen Fahrrad-Fans in die Pedale treten und das Klima sch\u00fctzen. Die Stadt unterst\u00fctzt die Kampagne f\u00fcr eine nachhaltige Zukunft. Auch 2024 ruft die Stadt Marburg wieder zur Teilnahme an der Klima-B\u00fcndnis-Kampagne \"Stadtradeln\" auf. Von Samstag (15. Juni) bis Freitag (5. Juli) k\u00f6nnen Marburgerinnen und Marburger f\u00fcr\u2026","rel":"","context":"In &quot;Politik&quot;","img":{"alt_text":"","src":"","width":0,"height":0},"classes":[]},{"id":7659,"url":"http:\/\/marburg.news\/?p=7659","url_meta":{"origin":19943,"position":1},"title":"Zweimal um die Welt: Kilometer sammeln beim Stadtradeln","date":"26. August 2021","format":false,"excerpt":"Marburg m\u00f6chte zweimal um die Welt radeln. Das ist das Ziel f\u00fcr das \"Stadtradeln\" 2021. \"Radeln f\u00fcr ein gutes Klima\" lautet das Motto der Aktion \"Stadtradeln\". Auch 2021 nimmt die Universit\u00e4tsstadt Marburg daran teil. Von Montag (30. August) bis Sonntag (19. September) wird im Landkreis Marburg-Biedenkopf f\u00fcr mehr Umwelt- und\u2026","rel":"","context":"In &quot;Politik&quot;","img":{"alt_text":"","src":"","width":0,"height":0},"classes":[]},{"id":12712,"url":"http:\/\/marburg.news\/?p=12712","url_meta":{"origin":19943,"position":2},"title":"Gefahren: Marburg beteiligt sich am Stadtradeln","date":"31. Mai 2023","format":false,"excerpt":"Vom 5. bis 25. Juni nimmt Marburg am \"STADTRADELN\" teil. Marburger*innen radeln dann wieder f\u00fcr ein gutes Klima. Die Klima-B\u00fcndnis-Kampagne STADTRADELN geht in die n\u00e4chste Runde. Am Montag (5. Juni) geht es los mit dem STADTRADELN 2023 in Marburg. Bis Sonntag (25. Juni) hei\u00dft es dann, m\u00f6glichst viele Wege klimafreundlich\u2026","rel":"","context":"In &quot;Politik&quot;","img":{"alt_text":"","src":"","width":0,"height":0},"classes":[]},{"id":18143,"url":"http:\/\/marburg.news\/?p=18143","url_meta":{"origin":19943,"position":3},"title":"Mit gutem Rad: Stadtradeln ist noch bis 13. Mai M\u00f6glich","date":"6. Juni 2025","format":false,"excerpt":"Eine Teilnahme am \"Stadtradeln\" ist noch bis Freitag (13. Juni) m\u00f6glich. Bei dieser Aktion radeln die Teilnehmenden f\u00fcr ein gutes Klima. F\u00fcr Klimaschutz und mehr Lebensqualit\u00e4t findet zur Zeit das Stadtradeln 2025 statt. Noch bis Freitag (13. Juni) k\u00f6nnen Einzelpersonen und Teams Kilometer auf dem Fahrrad sammeln. In Marburg haben\u2026","rel":"","context":"In &quot;Soziales&quot;","img":{"alt_text":"","src":"","width":0,"height":0},"classes":[]},{"id":19868,"url":"http:\/\/marburg.news\/?p=19868","url_meta":{"origin":19943,"position":4},"title":"Rad verkl\u00e4rt: Kreis beteiligt sich beim Stadtradeln","date":"14. April 2026","format":false,"excerpt":"Auch 2026 ist der Landkreis wieder beim \"Stadtradeln\" dabei. Gemeinsam k\u00f6nnen Radelnde dort klimafreundlich Kilometer sammeln. Der Landkreis Marburg-Biedenkopf beteiligt sich auch in diesem Jahr wieder am internationalen Wettbewerb \"STADTRADELN\". Vom 3. bis 23. Mai sind B\u00fcrgerinnen und B\u00fcrger, Kommunalpolitikerinnen und -politiker, Vereine, Unternehmen und Schulen eingeladen, m\u00f6glichst viele Wege\u2026","rel":"","context":"In &quot;Soziales&quot;","img":{"alt_text":"","src":"","width":0,"height":0},"classes":[]},{"id":18028,"url":"http:\/\/marburg.news\/?p=18028","url_meta":{"origin":19943,"position":5},"title":"Auf das Fahrrad: Kreis bietet Veranstaltungen zum Stadtradeln","date":"20. Mai 2025","format":false,"excerpt":"\"Ab aufs Rad!\" hei\u00dft es beim \"STADTRADELN\" 2025. Der Kreis l\u00e4dt zu ereignisreichen Touren ein. Der Landkreis Marburg-Biedenkopf geht von Samstag (24. Mai) bis Freitag (13. Juni) wieder gemeinsam mit seinen B\u00fcrgerinnen und B\u00fcrgern sowie zahlreichen Kommunen an den Start beim \"STADTRADELN\" - der bundesweiten Kampagne f\u00fcr nachhaltige Mobilit\u00e4t. Die\u2026","rel":"","context":"In &quot;Politik&quot;","img":{"alt_text":"","src":"","width":0,"height":0},"classes":[]}],"_links":{"self":[{"href":"http:\/\/marburg.news\/index.php?rest_route=\/wp\/v2\/posts\/19943"}],"collection":[{"href":"http:\/\/marburg.news\/index.php?rest_route=\/wp\/v2\/posts"}],"about":[{"href":"http:\/\/marburg.news\/index.php?rest_route=\/wp\/v2\/types\/post"}],"author":[{"embeddable":true,"href":"http:\/\/marburg.news\/index.php?rest_route=\/wp\/v2\/users\/2"}],"replies":[{"embeddable":true,"href":"http:\/\/marburg.news\/index.php?rest_route=%2Fwp%2Fv2%2Fcomments&post=19943"}],"version-history":[{"count":0,"href":"http:\/\/marburg.news\/index.php?rest_route=\/wp\/v2\/posts\/19943\/revisions"}],"wp:attachment":[{"href":"http:\/\/marburg.news\/index.php?rest_route=%2Fwp%2Fv2%2Fmedia&parent=19943"}],"wp:term":[{"taxonomy":"category","embeddable":true,"href":"http:\/\/marburg.news\/index.php?rest_route=%2Fwp%2Fv2%2Fcategories&post=19943"},{"taxonomy":"post_tag","embeddable":true,"href":"http:\/\/marburg.news\/index.php?rest_route=%2Fwp%2Fv2%2Ftags&post=19943"}],"curies":[{"name":"wp","href":"https:\/\/api.w.org\/{rel}","templated":true}]}}