{"id":19942,"date":"2026-04-27T10:15:00","date_gmt":"2026-04-27T08:15:00","guid":{"rendered":"http:\/\/marburg.news\/?p=19942"},"modified":"2026-04-27T10:15:00","modified_gmt":"2026-04-27T08:15:00","slug":"im-kunstmuseum-retrospektive-wuerdigt-katharina-natalie-eitel","status":"publish","type":"post","link":"http:\/\/marburg.news\/?p=19942","title":{"rendered":"Im Kunstmuseum: Retrospektive w\u00fcrdigt Katharina Natalie Eitel"},"content":{"rendered":"<p>Eine gro\u00dfe Retrospektive w\u00fcrdigt Katharina Natalie Eitel. Die neue Sonderausstellung im Kunstmuseum Marburg wurde am Sonntag (26. April) er\u00f6ffnet. <!--more--><br \/>\nErstmals werden in einer umfangreichen Retrospektive gro\u00dfe Teile des Gesamtwerks der Marburger K\u00fcnstlerin Katharina Natalie Eitel gezeigt. In mehreren S\u00e4len zeigt das Kunstmuseum Marburg einen \u00dcberblick \u00fcber das vielf\u00e4ltige Schaffen mit weit mehr als einhundert Exponaten. Am Sonntag (26. April) wurde die Ausstellung er\u00f6ffnet.<br \/>\nEitel war in den \u00fcber vierzig Jahren ihrer k\u00fcnstlerischen T\u00e4tigkeit mit vielbeachteten und gro\u00dffl\u00e4chigen Papierinstallationen der Werkreihe &#8222;zeithaut&#8220; in Museen, einer Kirche und anderen Ausstellungsorten an die \u00d6ffentlichkeit getreten. Nur selten aber hatte sie einzelne Werke der Malerei oder Zeichnungen, ihre Objekte und experimentelle Papierkunst ausgestellt. Die Sichtung ihres Nachlasses brachte eine schier unersch\u00f6pfliche F\u00fclle an Werken ans Licht.<br \/>\n&#8222;Die gro\u00dfe Experimentierfreude Katharina Natalie Eitels h\u00e4lt f\u00fcr das Publikum manche \u00dcberraschung bereit&#8220;, versprach Museumsdirektor Dr. Christoph Otterbeck. &#8222;Bilder, W\u00f6rter und Zeichen auf Papier und aus Papier charakterisieren das Werk einer hochgradig sensiblen K\u00fcnstlerpers\u00f6nlichkeit, das neben einem Feuerwerk an Farben die Konzentration auf grundlegende Formen und reduzierte Farbakzente kennt.&#8220;<br \/>\nIn der aktuellen Ausstellung werden eine Auswahl ihrer in London entstandenen Kost\u00fcme, gro\u00dfformatige Skizzenb\u00fccher, handgesch\u00f6pfte Papiere mit Zeichnungen und Malereien, Papierkunstwerke, Bilder in Marmoriertechnik, Lichtbilder und Ergebnisse der k\u00fcnstlerischen Besch\u00e4ftigung mit zentralen Themen wie Dialog, Gef\u00e4\u00df, Landschaft, Vergangenheit und K\u00f6rper zu sehen sein. Als Beispiel f\u00fcr die Rauminstallationen wird das &#8222;Sternenzelt&#8220; aus vielen handgesch\u00f6pften Papieren mit unterschiedlichen, farbig marmorierten Sternen f\u00fcr die Ausstellung wieder errichtet, das Katharina N. Eitel unter dem Titel &#8222;1001 Sterne f\u00fcr Jerusalem &#8211; der Himmel \u00fcber Jerusalem ist unteilbar&#8220; 1996 in Marburg zeigte und 2002 in anderer Form im Klingspor Museum Offenbach pr\u00e4sentierte.<br \/>\nZur Ausstellung erscheint eine \u00fcber 280 Seiten starke Publikation im Sandstein Kultur Verlag. Ein kleiner Teil der Auflage wird durch die Beigabe von Originalwerken den Charakter einer Edition erhalten.<br \/>\nDer k\u00fcnstlerische Nachlass von Katharina N. Eitel befindet sich im Eigentum der &#8211; von ihr ins Leben gerufenen &#8211; gemeinn\u00fctzigen und wohlt\u00e4tigen Stiftung &#8222;HOFFNUNG13&#8220;, die seit 2017 \u00fcber 18 gro\u00dfe internationale Projekte mitfinanzierte, in denen Kindern und Jugendlichen in Kriegs- und Krisengebieten musische Angebote zur \u00dcberwindung ihrer Traumata gemacht werden. Eine Auswahl der ausgestellten Werke bietet die Stiftung nach der Ausstellung zum Verkauf an, die Erl\u00f6se kommen vollst\u00e4ndig dem Stiftungszweck zugute.<br \/>\nAm Sonntag (17. Mai) und am Samstag, 20. Juni, bietet das Kunstmuseum um jeweils 15 Uhr eine F\u00fchrung durch die Ausstellung an.<br \/>\nAm Samstag (6. Juni) finden in Kooperation mit dem Papierwerk Glockenbach zwei Workshops (um 11 Uhr und 14:30 Uhr) zum Thema Papiersch\u00f6pfen statt. Diese Angebote sind mit g\u00fcltiger Eintrittskarte kostenlos, um Anmeldung an bildung.museum@uni-marburg.de oder telefonisch unter 06421\/28-22631 wird gebeten.<br \/>\nDie Ausstellung ist montags und mittwochs bis sonntags von 11 bis 17 Uhr sowie jeweils am letzten Donnerstag im Monat von 11 bis 21 Uhr zu sehen. Der Eintritt kostet f\u00fcnf Euro sowie erm\u00e4\u00dfigt drei Euro.<\/p>\n<p>* pm: Philipps-Universit\u00e4t Marburg<\/p>\n","protected":false},"excerpt":{"rendered":"<p>Eine gro\u00dfe Retrospektive w\u00fcrdigt Katharina Natalie Eitel. Die neue Sonderausstellung im Kunstmuseum Marburg wurde am Sonntag (26. April) er\u00f6ffnet.<\/p>\n","protected":false},"author":2,"featured_media":0,"comment_status":"closed","ping_status":"open","sticky":false,"template":"","format":"standard","meta":{"advanced_seo_description":"","spay_email":"","jetpack_publicize_message":"","jetpack_is_tweetstorm":false,"jetpack_publicize_feature_enabled":true},"categories":[3,2,4],"tags":[216,7492,7493],"jetpack_featured_media_url":"","jetpack_publicize_connections":[],"jetpack_sharing_enabled":true,"jetpack_shortlink":"https:\/\/wp.me\/p8mhvd-5bE","jetpack-related-posts":[{"id":19921,"url":"http:\/\/marburg.news\/?p=19921","url_meta":{"origin":19942,"position":0},"title":"Gespr\u00e4chsstoff: Retrospektive w\u00fcrdigt Katharina Natalie Eitel","date":"22. April 2026","format":false,"excerpt":"Eine gro\u00dfe Retrospektive w\u00fcrdigt Katharina Natalie Eitel. Die neue Sonderausstellung im Kunstmuseum Marburg findet von Sonntag (26. April) bis Freitag (12. Juli) statt. Mit der neuen Sonderausstellung \"sehen ? innehalten ? werden. Katharina Natalie Eitel\" werfen das Museum f\u00fcr Kunst und Kulturgeschichte der Philipps-Universit\u00e4t Marburg und die \"Stiftung HOFFNUNG13\" einen\u2026","rel":"","context":"In &quot;Kultur&quot;","img":{"alt_text":"","src":"","width":0,"height":0},"classes":[]},{"id":1284,"url":"http:\/\/marburg.news\/?p=1284","url_meta":{"origin":19942,"position":1},"title":"Sp\u00e4te Entnazifizierung: &#8222;Walter-Vo\u00df-Weg&#8220; wird &#8222;Katharina-Eitel-Weg&#8220;","date":"4. November 2017","format":false,"excerpt":"Der bisherige \"Walter-Vo\u00df-Weg\" wird in \"Katharina-Eitel-Weg\" umbenannt. Die Enth\u00fcllung des neuen Stra\u00dfenschilds werden Oberb\u00fcrgermeister Dr. Thomas Spies und Stadtverordnetenvorsteherin Marianne W\u00f6lk am Dienstag (7. November) um 11 Uhr vornehmen. der Magistrat und die Stadtverordnetenversammlung (StVV) haben beschlossen, dass s\u00e4mtliche gegen\u00fcber Walter Vo\u00df erteilten Ehrungen aufgrund seiner aktiven Unterst\u00fctzung des nationalsozialistischen\u2026","rel":"","context":"In &quot;Politik&quot;","img":{"alt_text":"","src":"","width":0,"height":0},"classes":[]},{"id":11648,"url":"http:\/\/marburg.news\/?p=11648","url_meta":{"origin":19942,"position":2},"title":"Ausblicke des Jahres: Programm des Kunstmuseums f\u00fcr 2023","date":"10. Januar 2023","format":false,"excerpt":"Bunt und vielf\u00e4ltig ist das Jahresprogramm des Kunstmuseums f\u00fcr 2023. Einen Ausblick darauf hat das Museum am Dienstag (10. Januar) gegeben. Im Kunstmuseum Marburg stehen f\u00fcr 2023 zahlreiche Ausstellungen im Kalender und bringen neue Perspektiven. Noch bis Sonntag (22. Januar) sind die r\u00e4tselhaften Schattenwelten von Hans Schohl zu sehen. Ab\u2026","rel":"","context":"In &quot;Kultur&quot;","img":{"alt_text":"","src":"","width":0,"height":0},"classes":[]},{"id":15038,"url":"http:\/\/marburg.news\/?p=15038","url_meta":{"origin":19942,"position":3},"title":"Unterst\u00fctzung f\u00fcr Ubbelohde: Kunstmuseum verl\u00e4ngert Ausstellung bis 7. April","date":"22. Februar 2024","format":false,"excerpt":"Das Kunstmuseum verl\u00e4ngert seine Ubbelohde-Ausstellung. Die Landschaftsmalerei Otto Ubbelohdes ist noch bis Sonntag (7. April) zu sehen. Sie ist die gr\u00f6\u00dfte Ausstellung der vergangenen Jahre im Kunstmuseum der Philipps-Universit\u00e4t und einer der gr\u00f6\u00dften Publikumsmagneten. Deshalb verl\u00e4ngert das Museum die Schau \"Die Landschaft Ubbelohdes - hier und jetzt\". Bis zum 7.\u2026","rel":"","context":"In &quot;Kultur&quot;","img":{"alt_text":"","src":"","width":0,"height":0},"classes":[]},{"id":3327,"url":"http:\/\/marburg.news\/?p=3327","url_meta":{"origin":19942,"position":4},"title":"Erfolgreich war&#8217;s: Deutscher Fundraising Preis geht an Marburger Kunstmuseum","date":"14. M\u00e4rz 2019","format":false,"excerpt":"Mit dem Deutschen Fundraising-Preis 2019 wird die Spendenkampagne \u201eKunst braucht Raum \u2013 Mehr Museum f\u00fcr Marburg\u201c ausgezeichnet. Mit dem dabei gesammelten Geld wurde das Kunstmuseum wiederer\u00f6ffnet. Die Kampagne habe \u201emit geringem Budget in einer kleinen Stadt wie Marburg mit einem studentischen Team in f\u00fcnf Jahren 1,25 Millionen Euro an Spenden\u2026","rel":"","context":"In &quot;Bildung&quot;","img":{"alt_text":"","src":"","width":0,"height":0},"classes":[]},{"id":11775,"url":"http:\/\/marburg.news\/?p=11775","url_meta":{"origin":19942,"position":5},"title":"Gemeinsam sehen: Das digitale Bild in der Architektur","date":"27. Januar 2023","format":false,"excerpt":"Ein kooperatives Forschungsprojekt pr\u00e4sentiert Ergebnisse im Kunstmuseum Marburg. Die Ausstellung \"Architecture Transformed\" l\u00e4uft ab Donnerstag (9. Februar). Die Ausstellung \"\"Architecture Transformed - Das digitale Bild in der Architektur 1980 - 2020\" bildet den Abschluss des Forschungsprojekts \"Architecture Transformed - Architekturprozesse im digitalen Bildraum\", das von 2019 bis 2022 in Zusammenarbeit\u2026","rel":"","context":"In &quot;Bildung&quot;","img":{"alt_text":"","src":"","width":0,"height":0},"classes":[]}],"_links":{"self":[{"href":"http:\/\/marburg.news\/index.php?rest_route=\/wp\/v2\/posts\/19942"}],"collection":[{"href":"http:\/\/marburg.news\/index.php?rest_route=\/wp\/v2\/posts"}],"about":[{"href":"http:\/\/marburg.news\/index.php?rest_route=\/wp\/v2\/types\/post"}],"author":[{"embeddable":true,"href":"http:\/\/marburg.news\/index.php?rest_route=\/wp\/v2\/users\/2"}],"replies":[{"embeddable":true,"href":"http:\/\/marburg.news\/index.php?rest_route=%2Fwp%2Fv2%2Fcomments&post=19942"}],"version-history":[{"count":0,"href":"http:\/\/marburg.news\/index.php?rest_route=\/wp\/v2\/posts\/19942\/revisions"}],"wp:attachment":[{"href":"http:\/\/marburg.news\/index.php?rest_route=%2Fwp%2Fv2%2Fmedia&parent=19942"}],"wp:term":[{"taxonomy":"category","embeddable":true,"href":"http:\/\/marburg.news\/index.php?rest_route=%2Fwp%2Fv2%2Fcategories&post=19942"},{"taxonomy":"post_tag","embeddable":true,"href":"http:\/\/marburg.news\/index.php?rest_route=%2Fwp%2Fv2%2Ftags&post=19942"}],"curies":[{"name":"wp","href":"https:\/\/api.w.org\/{rel}","templated":true}]}}