{"id":19941,"date":"2026-04-27T10:10:00","date_gmt":"2026-04-27T08:10:00","guid":{"rendered":"http:\/\/marburg.news\/?p=19941"},"modified":"2026-04-27T10:10:00","modified_gmt":"2026-04-27T08:10:00","slug":"am-fahnenmast-drei-termine-neben-dauerbeflaggung","status":"publish","type":"post","link":"http:\/\/marburg.news\/?p=19941","title":{"rendered":"Am Fahnenmast: Drei Termine neben Dauerbeflaggung"},"content":{"rendered":"<p>F\u00fcnf Beflaggungstermine im Mai hat die Universit\u00e4tsstadt Marburg am Montag (27. April) angek\u00fcndigt. Dar\u00fcber hinaus gibt es bis zum Jahresende eine Dauerbeflaggung aller \u00f6ffentlichen Geb\u00e4ude in Hessen. <!--more--><br \/>\nZu besonderen Anl\u00e4ssen wie Gedenk- oder Aktionstagen hisst die Universit\u00e4tsstadt Marburg an allen st\u00e4dtischen Geb\u00e4uden sowie dem historischen Rathaus die st\u00e4dtische Flagge. Damit m\u00f6chte die Stadt auf die Bedeutung der jeweiligen Aktionstage aufmerksam machen. Bis zum 31. Dezember 2026 werden die bisherigen Beflaggungstermine aller \u00f6ffentlichen Geb\u00e4ude in Hessen durch eine Dauerbeflaggung ersetzt.<br \/>\nAnl\u00e4sslich des 80-j\u00e4hrigen Bestehens des Landes Hessen bleiben seit dem 24. M\u00e4rz die Landesflagge, die Bundesflagge und die Europaflagge gehisst. Die Reihenfolge der Flaggen (mit Blick auf das Geb\u00e4ude, von links nach rechts) ist: Landesflagge (Landesdienstflagge), Bundesflagge, Europaflagge. Die Dauerbeflaggung endet bei Einbruch der Dunkelheit am 31. Dezember.<br \/>\nDrei Beflaggungen im Mai finden sich in der Dauerbeflaggung wieder: Das sind die Beflaggung zum &#8222;Tag der Arbeit&#8220; am 1. Mai, die Beflaggung zum &#8222;Europatag&#8220; am 9. Mai und die Beflaggung zum Jahrestag der Verk\u00fcndung des Grundgesetzes am 23. Mai. An drei Tagen im Mai gibt es am Marburger Rathaus noch eine zus\u00e4tzliche Beflaggung am vierten Fahnenmast.<br \/>\nZum Gedenken an den &#8222;Tag der Befreiung&#8220; wird am Freitag (8. Mai) die st\u00e4dtische Flagge gehisst. Der &#8222;Tag der Befreiung&#8220; erinnert an die bedingungslose Kapitulation der Wehrmacht am 8. Mai 1945, das Ende des Zweiten Weltkriegs in Europa sowie die Befreiung vom Nationalsozialismus.<br \/>\nAnl\u00e4sslich des Europatags am 9. Mai wird zus\u00e4tzlich zur Bundes-, Landes- und Europaflagge am Rathaus die st\u00e4dtische Flagge gehisst. Die Beflaggung ist ein Zeichen f\u00fcr Frieden und Einheit in Europa. Der Europatag markiert den Jahrestag der Schuman-Erkl\u00e4rung. Der damalige franz\u00f6sische Au\u00dfenminister Robert Schuman hielt an diesem Tag im Jahr 1950 in Paris eine Rede, in der er seine Vorstellungen von einer neuen Form der politischen Zusammenarbeit in Europa beschrieb. Schumans Vorschlag gilt als Auftakt zu dem, was heute die Europ\u00e4ische Union (EU) ist.<br \/>\nZum Internationalen Aktionstag f\u00fcr Frauengesundheit am Donnerstag (28. Mai) wird die st\u00e4dtische Flagge am Rathaus gehisst. Am Tag der Frauengesundheit wird auf die Bedeutung der psychischen und physischen Gesundheit &#8211; aber auch auf Gewalt an Frauen &#8211; aufmerksam gemacht.<\/p>\n<p>* pm: Stadt Marburg<\/p>\n","protected":false},"excerpt":{"rendered":"<p>F\u00fcnf Beflaggungstermine im Mai hat die Universit\u00e4tsstadt Marburg am Montag (27. April) angek\u00fcndigt. Dar\u00fcber hinaus gibt es bis zum Jahresende eine Dauerbeflaggung aller \u00f6ffentlichen Geb\u00e4ude in Hessen.<\/p>\n","protected":false},"author":2,"featured_media":0,"comment_status":"closed","ping_status":"open","sticky":false,"template":"","format":"standard","meta":{"advanced_seo_description":"","spay_email":"","jetpack_publicize_message":"","jetpack_is_tweetstorm":false,"jetpack_publicize_feature_enabled":true},"categories":[2,4],"tags":[3851,4579,88],"jetpack_featured_media_url":"","jetpack_publicize_connections":[],"jetpack_sharing_enabled":true,"jetpack_shortlink":"https:\/\/wp.me\/p8mhvd-5bD","jetpack-related-posts":[{"id":19076,"url":"http:\/\/marburg.news\/?p=19076","url_meta":{"origin":19941,"position":0},"title":"Beflaggung: Verfassung, Behinderten- und Menschenrechte","date":"21. November 2025","format":false,"excerpt":"Die Beflaggungstermine ihrer \u00f6ffentlichen Geb\u00e4ude im Dezember 2025 hat die Stadt Marburg am Freitag (21. November) angek\u00fcndigt. Drei Anl\u00e4sse werden dabei gew\u00fcrdigt. Die Universit\u00e4tsstadt Marburg hisst zu besonderen Anl\u00e4ssen wie Gedenk- oder Aktionstagen an allen st\u00e4dtischen Geb\u00e4uden sowie dem historischen Rathaus die st\u00e4dtische Flagge. Damit m\u00f6chte Marburg auf die Bedeutung\u2026","rel":"","context":"In &quot;Politik&quot;","img":{"alt_text":"","src":"","width":0,"height":0},"classes":[]},{"id":15710,"url":"http:\/\/marburg.news\/?p=15710","url_meta":{"origin":19941,"position":1},"title":"Zur Beflaggung angek\u00fcndigt: F\u00fcnf Aktions- oder Gedenktage im Juni","date":"3. Juni 2024","format":false,"excerpt":"Die Beflaggungstermine im Juni hat die Universit\u00e4tsstadt Marburg am Montag (3. Juni) bekanntgegeben. Insgesamt werden st\u00e4dtische Geb\u00e4ude an f\u00fcnf Tagen beflaggt. Zu besonderen Anl\u00e4ssen wie Gedenk- oder Aktionstagenhisst die Universit\u00e4tsstadt Marburg die st\u00e4dtische Flagge am historischen Rathaus und an st\u00e4dtischen Geb\u00e4uden. Damit m\u00f6chte Marburg auf die Bedeutung der jeweiligen Aktionstage\u2026","rel":"","context":"In &quot;Politik&quot;","img":{"alt_text":"","src":"","width":0,"height":0},"classes":[]},{"id":12721,"url":"http:\/\/marburg.news\/?p=12721","url_meta":{"origin":19941,"position":2},"title":"Abgehangen: Beflaggungstermine der Stadt im Juni","date":"1. Juni 2023","format":false,"excerpt":"Die Beflaggung der Universit\u00e4tsstadt Marburg im Juni hat die Verwaltung am Mittwoch (31. Mai) bekanntgegeben. Vier Termine stehen im Juni an. Die Universit\u00e4tsstadt Marburg hisst zu besonderen Anl\u00e4ssen wie Gedenk- oder Aktionstagen die st\u00e4dtische Flagge am historischen Rathaus und an st\u00e4dtischen Geb\u00e4uden. Damit m\u00f6chte Marburg auf die Bedeutung der jeweiligen\u2026","rel":"","context":"In &quot;Politik&quot;","img":{"alt_text":"","src":"","width":0,"height":0},"classes":[]},{"id":18750,"url":"http:\/\/marburg.news\/?p=18750","url_meta":{"origin":19941,"position":3},"title":"Drei Gedenktage: Beflaggungstermine der Stadt im Oktober","date":"29. September 2025","format":false,"excerpt":"Die Beflaggungstermine im Oktober 2025 hat die Universit\u00e4tsstadt Marburg am Montag (29. September) bekanntgegeben. Drei Gedenktage sind dabei vorgesehen. Die Universit\u00e4tsstadt Marburg hisst zu besonderen Anl\u00e4ssen wie Gedenk- oder Aktionstagen an allen st\u00e4dtischen Geb\u00e4uden sowie dem historischen Rathaus die st\u00e4dtische Flagge. Damit m\u00f6chte Marburg auf die Bedeutung der jeweiligen Aktionstage\u2026","rel":"","context":"In &quot;Kultur&quot;","img":{"alt_text":"","src":"","width":0,"height":0},"classes":[]},{"id":18163,"url":"http:\/\/marburg.news\/?p=18163","url_meta":{"origin":19941,"position":4},"title":"Gemeinsam gedenken: F\u00fcnf Beflaggungstermine im Juni 2025","date":"11. Juni 2025","format":false,"excerpt":"Die Beflaggungstermine im Juni 2025 hat die Stadt Marburg am Mittwoch (10. Juni) bekanntgegeben. Dabei hat sie f\u00fcnf Gedenk- oder Aktionstage angegeben. Die Universit\u00e4tsstadt Marburg hisst zu besonderen Anl\u00e4ssen wie Gedenk- oder Aktionstagen an allen st\u00e4dtischen Geb\u00e4uden sowie dem historischen Rathaus die st\u00e4dtische Flagge. Damit m\u00f6chte Marburg auf die Bedeutung\u2026","rel":"","context":"In &quot;Politik&quot;","img":{"alt_text":"","src":"","width":0,"height":0},"classes":[]},{"id":16485,"url":"http:\/\/marburg.news\/?p=16485","url_meta":{"origin":19941,"position":5},"title":"Ged\u00e4chtnis f\u00fcr Gedenktage: Beflaggungstermine der Stadt im Oktober","date":"1. Oktober 2024","format":false,"excerpt":"Die Beflaggung der Universit\u00e4tsstadt Marburg im Oktober hat der Magistrat am Dienstag (1. Oktober) bekanntgegeben. Drei Termine stehen auf dem Plan. Zu besonderen Anl\u00e4ssen wie Gedenk- oder Aktionstagen hisst die Universit\u00e4tsstadt Marburg Flaggen. Damit m\u00f6chte Marburg auf die Bedeutung der jeweiligen Aktionstage aufmerksam machen. F\u00fcr den Monat Oktober sind drei\u2026","rel":"","context":"In &quot;Kultur&quot;","img":{"alt_text":"","src":"","width":0,"height":0},"classes":[]}],"_links":{"self":[{"href":"http:\/\/marburg.news\/index.php?rest_route=\/wp\/v2\/posts\/19941"}],"collection":[{"href":"http:\/\/marburg.news\/index.php?rest_route=\/wp\/v2\/posts"}],"about":[{"href":"http:\/\/marburg.news\/index.php?rest_route=\/wp\/v2\/types\/post"}],"author":[{"embeddable":true,"href":"http:\/\/marburg.news\/index.php?rest_route=\/wp\/v2\/users\/2"}],"replies":[{"embeddable":true,"href":"http:\/\/marburg.news\/index.php?rest_route=%2Fwp%2Fv2%2Fcomments&post=19941"}],"version-history":[{"count":0,"href":"http:\/\/marburg.news\/index.php?rest_route=\/wp\/v2\/posts\/19941\/revisions"}],"wp:attachment":[{"href":"http:\/\/marburg.news\/index.php?rest_route=%2Fwp%2Fv2%2Fmedia&parent=19941"}],"wp:term":[{"taxonomy":"category","embeddable":true,"href":"http:\/\/marburg.news\/index.php?rest_route=%2Fwp%2Fv2%2Fcategories&post=19941"},{"taxonomy":"post_tag","embeddable":true,"href":"http:\/\/marburg.news\/index.php?rest_route=%2Fwp%2Fv2%2Ftags&post=19941"}],"curies":[{"name":"wp","href":"https:\/\/api.w.org\/{rel}","templated":true}]}}