{"id":19940,"date":"2026-04-26T16:40:00","date_gmt":"2026-04-26T14:40:00","guid":{"rendered":"http:\/\/marburg.news\/?p=19940"},"modified":"2026-04-26T16:40:00","modified_gmt":"2026-04-26T14:40:00","slug":"rentenfrage-scholz-rudert-merz-rudert-zurueck","status":"publish","type":"post","link":"http:\/\/marburg.news\/?p=19940","title":{"rendered":"Rentenfrage: Scholz rudert, Merz rudert zur\u00fcck"},"content":{"rendered":"<p>&#8222;Die Rente ist sicher.&#8220; Gebetsm\u00fchlenartig hat Norbert Bl\u00fcm diesen Satz immer wieder wiederholt. <!--more--><br \/>\nDaf\u00fcr war der CDU-Sozialpolitiker bekannt oder sogar ber\u00fcchtigt. Friedrich Merz hat es k\u00fcrzlich mit dem genauen Gegenteil versucht. Daf\u00fcr ist der Bundeskanzler wieder mal ordentlich auf die Schnauze gefallen.<br \/>\nBei seinem Besuch am Samstag (25. April) in Marburg musste Merz zur\u00fcckrudern. Seine Aussage, dass die Gesetzliche Rente allenfalls eine Basisversorgung darstellen k\u00f6nne, hat auch die Christlich-Demokratische Arbeitnehmerschaft (CDA) ihm \u00fcbel genommen. Ihre Bundestagung im Erwin-Piscator-Haus (EPH) hatte Merz nach Marburg gelockt.<br \/>\nVon seinem Amtsvorg\u00e4nger Olaf Scholz ist bekannt, dass er t\u00e4glich eine Stunde lang auf seinem Hometrainer rudert. Merz hingegen rudert seit seinem Amtsantritt im Kanzleramt eher unfreiwillig. Bei ihm geht es immer nur in eine Richtung: Zur\u00fcck!<br \/>\nMerz liebt markige Worte. Offenbar hat er auch nach einem Jahr immer noch nicht gelernt, dass populistische Plapperei mit dem Amt eines Regierungschefs unvereinbar ist. Wenn er sich \u00fcber Tagungsorte im brasilianischen Regenwald \u00e4u\u00dfert, dann hat das wenig Staatsm\u00e4nnisches.<br \/>\nDarum sollte an Merz auch besser nicht nach dem &#8222;Stadtbild&#8220; von Marburg fragen. Wer wei\u00df, was er darauf antworten w\u00fcrde?<\/p>\n<p>* <a href=\"http:\/\/marburg.news\/team\/fjh\">Franz-Josef Hanke<\/a><\/p>\n","protected":false},"excerpt":{"rendered":"<p>&#8222;Die Rente ist sicher.&#8220; Gebetsm\u00fchlenartig hat Norbert Bl\u00fcm diesen Satz immer wieder wiederholt.<\/p>\n","protected":false},"author":2,"featured_media":0,"comment_status":"closed","ping_status":"open","sticky":false,"template":"","format":"standard","meta":{"advanced_seo_description":"","spay_email":"","jetpack_publicize_message":"","jetpack_is_tweetstorm":false,"jetpack_publicize_feature_enabled":true},"categories":[2,4],"tags":[6691,4762,3407],"jetpack_featured_media_url":"","jetpack_publicize_connections":[],"jetpack_sharing_enabled":true,"jetpack_shortlink":"https:\/\/wp.me\/p8mhvd-5bC","jetpack-related-posts":[{"id":17958,"url":"http:\/\/marburg.news\/?p=17958","url_meta":{"origin":19940,"position":0},"title":"Kanzlerkandidatur: Friedrich Merz mit blauem Auge davongekommen","date":"7. Mai 2025","format":false,"excerpt":"Friedrich Merz ist der 10. Bundeskanzler der Bundesrepublik Deutschland. Gew\u00e4hlt wurde er allerdings erst im 2. Wahlgang. Mit 325 Stimmen erreichte Merz im zweiten Anlauf eine ausreichende Mehrheit. Im ersten Wahlgang war er zun\u00e4chst gescheitert mit nur 310 von insgesamt 328 Stimmen aus seiner Koalition. Wer aus den Fraktionen von\u2026","rel":"","context":"In &quot;Politik&quot;","img":{"alt_text":"","src":"","width":0,"height":0},"classes":[]},{"id":19911,"url":"http:\/\/marburg.news\/?p=19911","url_meta":{"origin":19940,"position":1},"title":"Gemeinsch\u00e4dlich: Demonstration gegen Merz am 25. April","date":"21. April 2026","format":false,"excerpt":"Bundeskanzler Friedrich Merz spricht auf einer Veranstaltung der CDA am Samstag (25. April) in Marburg. Gegen seine Politik richtt sich eine Demonstration um 10:00 Uhr am Hauptbahnhof. Das B\u00fcndnis \"Marburg gegen Merz\" will diesen Anlass nutzen, \"um deutlich zu machen, dass wir ihn und seine Politik stark kritisieren: sie ist\u2026","rel":"","context":"In &quot;Politik&quot;","img":{"alt_text":"","src":"","width":0,"height":0},"classes":[]},{"id":19939,"url":"http:\/\/marburg.news\/?p=19939","url_meta":{"origin":19940,"position":2},"title":"Merz in Marburg: Mehr als 5.000 Demonstrierende vor dem EPH","date":"25. April 2026","format":false,"excerpt":"Mehr als 5.000 Menschen haben am Samstag (25. April) in Marburg demonstriert. Anlass war der Besuch des Bundeskanzlers Friedrich Merz bei der CDA. Eigens zu dieser Demonstration hatte sich ein \"Aktionsb\u00fcndnis Marburg gegen Merz\" gebildet. Sein Protest richtete sich gegen populistische Parolen des Bundeskanzlers sowie seine Sparpl\u00e4ne auf Kosten der\u2026","rel":"","context":"In &quot;Politik&quot;","img":{"alt_text":"","src":"","width":0,"height":0},"classes":[]},{"id":15267,"url":"http:\/\/marburg.news\/?p=15267","url_meta":{"origin":19940,"position":3},"title":"Parteien und Populismus: Bartol Landesvorsitzender der SPD","date":"23. M\u00e4rz 2024","format":false,"excerpt":"Mit 84,2 Prozent hat die SPD Hessen am Samstag (9. M\u00e4rz) S\u00f6ren Bartol zu ihrem Vorsitzenden gew\u00e4hlt. Der Marburger tritt damit die Nachfolge von Nancy Faeser an. Bartol ist ein flei\u00dfiger Parteiarbeiter. Als Staatssekret\u00e4r im Bundesbauministerium hat er nicht allzu viel von sich reden gemacht. Auch sein neues Amt war\u2026","rel":"","context":"In &quot;Politik&quot;","img":{"alt_text":"","src":"","width":0,"height":0},"classes":[]},{"id":17952,"url":"http:\/\/marburg.news\/?p=17952","url_meta":{"origin":19940,"position":4},"title":"In Berlin: Noch ist der Merz im Mai nicht gekommen","date":"6. Mai 2025","format":false,"excerpt":"Im ersten Anlauf gescheitert ist Friedrich Merz bei der Wahl zum Bundeskanzler am Dienstag (6. Mai). Dem Gro\u00dfmaul aus dem Sauerland sollte das eine Warnung sein. Im ersten Wahlgang erhielt Merz 310 Stimmen. 621 von 630 Abgeordneten hatten ihre Stimme abgegeben. Eine Stimmen war ung\u00fcltig. 307 Bundestagsabgeordnete stimmten mit \"Nein\".\u2026","rel":"","context":"In &quot;Politik&quot;","img":{"alt_text":"","src":"","width":0,"height":0},"classes":[]},{"id":18130,"url":"http:\/\/marburg.news\/?p=18130","url_meta":{"origin":19940,"position":5},"title":"Teuer kommen: Friedrich Merz klagt \u00fcber Kosten Behinderter","date":"4. Juni 2025","format":false,"excerpt":"Die Kritik von Bundeskanzler Friedrich Merz an den steigenden Kosten bei der Eingliederungshilfe weist die Lebenshilfe aufs Sch\u00e4rfste zur\u00fcck. \"An den Schw\u00e4chsten der Gesellschaft darf auf keinen Fall gespart werden!\" Bundeskanzler Friedrich Merz will offensichtlich an den Leistungen f\u00fcr Menschen mit Behinderung sparen. Auf dem Kommunalkongress des Deutschen St\u00e4dte- und\u2026","rel":"","context":"In &quot;Politik&quot;","img":{"alt_text":"","src":"","width":0,"height":0},"classes":[]}],"_links":{"self":[{"href":"http:\/\/marburg.news\/index.php?rest_route=\/wp\/v2\/posts\/19940"}],"collection":[{"href":"http:\/\/marburg.news\/index.php?rest_route=\/wp\/v2\/posts"}],"about":[{"href":"http:\/\/marburg.news\/index.php?rest_route=\/wp\/v2\/types\/post"}],"author":[{"embeddable":true,"href":"http:\/\/marburg.news\/index.php?rest_route=\/wp\/v2\/users\/2"}],"replies":[{"embeddable":true,"href":"http:\/\/marburg.news\/index.php?rest_route=%2Fwp%2Fv2%2Fcomments&post=19940"}],"version-history":[{"count":0,"href":"http:\/\/marburg.news\/index.php?rest_route=\/wp\/v2\/posts\/19940\/revisions"}],"wp:attachment":[{"href":"http:\/\/marburg.news\/index.php?rest_route=%2Fwp%2Fv2%2Fmedia&parent=19940"}],"wp:term":[{"taxonomy":"category","embeddable":true,"href":"http:\/\/marburg.news\/index.php?rest_route=%2Fwp%2Fv2%2Fcategories&post=19940"},{"taxonomy":"post_tag","embeddable":true,"href":"http:\/\/marburg.news\/index.php?rest_route=%2Fwp%2Fv2%2Ftags&post=19940"}],"curies":[{"name":"wp","href":"https:\/\/api.w.org\/{rel}","templated":true}]}}