{"id":19939,"date":"2026-04-25T17:45:00","date_gmt":"2026-04-25T15:45:00","guid":{"rendered":"http:\/\/marburg.news\/?p=19939"},"modified":"2026-04-25T17:45:00","modified_gmt":"2026-04-25T15:45:00","slug":"merz-in-marburg-mehr-als-5-000-demonstrierende-vor-dem-eph","status":"publish","type":"post","link":"http:\/\/marburg.news\/?p=19939","title":{"rendered":"Merz in Marburg: Mehr als 5.000 Demonstrierende vor dem EPH"},"content":{"rendered":"<p>Mehr als 5.000 Menschen haben am Samstag (25. April) in Marburg demonstriert. Anlass war der Besuch des Bundeskanzlers Friedrich Merz bei der CDA. <!--more--><br \/>\nEigens zu dieser Demonstration hatte sich ein <a href=\"http:\/\/marburg.news\/?p=19927\">&#8222;Aktionsb\u00fcndnis Marburg gegen Merz&#8220; gebildet<\/a>. Sein Protest richtete sich gegen populistische Parolen des Bundeskanzlers sowie seine Sparpl\u00e4ne auf Kosten der ohnehin schon sozial benachteiligten Bev\u00f6lkerungsgruppen. Transparente riefen zum &#8222;Widerstand gegen SchMERZvolle Zeiten&#8220; auf.<br \/>\nVon Hauptbahnhof aus lieg der Demonstrationszug am Vormittag die Bahnhofstra\u00dfe hinauf und dann weiter zum Erwin-Piscator-Haus (EPH) an der Biegenstra\u00dfe. Laute Sprechch\u00f6re und Trillerpfeifen begleiteten die un\u00fcberschaubare Menschenmenge. Mitgegangen sind bei der Demo Behinderte und Gewerkschaften, Studierende und &#8222;Omas gegen Rechts&#8220; ebenso wie viele andere B\u00fcrgerinnen und B\u00fcrger, die sich um den Erhalt des Sozialstaats als elementare Grundlage der freiheitlichen Demokratie sorgen.<br \/>\nIm Saal relativierte Friedrich Merz seine k\u00fcrzliche \u00c4u\u00dferung, die gesetzliche Rente k\u00f6nne allenfalls eine Basisversorgung darstellen. Vor der Christlich-Demokratischen Arbeitnehmerschaft (CDA) beteuerte der Kanzler, unter seiner Regierung werde die gesetzliche Rente nicht gek\u00fcrzt. Ansonsten hat Merz die &#8211; seiner Ansicht nach &#8222;notwendigen&#8220; &#8211; Reformen aber vor dem CDU-Sozialfl\u00fcgel verteidigt.<br \/>\nDas EPH diente der CDA als Tagungsort. Irgendwelche &#8222;Schlaumeier&#8220; haben das st\u00e4dtische Geb\u00e4ude am Samstag mit Farbbeuteln beworfen. Die weitaus \u00fcberwiegende Mehrheit der Protestierenden hielt sich jedoch an menschenfeindliche Sparvorschl\u00e4ge des Kanzlers sowie seine Abschiebepolitik gegen Gefl\u00fcchtete, die zu Recht kritisiert wurde.<br \/>\nGegenwind versp\u00fcrte Merz aber auch von Delegierten der CDA-Tagung gab es ebenfalls Kritik &#8211; unter anderem an der Kommunikation des Bundeskanzlers. Mehrere CDU-Sozialpolitiker \u00e4u\u00dferten die Sorge, dass der Reformbedarf allein bei den B\u00fcrgern abgeladen werden k\u00f6nnte. Zu oft w\u00fcrde es au\u00dferdem hei\u00dfen, die Menschen seien &#8222;zu faul und zu krank&#8220;.<br \/>\nEinig waren sich Merz und die CDA, dass Deutschland Reformen brauche. Allerdings sollten sie nach Auffassung der CDA sozialvertr\u00e4glich und mit Ma\u00df vorangebracht werden. Der CDA-Vorsitzende Dennis Radtke forderte, die CDU m\u00fcsse aufh\u00f6ren den Menschen Angst zu machen.<\/p>\n<p>* <a href=\"http:\/\/marburg.news\/team\/fjh\">Franz-Josef Hanke<\/a><\/p>\n","protected":false},"excerpt":{"rendered":"<p>Mehr als 5.000 Menschen haben am Samstag (25. April) in Marburg demonstriert. Anlass war der Besuch des Bundeskanzlers Friedrich Merz bei der CDA.<\/p>\n","protected":false},"author":2,"featured_media":0,"comment_status":"closed","ping_status":"open","sticky":false,"template":"","format":"standard","meta":{"advanced_seo_description":"","spay_email":"","jetpack_publicize_message":"","jetpack_is_tweetstorm":false,"jetpack_publicize_feature_enabled":true},"categories":[2,4],"tags":[4760,7504,6691],"jetpack_featured_media_url":"","jetpack_publicize_connections":[],"jetpack_sharing_enabled":true,"jetpack_shortlink":"https:\/\/wp.me\/p8mhvd-5bB","jetpack-related-posts":[{"id":19927,"url":"http:\/\/marburg.news\/?p=19927","url_meta":{"origin":19939,"position":0},"title":"Umstritten: Demo gegen die Politik von Friedrich Merz","date":"23. April 2026","format":false,"excerpt":"Das B\u00fcndnis \"Marburg gegen Merz\" kritisiert die Politik des Bundeskanzlers. Das Aktionsb\u00fcndnis \"Marburg gegen Merz\" ruft zur Beteiligung an Protesten gegen den angek\u00fcndigten Auftritt von Friedrich Merz am Samstag (25. April)auf. Ab 10 Uhr ist eine Demonstration vom Hauptbahnhof zum Erwin-Piscator-Haus (EPH) geplant. Die sozialen und gesellschaftliche Probleme gehen nach\u2026","rel":"","context":"In &quot;Politik&quot;","img":{"alt_text":"","src":"","width":0,"height":0},"classes":[]},{"id":18858,"url":"http:\/\/marburg.news\/?p=18858","url_meta":{"origin":19939,"position":1},"title":"Aktion f\u00fcr Demokratie: Michael Meinel zum Menschenbild von Friedrich Merz","date":"20. Oktober 2025","format":false,"excerpt":"Die \u00c4u\u00dfterungen des Bundeskanzlers Friedrich Merz zum \"Stadtbild\" hat der Gr\u00fcnen-Kommunalpolitiker Michael Meinel kommentiert. Dabei bezieht er sich auf seine Herkunft aus Frankfurt. \"W\u00e4hlt macht beispielhaft das Stadtbild meiner Geburtsstadt Frankfurt am Main aus, dass es laut Kanzler Merz zu s\u00e4ubern gilt\" fragt Michael Meinel. \" \"Besonders das Bild um\u2026","rel":"","context":"In &quot;Politik&quot;","img":{"alt_text":"","src":"","width":0,"height":0},"classes":[]},{"id":19911,"url":"http:\/\/marburg.news\/?p=19911","url_meta":{"origin":19939,"position":2},"title":"Gemeinsch\u00e4dlich: Demonstration gegen Merz am 25. April","date":"21. April 2026","format":false,"excerpt":"Bundeskanzler Friedrich Merz spricht auf einer Veranstaltung der CDA am Samstag (25. April) in Marburg. Gegen seine Politik richtt sich eine Demonstration um 10:00 Uhr am Hauptbahnhof. Das B\u00fcndnis \"Marburg gegen Merz\" will diesen Anlass nutzen, \"um deutlich zu machen, dass wir ihn und seine Politik stark kritisieren: sie ist\u2026","rel":"","context":"In &quot;Politik&quot;","img":{"alt_text":"","src":"","width":0,"height":0},"classes":[]},{"id":17471,"url":"http:\/\/marburg.news\/?p=17471","url_meta":{"origin":19939,"position":3},"title":"Stra\u00dfe voll: 14.000 Demonstrierende vor dem EpH","date":"9. Februar 2025","format":false,"excerpt":"14.000 Menschen haben am Sonntag (9. Februar) in Marburg gegen einen Rechtsruck demonstriert. Immer wieder riefen sie: \"Nie wieder ist jetzt!\" Aufgerufen zu der Kundgebung am Erwin-Piscator-Haus (EPH) hatte die Initiative \"Demokratische Zukunft Marburg\", die sich spontan aus dem Marburger Netzwerk f\u00fcr Demokratie heraus gebildet hatte. Sie kritisiert das Abstimmungsverhalten\u2026","rel":"","context":"In &quot;Politik&quot;","img":{"alt_text":"","src":"","width":0,"height":0},"classes":[]},{"id":19940,"url":"http:\/\/marburg.news\/?p=19940","url_meta":{"origin":19939,"position":4},"title":"Rentenfrage: Scholz rudert, Merz rudert zur\u00fcck","date":"26. April 2026","format":false,"excerpt":"\"Die Rente ist sicher.\" Gebetsm\u00fchlenartig hat Norbert Bl\u00fcm diesen Satz immer wieder wiederholt. Daf\u00fcr war der CDU-Sozialpolitiker bekannt oder sogar ber\u00fcchtigt. Friedrich Merz hat es k\u00fcrzlich mit dem genauen Gegenteil versucht. Daf\u00fcr ist der Bundeskanzler wieder mal ordentlich auf die Schnauze gefallen. Bei seinem Besuch am Samstag (25. April) in\u2026","rel":"","context":"In &quot;Politik&quot;","img":{"alt_text":"","src":"","width":0,"height":0},"classes":[]},{"id":19818,"url":"http:\/\/marburg.news\/?p=19818","url_meta":{"origin":19939,"position":5},"title":"Neuer Name: Donald Trump will April in &#8222;Trump&#8220; umbenennen","date":"1. April 2026","format":false,"excerpt":"Wenn es nach Donald Trump geht, dann hei\u00dft der vierte Monat des Jahres in Zukunft nicht mehr \"April\", sondern \"Trump\". Zumindest in Amerika will er diesen neuen Monatsnamen einf\u00fchren. Ausl\u00f6ser war Ein Telefonat des US-Pr\u00e4sidenten mit einer f\u00fchrenden Politikerin der AfD. Sie hatte sich bei Trump dar\u00fcber beklagt, dass der\u2026","rel":"","context":"In &quot;Kultur&quot;","img":{"alt_text":"","src":"","width":0,"height":0},"classes":[]}],"_links":{"self":[{"href":"http:\/\/marburg.news\/index.php?rest_route=\/wp\/v2\/posts\/19939"}],"collection":[{"href":"http:\/\/marburg.news\/index.php?rest_route=\/wp\/v2\/posts"}],"about":[{"href":"http:\/\/marburg.news\/index.php?rest_route=\/wp\/v2\/types\/post"}],"author":[{"embeddable":true,"href":"http:\/\/marburg.news\/index.php?rest_route=\/wp\/v2\/users\/2"}],"replies":[{"embeddable":true,"href":"http:\/\/marburg.news\/index.php?rest_route=%2Fwp%2Fv2%2Fcomments&post=19939"}],"version-history":[{"count":0,"href":"http:\/\/marburg.news\/index.php?rest_route=\/wp\/v2\/posts\/19939\/revisions"}],"wp:attachment":[{"href":"http:\/\/marburg.news\/index.php?rest_route=%2Fwp%2Fv2%2Fmedia&parent=19939"}],"wp:term":[{"taxonomy":"category","embeddable":true,"href":"http:\/\/marburg.news\/index.php?rest_route=%2Fwp%2Fv2%2Fcategories&post=19939"},{"taxonomy":"post_tag","embeddable":true,"href":"http:\/\/marburg.news\/index.php?rest_route=%2Fwp%2Fv2%2Ftags&post=19939"}],"curies":[{"name":"wp","href":"https:\/\/api.w.org\/{rel}","templated":true}]}}