{"id":19938,"date":"2026-04-24T15:45:00","date_gmt":"2026-04-24T13:45:00","guid":{"rendered":"http:\/\/marburg.news\/?p=19938"},"modified":"2026-04-24T15:45:00","modified_gmt":"2026-04-24T13:45:00","slug":"praesentation-girlsday-im-polizeipraesidium-mittelhessen","status":"publish","type":"post","link":"http:\/\/marburg.news\/?p=19938","title":{"rendered":"Pr\u00e4sentation: Girls\u00b4Day im Polizeipr\u00e4sidium Mittelhessen"},"content":{"rendered":"<p>Einen Blick hinter die Kulissen des Polizeiberufs konnten gut 80 M\u00e4dchen am Donnerstag (23. April) beim &#8222;Girls&#8217;Day&#8220; im Polizeipr\u00e4sidium Mittelhessen werfen. Dazu waren sie ins Pr\u00e4sidium nach Gie\u00dfen gekommen. <!--more--><br \/>\nWas verbirgt sich alles in einem Streifenwagen? Wie sichwer ist eigentlich eine Schutzweste? Wie sieht eine Gewahrsamszelle aus, wenn man sie von innen betrachtet? Und wie sichert man eigentlich Spuren? Wo werden die Eins\u00e4tze der Polizei koordiniert?<br \/>\nDoch die wichtigste Frage von allen war: Wie werde ich Polizistin? Antworten auf diese Fragen und noch viele mehr erhielten am Donnerstag (23. April) \u00fcber 80 junge Frauen beim &#8222;Girls&#8216; Day&#8220; im Polizeipr\u00e4sidium Mittelhessen. Im Rahmen der bundesweiten Aktion \u00f6ffnete die Polizei ihre T\u00fcren, um die M\u00e4dchen f\u00fcr den Polizeiberuf zu begeistern und ihnen einen Blick hinter die Kulissen dieses abwechslungsreichen und verantwortungsvollen Berufs zu gew\u00e4hren.<br \/>\nDie Jugendlichen wurden von Carina Lerch als der Leiterin der Abteilung Einsatz begr\u00fc\u00dft und in den spannenden Tag eingef\u00fchrt. Die erfahreneren Einstellungsberaterinnen des Polizeipr\u00e4sidiums begleiteten die gut gelaunten Sch\u00fclerinnen w\u00e4hrend des Programms, das von zahlreichen Kolleginnen und Kollegen tatkr\u00e4ftig unterst\u00fctzt wurde. Die Teilnehmerinnen erhielten hautnahe Einblicke in die T\u00e4tigkeitsfelder der Polizei vom klassischen Streifendienst bis hin zu spezialisierten Bereichen wie der Kriminalpolizei.<br \/>\nDabei hatten sie die M\u00f6glichkeit, sogar selbst aktiv zu werden und sich in verschiedenen praktischen \u00dcbungen auszuprobieren. Unter der Anleitung eines Beamten der Bereitschaftspolizei Lich konnten sie die schwere Schutzausr\u00fcstung anlegen und das Gef\u00fchl erleben, als &#8222;Polizistin im Einsatz&#8220; zu sein. Beim Besuch der Leitstelle konnten sie ebenfalls einen Blick in die Arbeit hinter den Notrufen werfen.<br \/>\nBesonders spannend war auch eine Station zur Spurensicherung, bei der zwei Kolleginnen der Kriminalpolizei eindrucksvoll zeigten, wie kriminaltechnische Arbeit im echten Leben aussieht. Auf gro\u00dfes Interesse stie\u00df eine beeindruckende Vorf\u00fchrung der mittelhessischen Diensthundestaffel. Die vierbeinigen Kollegen erschn\u00fcffelten versteckte Drogen und unterst\u00fctzten sogar die Festnahme eines &#8222;Tatverd\u00e4chtigen&#8220;.<br \/>\nDer &#8222;Girls&#8216; Day&#8220; fand gro\u00dfen Anklang bei den M\u00e4dchen, die voller Neugier und Begeisterung dabei waren. Die Veranstaltung ist Teil einer landesweiten Initiative, die darauf abzielt, den Anteil von Frauen in der Polizei zu erh\u00f6hen und den Polizeiberuf f\u00fcr junge Frauen noch attraktiver und zug\u00e4nglicher zu machen. Mit diesem engagierten Programm m\u00f6chte die Polizei nicht nur die vielf\u00e4ltigen Karrierem\u00f6glichkeiten aufzeigen, sondern auch den Weg f\u00fcr Frauen in den Polizeidienst ebnen und ihnen eine Perspektive in einem &#8211; oft untersch\u00e4tzten und stark gefragten &#8211; Berufsfeld bieten.<\/p>\n<p>* pm: Polizei Marburg<\/p>\n","protected":false},"excerpt":{"rendered":"<p>Einen Blick hinter die Kulissen des Polizeiberufs konnten gut 80 M\u00e4dchen am Donnerstag (23. April) beim &#8222;Girls&#8217;Day&#8220; im Polizeipr\u00e4sidium Mittelhessen werfen. Dazu waren sie ins Pr\u00e4sidium nach Gie\u00dfen gekommen.<\/p>\n","protected":false},"author":2,"featured_media":0,"comment_status":"closed","ping_status":"open","sticky":false,"template":"","format":"standard","meta":{"advanced_seo_description":"","spay_email":"","jetpack_publicize_message":"","jetpack_is_tweetstorm":false,"jetpack_publicize_feature_enabled":true},"categories":[4],"tags":[1183,263,16],"jetpack_featured_media_url":"","jetpack_publicize_connections":[],"jetpack_sharing_enabled":true,"jetpack_shortlink":"https:\/\/wp.me\/p8mhvd-5bA","jetpack-related-posts":[{"id":18504,"url":"http:\/\/marburg.news\/?p=18504","url_meta":{"origin":19938,"position":0},"title":"Zum Auftakt des Sommers: Carina Lerch \u00fcbernimmt F\u00fchrungsfunktion der Polizei","date":"6. August 2025","format":false,"excerpt":"Mitte Juli hat Carina Lerch die Leitung der Abteilung Einsatz im Polizeipr\u00e4sidium Mittelhessen\u00fcbernommen. Sie ist die erste Frau, die diese F\u00fchrungsfunktion innehat. Die Abteilung Einsatz ist mit rund 2.000 Mitarbeitenden die personell gr\u00f6\u00dfte Organisationseinheit des Pr\u00e4sidiums. Die leitende Kriminaldirektorin verantwortet die operative Polizeiarbeit in den Landkreisen Gie\u00dfen, Wetterau, Marburg-Biedenkopf und\u2026","rel":"","context":"In &quot;Soziales&quot;","img":{"alt_text":"","src":"","width":0,"height":0},"classes":[]},{"id":4413,"url":"http:\/\/marburg.news\/?p=4413","url_meta":{"origin":19938,"position":1},"title":"An Einf\u00fchrung: Gaby H\u00e4user neue Polizeichefin von Marburg","date":"14. November 2019","format":false,"excerpt":"Gaby H\u00e4user hei\u00dft die neue Leiterin der Polizeidirektion Marburg-Biedenkopf. Die Polizeidirektorin l\u00f6st Kriminaldirektor Bodo Koch ab. Er folgt einem Ruf des Landespolizeipr\u00e4sidiums in das Referat f\u00fcr Informationsstrategie und -technik der Polizei. Polizeipr\u00e4sident Bernd Paul begr\u00fc\u00dfte die neue Leiterin der Polizeidirektion Marburg-Biedenkopf und f\u00fchrte sie am Donnerstag (14. November) in ihr\u2026","rel":"","context":"In &quot;Politik&quot;","img":{"alt_text":"","src":"","width":0,"height":0},"classes":[]},{"id":16525,"url":"http:\/\/marburg.news\/?p=16525","url_meta":{"origin":19938,"position":2},"title":"Abgegeben: Yvonne Ruppersberg \u00fcbernimmt Pr\u00e4vention im Polizeipr\u00e4sidium","date":"4. Oktober 2024","format":false,"excerpt":"Der Stabsbereich Pr\u00e4vention beim Polizeipr\u00e4sidium Mittelhessen hat eine neue Leitung. \u00dcbernommen hat diese Aufgabe Kriminalhauptkommissarin Yvonne Ruppersberg aus Marburg. Yvonne Ruppersberg leitet seit Ende August die Pr\u00e4ventionsabteilung des Polizeipr\u00e4sidiums Mittelhessen \"E4\". Sie \u00fcbernimmt das Amt ihrer Vorg\u00e4ngerin Sylvia Frech, die die Beh\u00f6rde verlassen hat. Die 51-j\u00e4hrige Kriminalhauptkommissarin ist eine erfahrende\u2026","rel":"","context":"In &quot;Soziales&quot;","img":{"alt_text":"","src":"","width":0,"height":0},"classes":[]},{"id":6422,"url":"http:\/\/marburg.news\/?p=6422","url_meta":{"origin":19938,"position":3},"title":"Frauen flexibler: Polizeidirektorin Gaby H\u00e4user geht nach Norddeutschland","date":"29. Januar 2021","format":false,"excerpt":"Die Polizeidirektorin Gaby H\u00e4user zieht es nach nur knapp einem Jahr von Marburg nach Schleswig-Holstein. Das berichtete das Polizeipr\u00e4sidium Mittelhessen am Freitag (29. Januar). \"Manchmal gibt es unvorhergesehene Ver\u00e4nderungen; und dann geht alles pl\u00f6tzlich auch noch ganz schnell\", erl\u00e4uterte H\u00e4user. \"Ich wechsle ausschlie\u00dflich aus pers\u00f6nlichen Gr\u00fcnden und verlasse die Polizeidirektion\u2026","rel":"","context":"In &quot;Soziales&quot;","img":{"alt_text":"","src":"","width":0,"height":0},"classes":[]},{"id":16454,"url":"http:\/\/marburg.news\/?p=16454","url_meta":{"origin":19938,"position":4},"title":"Am Polizeipr\u00e4sidium : Manfred Kaletsch in den Ruhestand verabschiedet","date":"27. September 2024","format":false,"excerpt":"Seinen Abteilungsdirektor Manfred Kaletsch hat das Polizeipr\u00e4sidium Mittelhessen am Freitag (20. September) in den Ruhestand verabschiedet. Zweimal hatte Kaletsch auch F\u00fchrungsaufgaben in Marburg wahrgenommen. Seinen letzten Dienst bei der hessischen Polizei hatte der Leiter der Abteilung Einsatz des Polizeipr\u00e4sidiums Mittelhessen am Freitag (20. September). Nach 42 Dienstjahren verabschiedete Polizeipr\u00e4sident Torsten\u2026","rel":"","context":"In &quot;Soziales&quot;","img":{"alt_text":"","src":"","width":0,"height":0},"classes":[]},{"id":19349,"url":"http:\/\/marburg.news\/?p=19349","url_meta":{"origin":19938,"position":5},"title":"Demokratiest\u00e4rkung: Polizeipr\u00e4sidium Mittelhessen startet Pilotprojekt","date":"15. Januar 2026","format":false,"excerpt":"Mit Beginn des Jahres hat das Polizeipr\u00e4sidium Mittelhessen ein neues Pilotprojekt zur St\u00e4rkung demokratischer Werte innerhalb derPolizei gestartet. Es hei\u00dft \"Demokratiepaten - Polizeischutz f\u00fcr die Demokratie\". die Fortbildung und den Einsatz sogenannter \"Demokratiepatinnen\" und -paten. Ziel des Projekts ist, demokratische Haltung, historische Verantwortung und gesellschaftliche Dialogf\u00e4higkeit im polizeilichen Alltag gezielt\u2026","rel":"","context":"In &quot;Politik&quot;","img":{"alt_text":"","src":"","width":0,"height":0},"classes":[]}],"_links":{"self":[{"href":"http:\/\/marburg.news\/index.php?rest_route=\/wp\/v2\/posts\/19938"}],"collection":[{"href":"http:\/\/marburg.news\/index.php?rest_route=\/wp\/v2\/posts"}],"about":[{"href":"http:\/\/marburg.news\/index.php?rest_route=\/wp\/v2\/types\/post"}],"author":[{"embeddable":true,"href":"http:\/\/marburg.news\/index.php?rest_route=\/wp\/v2\/users\/2"}],"replies":[{"embeddable":true,"href":"http:\/\/marburg.news\/index.php?rest_route=%2Fwp%2Fv2%2Fcomments&post=19938"}],"version-history":[{"count":0,"href":"http:\/\/marburg.news\/index.php?rest_route=\/wp\/v2\/posts\/19938\/revisions"}],"wp:attachment":[{"href":"http:\/\/marburg.news\/index.php?rest_route=%2Fwp%2Fv2%2Fmedia&parent=19938"}],"wp:term":[{"taxonomy":"category","embeddable":true,"href":"http:\/\/marburg.news\/index.php?rest_route=%2Fwp%2Fv2%2Fcategories&post=19938"},{"taxonomy":"post_tag","embeddable":true,"href":"http:\/\/marburg.news\/index.php?rest_route=%2Fwp%2Fv2%2Ftags&post=19938"}],"curies":[{"name":"wp","href":"https:\/\/api.w.org\/{rel}","templated":true}]}}