{"id":19937,"date":"2026-04-24T13:45:00","date_gmt":"2026-04-24T11:45:00","guid":{"rendered":"http:\/\/marburg.news\/?p=19937"},"modified":"2026-04-24T13:45:00","modified_gmt":"2026-04-24T11:45:00","slug":"beschaedigung-nach-einem-unfall-sucht-die-polizei-einen-vw","status":"publish","type":"post","link":"http:\/\/marburg.news\/?p=19937","title":{"rendered":"Besch\u00e4digung: Nach einem Unfall sucht die Polizei einen VW"},"content":{"rendered":"<p>Ein VW mit Unfallschaden wird gesucht. Die Polizei bittet um Mithilfe. <!--more--><br \/>\nEin Jeep-Fahrer meldete sich selbst bei der Polizei und gab an, am Mittwoch (22. April) gegen 13.30 Uhr im Parkhaus des Erlenring Centers einen dunklen VW besch\u00e4digt zu haben. Dieser Wagen parkte r\u00fcckw\u00e4rts in einer Parkl\u00fccke. Beim Einparken touchierte der Jeep die rechte Front des VW.<br \/>\nDer Jeep-Fahrer wartete zun\u00e4chst auf eine verantwortliche Person. Anschlie\u00dfend verlie\u00df er das Parkhaus. Ein Kennzeichen notierte er sich nicht. Die Polizei Marburg bittet den Fahrzeughalter des dunklen VW, sich unter der Telefonnummer 06421\/406-0 zu melden.<\/p>\n<p>* pm: Polizei Marburg<\/p>\n","protected":false},"excerpt":{"rendered":"<p>Ein VW mit Unfallschaden wird gesucht. Die Polizei bittet um Mithilfe.<\/p>\n","protected":false},"author":2,"featured_media":0,"comment_status":"closed","ping_status":"open","sticky":false,"template":"","format":"standard","meta":{"advanced_seo_description":"","spay_email":"","jetpack_publicize_message":"","jetpack_is_tweetstorm":false,"jetpack_publicize_feature_enabled":true},"categories":[6],"tags":[1029,16,40],"jetpack_featured_media_url":"","jetpack_publicize_connections":[],"jetpack_sharing_enabled":true,"jetpack_shortlink":"https:\/\/wp.me\/p8mhvd-5bz","jetpack-related-posts":[{"id":8097,"url":"http:\/\/marburg.news\/?p=8097","url_meta":{"origin":19937,"position":0},"title":"Zweifache Fahndung: Unfallflucht am Richtsberg und in Cappel","date":"8. November 2021","format":false,"excerpt":"Nach einer Unfallflucht am Sonntag (7. November) kurz nach 8 Uhr \"Am Richtsberg\" sucht die Polizei Zeugen. Ein grauer VW Golf war von der Stra\u00dfe abgekommen. Zun\u00e4chst hatte er ein geparktes Auto touchiert und prallte dann vehement gegen ein Einfahrtstor eines Anwesens. Bei dem Unfall entstand ein Gesamtschaden in f\u00fcnfstelliger\u2026","rel":"","context":"In &quot;Sonstiges&quot;","img":{"alt_text":"","src":"","width":0,"height":0},"classes":[]},{"id":17757,"url":"http:\/\/marburg.news\/?p=17757","url_meta":{"origin":19937,"position":1},"title":"F\u00fcr Fahrerverst\u00e4ndigung: Unfallflucht unweit vom Spiegelslustturm","date":"31. M\u00e4rz 2025","format":false,"excerpt":"Ein unbekannter Mann in einem dunklen VW befuhr am Samstag (29. M\u00e4rz) den Hermann-Bauer-Weg. Er kam aus Richtung des Spiegelslustturms. Die Fahrerin eines grauen Ford Fiesta befuhr die Gegenrichtung und hielt rechts an, um den VW in der schmalen Stra\u00dfe passieren zu lassen. Dabei kam es gegen 13.55 Uhr zu\u2026","rel":"","context":"In &quot;Sonstiges&quot;","img":{"alt_text":"","src":"","width":0,"height":0},"classes":[]},{"id":8039,"url":"http:\/\/marburg.news\/?p=8039","url_meta":{"origin":19937,"position":2},"title":"Vier F\u00e4lle: Unfallflucht an Sportplatz, in Parkhaus, der Oberstadt und im Feld","date":"2. November 2021","format":false,"excerpt":"Ein Unbekannter touchierte einen silbernen VW. Zwischen Freitag (29. Oktober) nach 18 Uhr und Sonntag (31. Oktober) vor 17 Uhr stand er am Sportplatz Wehrda an der C\u00f6lber Stra\u00dfe. Bei dem Unfall entstand ein Schaden von etwa 1.000 Euro, der Verursacher entfernte sich unerlaubt. Da im angegebenen Zeitraum mehrere Veranstaltungen\u2026","rel":"","context":"In &quot;Sonstiges&quot;","img":{"alt_text":"","src":"","width":0,"height":0},"classes":[]},{"id":12644,"url":"http:\/\/marburg.news\/?p=12644","url_meta":{"origin":19937,"position":3},"title":"In Marburg: Vier weitere F\u00e4lle von Unfallflucht","date":"22. Mai 2023","format":false,"excerpt":"Nach mehreren Unfallfluchten sucht die Polizei Zeugen und bittet um Hinweise. Insgesamt dreht es sich dabei um vier F\u00e4lle. Eine Unfallflucht auf dem Parkplatz eines Anwesens an der Friedrich-Ebert-Stra\u00dfe erfolgte zwischen Donnerstag (18. Mai) nach 19 Uhr und Freitag, 19. Mai) vor 7.20 Uhr. Betroffen von einem Schaden mit mehreren\u2026","rel":"","context":"In &quot;Sonstiges&quot;","img":{"alt_text":"","src":"","width":0,"height":0},"classes":[]},{"id":8551,"url":"http:\/\/marburg.news\/?p=8551","url_meta":{"origin":19937,"position":4},"title":"Bei Klinikbesuch: Unfallflucht im Parkhaus Baldingerstra\u00dfe","date":"14. Januar 2022","format":false,"excerpt":"Nach einer Unfallflucht im Parkhaus an der Baldingerstra\u00dfe bittet die Polizei um sachdienliche Hinweise. Hinten rechts an Kotfl\u00fcgel und Sto\u00dfstange eines wei\u00dfen VW Golf Sportsvan entstand am Mittwoch (12. Januar) ein Schaden von mindestens 2.000 Euro. Als der Autobesitzer nach dem Kliniktermin zu seinem Auto zur\u00fcckkehrte, fand er keinen Hinweis\u2026","rel":"","context":"In &quot;Sonstiges&quot;","img":{"alt_text":"","src":"","width":0,"height":0},"classes":[]},{"id":17214,"url":"http:\/\/marburg.news\/?p=17214","url_meta":{"origin":19937,"position":5},"title":"Trafficstories: Erneut zwei F\u00e4lle von Unfallflucht","date":"19. Dezember 2024","format":false,"excerpt":"Vermutlich beim Ein- oder Ausparken touchierte ein Auto im Parkhaus Erlenring-Center einen schwarzen Mazda 3. Anstatt sich um den Schaden von gesch\u00e4tzt 400 Euro zu k\u00fcmmern, entfernte sich der Verursacher am Montag (16. Dezember) zwischen 23. 35 und 23.55 Uhr unerlaubt. Einen wei\u00dfen VW Caddy touchierte ein unbekannter Autofahrer am\u2026","rel":"","context":"In &quot;Sonstiges&quot;","img":{"alt_text":"","src":"","width":0,"height":0},"classes":[]}],"_links":{"self":[{"href":"http:\/\/marburg.news\/index.php?rest_route=\/wp\/v2\/posts\/19937"}],"collection":[{"href":"http:\/\/marburg.news\/index.php?rest_route=\/wp\/v2\/posts"}],"about":[{"href":"http:\/\/marburg.news\/index.php?rest_route=\/wp\/v2\/types\/post"}],"author":[{"embeddable":true,"href":"http:\/\/marburg.news\/index.php?rest_route=\/wp\/v2\/users\/2"}],"replies":[{"embeddable":true,"href":"http:\/\/marburg.news\/index.php?rest_route=%2Fwp%2Fv2%2Fcomments&post=19937"}],"version-history":[{"count":0,"href":"http:\/\/marburg.news\/index.php?rest_route=\/wp\/v2\/posts\/19937\/revisions"}],"wp:attachment":[{"href":"http:\/\/marburg.news\/index.php?rest_route=%2Fwp%2Fv2%2Fmedia&parent=19937"}],"wp:term":[{"taxonomy":"category","embeddable":true,"href":"http:\/\/marburg.news\/index.php?rest_route=%2Fwp%2Fv2%2Fcategories&post=19937"},{"taxonomy":"post_tag","embeddable":true,"href":"http:\/\/marburg.news\/index.php?rest_route=%2Fwp%2Fv2%2Ftags&post=19937"}],"curies":[{"name":"wp","href":"https:\/\/api.w.org\/{rel}","templated":true}]}}