{"id":19936,"date":"2026-04-24T12:40:00","date_gmt":"2026-04-24T10:40:00","guid":{"rendered":"http:\/\/marburg.news\/?p=19936"},"modified":"2026-04-24T12:40:00","modified_gmt":"2026-04-24T10:40:00","slug":"konstituierung-fraktion-die-linke-im-kreistag","status":"publish","type":"post","link":"http:\/\/marburg.news\/?p=19936","title":{"rendered":"Konstituierung: Fraktion Die Linke im Kreistag"},"content":{"rendered":"<p>Die Fraktion &#8222;Die Linke im Kreistag&#8220; hat sich am Dienstag (14. April) konstituiert. Das Ergebnis dieser Sitzung hat sie am Freitag (24. April) bekanntgegeben. <!--more--><br \/>\nDie Fraktion &#8222;Die Linke Marburg-Biedenkopf&#8220; hat sich am Dienstag (14. April) konstituiert. Nach einem starken Wahlergebnis von 8,5 Prozent ist sie mit sieben Mitgliedern im Kreistag vertreten. Die Vertreter*innen w\u00e4hlten einstimmig Anna Hofmann und Dominik Osman Hechler zu ihren Fraktionsvorsitzenden.<br \/>\nHofmann betonte nach ihrer Wahl, dass sie sich gemeinsam mit ihrer Fraktion &#8222;gegen drohenden Sozialkahlschlag wenden und f\u00fcr Frieden, \u00f6kologische und soziale Nachhaltigkeit&#8220; einsetzen wird. Hechler f\u00fcgte hinzu: &#8222;Mein Ziel als Co-Fraktionsvorsitzender ist es, die Fraktion im Landkreis Marburg-Biedenkopf strategisch weiterzuentwickeln und die Repr\u00e4sentation von Migrant*innen nachhaltig zu st\u00e4rken.&#8220; Die Fraktion k\u00fcndigte an, sich in der kommenden Legislaturperiode insbesondere f\u00fcr niedrige Mieten, einen guten \u00f6ffentlichen Nahverkehr und lebenswerte Kommunen einzusetzen.<\/p>\n<p>* pm: Die Linke Marburg-Biedenkopf<\/p>\n","protected":false},"excerpt":{"rendered":"<p>Die Fraktion &#8222;Die Linke im Kreistag&#8220; hat sich am Dienstag (14. April) konstituiert. Das Ergebnis dieser Sitzung hat sie am Freitag (24. April) bekanntgegeben.<\/p>\n","protected":false},"author":2,"featured_media":0,"comment_status":"closed","ping_status":"open","sticky":false,"template":"","format":"standard","meta":{"advanced_seo_description":"","spay_email":"","jetpack_publicize_message":"","jetpack_is_tweetstorm":false,"jetpack_publicize_feature_enabled":true},"categories":[2],"tags":[5721,739,280],"jetpack_featured_media_url":"","jetpack_publicize_connections":[],"jetpack_sharing_enabled":true,"jetpack_shortlink":"https:\/\/wp.me\/p8mhvd-5by","jetpack-related-posts":[{"id":419,"url":"http:\/\/marburg.news\/?p=419","url_meta":{"origin":19936,"position":0},"title":"TiSA-freie Zone: Linke mobilisiert gegen Freihandelsabkommen","date":"17. April 2017","format":false,"excerpt":"Eine Kampagne \"TiSA-freie Zone Marburg-Biedenkopf\" m\u00f6chte die Linke starten. Einen entsprechenden Antrag hat ihre Kreistagsfraktion am Montag (17. April) angek\u00fcndigt. \"TiSA ist noch schlimmer als TTIP oder CETA, denn die \u00f6ffentliche Daseinsvorsorge in den H\u00e4nden von St\u00e4dten, Gemeinden und Landkreisen wird durch dieses Handelsabkommen unmittelbar bedroht.\" Mit diesen Worten kommentierte\u2026","rel":"","context":"In &quot;Politik&quot;","img":{"alt_text":"","src":"","width":0,"height":0},"classes":[]},{"id":8839,"url":"http:\/\/marburg.news\/?p=8839","url_meta":{"origin":19936,"position":1},"title":"Gezielt unsichtbar: Linke kritisiert ge\u00e4nderte Sitzordnung im Kreistag","date":"25. Februar 2022","format":false,"excerpt":"Die Gro\u00dfe Koalition verweist die parlamentarische Demokratie auf Hinterb\u00e4nke. So kommentierte Die Linke im Kreistag die \u00c4nderung der Sitzordnung in der Stadthalle Stadtallendorf. Am Freitag (18. Februar) verk\u00fcndete der Kreistagsvorsitzende Detlef Ruffert, dass auf Wunsch von SPD und CDU die bew\u00e4hrte Sitzordnung in der Stadthalle Stadtallendorf ge\u00e4ndert werde. Die kleinen\u2026","rel":"","context":"In &quot;Politik&quot;","img":{"alt_text":"","src":"","width":0,"height":0},"classes":[]},{"id":15352,"url":"http:\/\/marburg.news\/?p=15352","url_meta":{"origin":19936,"position":2},"title":"Malizi\u00f6s mitspielen: Neue Fraktion zu ihrer Rolle in der StVV","date":"9. April 2024","format":false,"excerpt":"Die neue Fraktion \"Die Linke\" im Stadtparlament hat ihre Arbeit aufgenommen. In einer Erkl\u00e4rung nahm sie am Dienstag (9. April) noch einmal Stellung zu ihrer Rolle in der Stadtverordnetenversammlung (StVV). wenige Tage vor der Februar-Sitzung der StVV hatte sich die neue Fraktion \"Die Linke\" unabh\u00e4ngig von der bisherigen Fraktion \"Marburger\u2026","rel":"","context":"In &quot;Politik&quot;","img":{"alt_text":"","src":"","width":0,"height":0},"classes":[]},{"id":12694,"url":"http:\/\/marburg.news\/?p=12694","url_meta":{"origin":19936,"position":3},"title":"Gegen Bombendrohung: Antrag an Kreistag zu Zuckerfest","date":"30. Mai 2023","format":false,"excerpt":"Die LINKE begr\u00fc\u00dft den Antrag \"F\u00fcr ein friedliches Miteinander\" zur Kreistagssitzung am Freitag (2. Juni). Er verurteilt die Bombendrohung beim Zuckerfest. Der Kreisvorstand der Partei \"Die Linke\" begr\u00fc\u00dft den Antrag der Fraktion \"Die Linke im Kreistag Marburg-Biedenkopf\". Nachdem die Stadtverordnetenversammlung (StVV) bei ihrer Sitzung am Freitag (12. Mai) schon einem\u2026","rel":"","context":"In &quot;Politik&quot;","img":{"alt_text":"","src":"","width":0,"height":0},"classes":[]},{"id":14849,"url":"http:\/\/marburg.news\/?p=14849","url_meta":{"origin":19936,"position":4},"title":"Neue Gr\u00fcndung: Fraktion Die Linke in der  StVV","date":"1. Februar 2024","format":false,"excerpt":"Der Kreisvorstand der Partei Die Linke Marburg-Biedenkopf spricht sich im Einvernehmen mit ihren drei Stadtverordneten und dem Magistratsmitglied daf\u00fcr aus, eine eigene Fraktion der Partei Die Linke in der Stadtverordnetenversammlung (StVV) zu bilden. Sie fordert von den verbliebenen Mitgliedern der Fraktion Marburger Linke, diese umzubenennen, da bei den n\u00e4chsten Kommunalwahlen\u2026","rel":"","context":"In &quot;Politik&quot;","img":{"alt_text":"","src":"","width":0,"height":0},"classes":[]},{"id":420,"url":"http:\/\/marburg.news\/?p=420","url_meta":{"origin":19936,"position":5},"title":"Gut f\u00fcr Projekte: Linke fordert &#8222;F\u00f6rder-Scout&#8220; f\u00fcr den Landkreis","date":"18. April 2017","format":false,"excerpt":"Einen \"F\u00f6rder-Scout\" w\u00fcnscht sich die Linke im Kreistag. Einen Antrag zum Aufbau einer entsprechenden Datenbank mit F\u00f6rderm\u00f6glichkeiten hat sie in den Kreistag eingebracht. B\u00fcrgerbeteiligung lebe von Eigeninitiative. Sie sto\u00dfe jedoch schnell an Grenzen, weil der Dschungel an F\u00f6rderm\u00f6glichkeiten sowie den konkreten Vorschriften und Gesetzen f\u00fcr die Einzelnen schier undurchdringlich sei.\u2026","rel":"","context":"In &quot;Kultur&quot;","img":{"alt_text":"","src":"","width":0,"height":0},"classes":[]}],"_links":{"self":[{"href":"http:\/\/marburg.news\/index.php?rest_route=\/wp\/v2\/posts\/19936"}],"collection":[{"href":"http:\/\/marburg.news\/index.php?rest_route=\/wp\/v2\/posts"}],"about":[{"href":"http:\/\/marburg.news\/index.php?rest_route=\/wp\/v2\/types\/post"}],"author":[{"embeddable":true,"href":"http:\/\/marburg.news\/index.php?rest_route=\/wp\/v2\/users\/2"}],"replies":[{"embeddable":true,"href":"http:\/\/marburg.news\/index.php?rest_route=%2Fwp%2Fv2%2Fcomments&post=19936"}],"version-history":[{"count":0,"href":"http:\/\/marburg.news\/index.php?rest_route=\/wp\/v2\/posts\/19936\/revisions"}],"wp:attachment":[{"href":"http:\/\/marburg.news\/index.php?rest_route=%2Fwp%2Fv2%2Fmedia&parent=19936"}],"wp:term":[{"taxonomy":"category","embeddable":true,"href":"http:\/\/marburg.news\/index.php?rest_route=%2Fwp%2Fv2%2Fcategories&post=19936"},{"taxonomy":"post_tag","embeddable":true,"href":"http:\/\/marburg.news\/index.php?rest_route=%2Fwp%2Fv2%2Ftags&post=19936"}],"curies":[{"name":"wp","href":"https:\/\/api.w.org\/{rel}","templated":true}]}}