{"id":19935,"date":"2026-04-24T11:45:00","date_gmt":"2026-04-24T09:45:00","guid":{"rendered":"http:\/\/marburg.news\/?p=19935"},"modified":"2026-04-24T11:45:00","modified_gmt":"2026-04-24T09:45:00","slug":"lesung-jakob-der-luegner-im-staatsarchiv","status":"publish","type":"post","link":"http:\/\/marburg.news\/?p=19935","title":{"rendered":"Lesung: Jakob der L\u00fcgner im Staatsarchiv"},"content":{"rendered":"<p>&#8222;Jakob der L\u00fcgner&#8220; hei\u00dft eine musikalische Lesung zum 8. Mai 1945. <!--more--><br \/>\nAnl\u00e4sslich des Jahrestags der Beendigung des Krieges in Europa pr\u00e4sentieren &#8222;musica europa&#8220; und das Netzwerk &#8222;feindsender 2.0&#8220; eine szenische und musikalische Lesung. Im Mittelpunkt steht die Figur Jakob Heym aus Jurek Beckers Roman &#8222;Jakob der L\u00fcgner&#8220;, der in einem Ghetto durch eine erfundene Radiobotschaft Hoffnung spendet. Seine L\u00fcge rettet Leben, indem sie Zuversicht schenkt. Damit wird sie zur letzten Form von Menschlichkeit im Angesicht der Vernichtung.<br \/>\nIm historischen Treppenhaus des Staatsarchivs Marburg wird durch die Verbinddung von Sprache, Gesang, Klang und Raum der Auff\u00fchrungsort selbst zur Resonanzfl\u00e4che und die Erz\u00e4hlung zu einem eindringlichen Erlebnis. Dabei wird der 8. Mai als Tag der Befreiung aufgegriffen und die Frage gestellt, wie Erinnerung heute lebendig gehalten werden kann. Inszenierung und Textfassung stammen von Kerstin Wei\u00df. Erz\u00e4hler ist Dr. Hans Josef Sch\u00f6neberger. Lilli Kirell singt.<br \/>\nAuff\u00fchrungen finden am Freitag (8. Mai) und Mittwoch (20. Mai) jeweils um 18 Uhr im Hessischen Staatsarchiv Marburg am Friedrichsplatz statt. gef\u00f6rdert wird das Programm von staatsarchiv marburg, der Universit\u00e4tsstadt Marburg und der Sparkasse Marburg-Biedenkopf (SKMB).<\/p>\n<p>* pm: Hessisches Staatsarchiv Marburg<\/p>\n","protected":false},"excerpt":{"rendered":"<p>&#8222;Jakob der L\u00fcgner&#8220; hei\u00dft eine musikalische Lesung zum 8. Mai 1945.<\/p>\n","protected":false},"author":2,"featured_media":0,"comment_status":"closed","ping_status":"open","sticky":false,"template":"","format":"standard","meta":{"advanced_seo_description":"","spay_email":"","jetpack_publicize_message":"","jetpack_is_tweetstorm":false,"jetpack_publicize_feature_enabled":true},"categories":[3],"tags":[7502,7503,438],"jetpack_featured_media_url":"","jetpack_publicize_connections":[],"jetpack_sharing_enabled":true,"jetpack_shortlink":"https:\/\/wp.me\/p8mhvd-5bx","jetpack-related-posts":[{"id":17526,"url":"http:\/\/marburg.news\/?p=17526","url_meta":{"origin":19935,"position":0},"title":"Schwarz statt Spannung: Krimilesung mit Tim Fr\u00fchling am Richtsberg","date":"17. Februar 2025","format":false,"excerpt":"Eine Krimi-Lesung im BBGZ mit Tim Fr\u00fchling hat die Stadt am Montag (17. Februar) angek\u00fcndigt. Stattfinden soll sie am Freitag (28. Februar). Ein sommerlicher Wander-Krimi trifft auf schwarzen Humor: Autor und Moderator Tim Fr\u00fchling liest am Freitag (28. Februar) um 19 Uhr im Beratungs- und Begegnungszentrum (BBGZ) am Richtsberg aus\u2026","rel":"","context":"In &quot;Kultur&quot;","img":{"alt_text":"","src":"","width":0,"height":0},"classes":[]},{"id":17566,"url":"http:\/\/marburg.news\/?p=17566","url_meta":{"origin":19935,"position":1},"title":"Buch bewegt: Lesung \u00fcber j\u00fcdische Kinder und Jugendliche","date":"24. Februar 2025","format":false,"excerpt":"Das Kinder- und Jugendparlament (KiJuPa) gibt j\u00fcdischen Kindern und Jugendlichen aus der NS-Zeit eine Stimme. Das geschieht bei einer Lesung am Sonntag (16. M\u00e4rz). Was haben j\u00fcdische Kinder und Jugendliche in der Zeit des Nationalsozialismus erleben m\u00fcssen? Wie haben sie auf der Flucht, in Verstecken, in Ghettos oder in Konzentrationslagern\u2026","rel":"","context":"In &quot;Bildung&quot;","img":{"alt_text":"","src":"","width":0,"height":0},"classes":[]},{"id":8626,"url":"http:\/\/marburg.news\/?p=8626","url_meta":{"origin":19935,"position":2},"title":"Holocaust-Gedenktag: Am 27. Januar Lesung zu Ravensbr\u00fcck","date":"24. Januar 2022","format":false,"excerpt":"Zum Gedenken an NS-Opfer wehen die Flaggen am Donnerstag (27. Januar) auf halbmast. Zudem f\u00fchrt die Volkshochschule eine Lesung zum KZ Ravensbr\u00fcck durch. Die Flaggen am Rathaus sowie an weiteren \u00f6ffentlichen Geb\u00e4uden der Stadt wehen am Donnerstag (27. Januar) auf halbmast. Erinnert wird damit an die Opfer des Nationalsozialismus. Das\u2026","rel":"","context":"In &quot;Bildung&quot;","img":{"alt_text":"","src":"","width":0,"height":0},"classes":[]},{"id":11150,"url":"http:\/\/marburg.news\/?p=11150","url_meta":{"origin":19935,"position":3},"title":"Zum Volkstrauertag: Lesung zur Finissage von &#8222;Wounded&#8220;","date":"7. November 2022","format":false,"excerpt":"Zum Volkstrauertag hat die Stadt eine Lesung mit der Autorin Stefanie vor Schulte organisiert. Sie liest bei der Finissage f\u00fcr \"Wounded\" von Bryan Adams am Sonntag (13. November). Neue Wege geht die Stadt Marburg zum Volkstrauertag am Sonntag (13. November). Aus diesem Anlass hat sie bereits die international bekannte Ausstellung\u2026","rel":"","context":"In &quot;Kultur&quot;","img":{"alt_text":"","src":"","width":0,"height":0},"classes":[]},{"id":12437,"url":"http:\/\/marburg.news\/?p=12437","url_meta":{"origin":19935,"position":4},"title":"Zu Lesungen: Marburger Lesefest f\u00fcr Kinder","date":"24. April 2023","format":false,"excerpt":"Das Marburger Lesefest findet vom 3. bis 10. Mai in der Stadtb\u00fccherei statt. Zur Er\u00f6ffnung gibt es eine Lesung f\u00fcr Kinder. Das Marburger Lesefest findet von Mittwoch (3. Mai) bis Mittwoch (10. Mai) statt. Sowohl die offizielle Er\u00f6ffnung als auch eine Lesung f\u00fcr Kinder veranstaltet die Stadtb\u00fccherei am Mittwoch (3.\u2026","rel":"","context":"In &quot;Bildung&quot;","img":{"alt_text":"","src":"","width":0,"height":0},"classes":[]},{"id":17634,"url":"http:\/\/marburg.news\/?p=17634","url_meta":{"origin":19935,"position":5},"title":"Dorothea Gr\u00fcnzweig: Gedichte aus dem Herzland von Licht und Dunkel","date":"8. M\u00e4rz 2025","format":false,"excerpt":"Die Lyrikerin Dorothea Gr\u00fcnzweig liest in Marburg. Am Samstag (15. M\u00e4rz) pr\u00e4sentiert sie im Theater neben dem Turm um 19.30 Uhr ihre Gedichte aus dem Herzland von Licht und Dunkel. Dass eine deutsche Schriftstellerin und ein deutscher Pfarrer in Finnland aufeinandertreffen, Freunde werden und er sie Jahre sp\u00e4ter zu einer\u2026","rel":"","context":"In &quot;Kultur&quot;","img":{"alt_text":"","src":"","width":0,"height":0},"classes":[]}],"_links":{"self":[{"href":"http:\/\/marburg.news\/index.php?rest_route=\/wp\/v2\/posts\/19935"}],"collection":[{"href":"http:\/\/marburg.news\/index.php?rest_route=\/wp\/v2\/posts"}],"about":[{"href":"http:\/\/marburg.news\/index.php?rest_route=\/wp\/v2\/types\/post"}],"author":[{"embeddable":true,"href":"http:\/\/marburg.news\/index.php?rest_route=\/wp\/v2\/users\/2"}],"replies":[{"embeddable":true,"href":"http:\/\/marburg.news\/index.php?rest_route=%2Fwp%2Fv2%2Fcomments&post=19935"}],"version-history":[{"count":0,"href":"http:\/\/marburg.news\/index.php?rest_route=\/wp\/v2\/posts\/19935\/revisions"}],"wp:attachment":[{"href":"http:\/\/marburg.news\/index.php?rest_route=%2Fwp%2Fv2%2Fmedia&parent=19935"}],"wp:term":[{"taxonomy":"category","embeddable":true,"href":"http:\/\/marburg.news\/index.php?rest_route=%2Fwp%2Fv2%2Fcategories&post=19935"},{"taxonomy":"post_tag","embeddable":true,"href":"http:\/\/marburg.news\/index.php?rest_route=%2Fwp%2Fv2%2Ftags&post=19935"}],"curies":[{"name":"wp","href":"https:\/\/api.w.org\/{rel}","templated":true}]}}