{"id":19934,"date":"2026-04-24T10:15:00","date_gmt":"2026-04-24T08:15:00","guid":{"rendered":"http:\/\/marburg.news\/?p=19934"},"modified":"2026-04-24T10:15:00","modified_gmt":"2026-04-24T08:15:00","slug":"wettbewerb-uni-beteiligt-sich-beim-abpflastern","status":"publish","type":"post","link":"http:\/\/marburg.news\/?p=19934","title":{"rendered":"Wettbewerb: Uni beteiligt sich beim Abpflastern"},"content":{"rendered":"<p>Neben der Stadt beteiligt sich auch die Uni beim &#8222;Abpflastern&#8220;. Helferinnen und Helfer bepflanzen eine Fl\u00e4che am Pilgrimstein. <!--more--><br \/>\nDie Philipps-Universit\u00e4t Marburg beteiligt sich am bundesweiten Wettbewerb &#8222;Abpflastern&#8220;. Damit setzt sie ein Zeichen f\u00fcr Klimaanpassung und nachhaltige Stadtentwicklung. Am Donnerstag (23. April) wurde eine entsiegelte Fl\u00e4che am Pilgrimstein von Studierenden, Auszubildenden und Mitarbeitenden der Universit\u00e4t bepflanzt. An Infost\u00e4nden des &#8222;Green Offices&#8220;, Marburg Goes Green und dem MaterialZentrum konnten sich Interessierte dar\u00fcber hinaus zum aktuellen Stand des &#8222;Abpflasterns&#8220; in Marburg und zu Handlungsm\u00f6glichkeiten informieren.<br \/>\nBereits Ende M\u00e4rz wurde die Fl\u00e4che vorbereitet: Die vormals versiegelte Fl\u00e4che aus Pflaster- und Belagsmaterial wurde Schritt f\u00fcr Schritt zur\u00fcckgebaut, sodass der Boden freigelegt und f\u00fcr eine neue Bepflanzung vorbereitet werden konnte. Damit wurde die Grundlage geschaffen, um den Bereich \u00f6kologisch aufzuwerten und k\u00fcnftig Regenwasser wieder besser versickern zu lassen sowie neue Gr\u00fcnstrukturen zu entwickeln.<br \/>\nInitiiert wurde die Aktion vom &#8222;Green Office&#8220; der Philipps-Universit\u00e4t. Gemeinsam mit engagierten Studierenden, Auszubildenden, Mitarbeitenden und weiteren Beteiligten wurde eine Fl\u00e4che am Geb\u00e4ude des Deutschen Dokumentationszentrums f\u00fcr Kunstgeschichte &#8211; Bildarchiv Foto Marburg (DDK) hin zum Pilgrimstein umgestaltet. Dabei unterst\u00fctzte der Botanische Garten Marburg die Planung und fachliche Anleitung der Bepflanzung. Dort wurden geeignete, standortgerechte und insektenfreundliche Pflanzen ausgew\u00e4hlt und in die Fl\u00e4che eingebracht.<br \/>\nDie Studierenden konnten dabei nicht nur praktisch mitarbeiten, sondern auch wertvolle g\u00e4rtnerische Erfahrungen sammeln: Welche Pflanzenarten eignen sich f\u00fcr innerst\u00e4dtische Standorte? Wie wird eine Fl\u00e4che sinnvoll vorbereitet, bepflanzt und dauerhaft gepflegt? Diese Fragen wurden direkt vor Ort praktisch vermittelt und gemeinsam erprobt. Auch die Auszubildenden der Universit\u00e4t unterst\u00fctzten die Aktion tatkr\u00e4ftig und brachten sich in die praktischen Arbeiten ein.<br \/>\n&#8222;Mit der Entsiegelung am Pilgrimstein wollten wir ganz konkret zeigen, wie Klimaschutz im urbanen Raum praktisch umgesetzt werden kann&#8220;, erkl\u00e4rte Enya Blank vom Green Office. &#8222;So kann St\u00fcck f\u00fcr St\u00fcck zu einer sozial-\u00f6kologischen Transformation beigetragen werden. Besonders wichtig war uns, Studierende aktiv einzubinden und ihnen die M\u00f6glichkeit zu geben, selbst zu erleben, wie aus einer versiegelten Fl\u00e4che ein lebendiger, \u00f6kologisch wertvoller Ort entsteht&#8220;.&#8220;<br \/>\nDie Entsiegelung und Begr\u00fcnung am Pilgrimstein sei ein gutes Beispiel daf\u00fcr, wie Klimaschutz und Nachhaltigkeit im Hochschulalltag praktisch umgesetzt werden k\u00f6nnen, erl\u00e4uterte Klimaschutzmanagerin Ling Guo von der Philipps-Universit\u00e4t: &#8222;Ich freue mich sehr \u00fcber die Initiative des Green Office und dass so viele Menschen an der Universit\u00e4t bereit sind, sich aktiv f\u00fcr Nachhaltigkeit einzusetzen.&#8220;<br \/>\nVersiegelte Fl\u00e4chen aus Asphalt, Beton oder dicht verlegtem Pflaster heizen sich im Sommer stark auf und erschweren die Versickerung von Regenwasser. Entsiegelte B\u00f6den dagegen speichern Wasser, k\u00fchlen ihre Umgebung und f\u00f6rdern die biologische Vielfalt. Gerade in Zeiten des Klimawandels mit zunehmenden Hitzeperioden und Starkregenereignissen leisten entsiegelte Fl\u00e4chen einen wichtigen Beitrag zu einer klimaresilienten Stadt. Dabei k\u00f6nnen schon kleine Fl\u00e4chen sp\u00fcrbare Unterschiede bewirken.<br \/>\n&#8222;Abpflastern&#8220; Ist ein bundesweiter Wettbewerb. Initiiert wurde er von der Hochschule f\u00fcr Gesellschaftsgestaltung in Koblenz, der von Privathaushalten bis Stadtverwaltungen alle dazu motiviert, versiegelte Fl\u00e4chen zu entsiegeln und damit \u00f6kologische Bodenfunktionen wiederherzustellen. Weitere Informationen dazu gibt es auf <a href=\"http:\/\/www.abpflastern.de\">www.abpflastern.de<\/a>.<\/p>\n<p>* pm: Philipps-Universit\u00e4t Marburg<\/p>\n","protected":false},"excerpt":{"rendered":"<p>Neben der Stadt beteiligt sich auch die Uni beim &#8222;Abpflastern&#8220;. Helferinnen und Helfer bepflanzen eine Fl\u00e4che am Pilgrimstein.<\/p>\n","protected":false},"author":2,"featured_media":0,"comment_status":"closed","ping_status":"open","sticky":false,"template":"","format":"standard","meta":{"advanced_seo_description":"","spay_email":"","jetpack_publicize_message":"","jetpack_is_tweetstorm":false,"jetpack_publicize_feature_enabled":true},"categories":[2,4],"tags":[7439,6216,6354],"jetpack_featured_media_url":"","jetpack_publicize_connections":[],"jetpack_sharing_enabled":true,"jetpack_shortlink":"https:\/\/wp.me\/p8mhvd-5bw","jetpack-related-posts":[{"id":19783,"url":"http:\/\/marburg.news\/?p=19783","url_meta":{"origin":19934,"position":0},"title":"Stadt und Klima: Mitmachen beim Wettbewerb &#8222;Abpflastern&#8220;","date":"26. M\u00e4rz 2026","format":false,"excerpt":"Die Stadt Marburg beteiligt sich an Wettbewerb \"Abpflastern\". Damit tritt sie f\u00fcr ein besseres Stadtklima ein. Die Entsiegelung von Fl\u00e4chen verbessert unter anderem die Speicherung von Regenwasser im Boden und f\u00f6rdert Abk\u00fchlung bei Hitze. Mit der Teilnahme am Wettbewerb \"Abpflastern\" m\u00f6chte die Stadt Marburg auf die Vorteile des Entsiegelns aufmerksam\u2026","rel":"","context":"In &quot;Politik&quot;","img":{"alt_text":"","src":"","width":0,"height":0},"classes":[]},{"id":4104,"url":"http:\/\/marburg.news\/?p=4104","url_meta":{"origin":19934,"position":1},"title":"Umgepflanzt: Alter Botanischer Garten wird erneuert","date":"17. August 2019","format":false,"excerpt":"Der Alte Botanische Garten wird umgestaltet. Das hat die Philipps-Universit\u00e4t am Freitag (16. August) angek\u00fcndigt. Mitte August beginnt die Umsetzung des Parkpflegewerks f\u00fcr den Alten Botanischen Garten. Das ist \"die gute Nachricht der Woche\". Die ersten beiden Schritte zur Umsetzung werden der Abbau des Duft- und Tastgartens sowie die ansprechendere\u2026","rel":"","context":"In &quot;Soziales&quot;","img":{"alt_text":"","src":"","width":0,"height":0},"classes":[]},{"id":14979,"url":"http:\/\/marburg.news\/?p=14979","url_meta":{"origin":19934,"position":2},"title":"Gespr\u00e4chswettbewerg gewinnen: Zwei Marburger belegten zweiten Platz in Paris","date":"16. Februar 2024","format":false,"excerpt":"Ein Marburger Team stand im Finale beim internationalen Mediationswettbewerb in Paris. Die Studierenden haben dort den zweiten Platz belegt. Den zweiten Platz in der \"ICC Mediation Competition\" haben Julius Rabba und Klara Zimmermann von der Philipps-Universit\u00e4t gewonnen. Als interdisziplin\u00e4res Team \u00fcberzeugten Jura-Student Julius Rabba und Klara Zimmermann, die interkulturelle Betriebswirtschaftslehre\u2026","rel":"","context":"In &quot;Bildung&quot;","img":{"alt_text":"","src":"","width":0,"height":0},"classes":[]},{"id":6389,"url":"http:\/\/marburg.news\/?p=6389","url_meta":{"origin":19934,"position":3},"title":"F\u00fcr die Bausubstanz: Uni hat Barockh\u00e4uschen am Barf\u00fc\u00dfertor saniert","date":"22. Januar 2021","format":false,"excerpt":"Das \"Barockh\u00e4uschen\" am Barf\u00fc\u00dfertor wurde saniert und umgebaut. Das Institut f\u00fcr Sportwissenschaften und Motologie hat das fr\u00fchere Torhaus der Uni-Reithalle bereits bezogen. Die Philipps-Universit\u00e4t hat das sogenannte \"Barockh\u00e4uschen\" am Barf\u00fc\u00dfertor denkmalgerecht saniert und um einen Anbau erweitert. Zum Jahresanfang wurden die letzten Arbeiten ausgef\u00fchrt. Die Mitarbeiterinnen und Mitarbeiter des Instituts\u2026","rel":"","context":"In &quot;Bildung&quot;","img":{"alt_text":"","src":"","width":0,"height":0},"classes":[]},{"id":19018,"url":"http:\/\/marburg.news\/?p=19018","url_meta":{"origin":19934,"position":4},"title":"Ausschreibung: Gemeinsame Exzellenz der Unis Marburg und Gie\u00dfen","date":"12. November 2025","format":false,"excerpt":"\"H_CORE\"nennt sich der Verbund in Mittelhessen im Wettbewerb um den Titel \"Exzellenzuniversit\u00e4t\". Die Universit\u00e4ten in Gie\u00dfen und Marburg habennihn gemeinsam eingereicht. Mit einem innovativen Vorhaben bewerben sich die beiden traditionsreichsten Universit\u00e4ten in Hessen gemeinsam um den begehrten Titel \"Exzellenzuniversit\u00e4t\". Die Justus-Liebig-Universit\u00e4t Gie\u00dfen (JLU) und die Philipps-Universit\u00e4t Marburg haben zum 12.\u2026","rel":"","context":"In &quot;Bildung&quot;","img":{"alt_text":"","src":"","width":0,"height":0},"classes":[]},{"id":9196,"url":"http:\/\/marburg.news\/?p=9196","url_meta":{"origin":19934,"position":5},"title":"Neue Ideen: Umgestaltung der Fl\u00e4che &#8222;Zur Wann&#8220; in Wehrda","date":"7. April 2022","format":false,"excerpt":"Wehrda sammelt Ideen f\u00fcr die Fl\u00e4che \"Zur Wann\". Sie ist ein Platz f\u00fcr viele W\u00fcnsche. Einen Platzutze f\u00fcr Generationen, f\u00fcr Sport, Freizeit und Bewegung w\u00fcnschen sich die Menschen in Wehrda f\u00fcr eine Fl\u00e4che unterhalb von Schule und Schwimmbad. Wie kann die Fl\u00e4che umgestaltet und wie k\u00f6nnen die verschiedenen Interessen der\u2026","rel":"","context":"In &quot;Politik&quot;","img":{"alt_text":"","src":"","width":0,"height":0},"classes":[]}],"_links":{"self":[{"href":"http:\/\/marburg.news\/index.php?rest_route=\/wp\/v2\/posts\/19934"}],"collection":[{"href":"http:\/\/marburg.news\/index.php?rest_route=\/wp\/v2\/posts"}],"about":[{"href":"http:\/\/marburg.news\/index.php?rest_route=\/wp\/v2\/types\/post"}],"author":[{"embeddable":true,"href":"http:\/\/marburg.news\/index.php?rest_route=\/wp\/v2\/users\/2"}],"replies":[{"embeddable":true,"href":"http:\/\/marburg.news\/index.php?rest_route=%2Fwp%2Fv2%2Fcomments&post=19934"}],"version-history":[{"count":0,"href":"http:\/\/marburg.news\/index.php?rest_route=\/wp\/v2\/posts\/19934\/revisions"}],"wp:attachment":[{"href":"http:\/\/marburg.news\/index.php?rest_route=%2Fwp%2Fv2%2Fmedia&parent=19934"}],"wp:term":[{"taxonomy":"category","embeddable":true,"href":"http:\/\/marburg.news\/index.php?rest_route=%2Fwp%2Fv2%2Fcategories&post=19934"},{"taxonomy":"post_tag","embeddable":true,"href":"http:\/\/marburg.news\/index.php?rest_route=%2Fwp%2Fv2%2Ftags&post=19934"}],"curies":[{"name":"wp","href":"https:\/\/api.w.org\/{rel}","templated":true}]}}